{"id":103466,"date":"2025-11-29T21:39:09","date_gmt":"2025-11-29T21:39:09","guid":{"rendered":"https:\/\/www.europesays.com\/fi\/103466\/"},"modified":"2025-11-29T21:39:09","modified_gmt":"2025-11-29T21:39:09","slug":"en-ymmarra-sellaista-heimoajattelua-bruce-dickinson-pohtii-miten-iron-maidenista-eroaminen-vaikutti-soolouraan","status":"publish","type":"post","link":"https:\/\/www.europesays.com\/fi\/103466\/","title":{"rendered":"&#8221;En ymm\u00e4rr\u00e4 sellaista heimoajattelua&#8221; &#8211; Bruce Dickinson pohtii, miten Iron Maidenist\u00e4 eroaminen vaikutti soolouraan"},"content":{"rendered":"<p>Tuoreessa <a href=\"https:\/\/www.loudersound.com\/news\/bruce-dickinson-on-fan-outcry-after-iron-maiden-exit-2025\" target=\"_blank\" rel=\"noreferrer noopener nofollow\">Metal Hammerin haastattelussa<\/a> <strong>Bruce Dickinson<\/strong> muistelee, miten h\u00e4nen eroamisensa <strong>Iron Maidenin<\/strong> riveist\u00e4 1993 oli monille faneille suuri j\u00e4rkytys ja miten se vaikutti h\u00e4nen seuraavana vuonna ilmestyneen Balls to Picasso -sooloalbumin kaupalliseen menestykseen.<\/p>\n<p>Dickinson oli julkaissut soolodebyyttins\u00e4 Tattooed Millionaire vuonna 1990 ollessaan viel\u00e4 Maideniss\u00e4 ja levy p\u00e4rj\u00e4si kohtalaisesti nousten laulajan kotimaassa albumilistan sijalle 14 ja Yhdysvalloissa sijalle 100 (Suomessa levy kipusi seitsem\u00e4nnelle sijalle). Balls to Picasson menestys j\u00e4i kuitenkin lukujen valossa heikommaksi ja se nousi Isossa-Britanniassa korkeimmillaan sijalle 21, Yhdysvalloissa 185 (Suomessa kuitenkin sijalle kuusi). Dickinsonin soolokeikatkaan eiv\u00e4t saaneet tuolloin aikaan valtaisia yleis\u00f6rynt\u00e4yksi\u00e4.<\/p>\n<p>\u201dVaimoni sanoi minulle siit\u00e4 my\u00f6hemmin: \u2019Ongelma oli siin\u00e4, ett\u00e4 kun l\u00e4hdit, sill\u00e4 ei ollut merkityst\u00e4 vaikka olisit tehnyt maailman parhaan levyn. Kukaan ei pystynyt kuuntelemaan sit\u00e4. Sille ei annettu mahdollisuutta, koska heille oli liikaa, ettet ollut en\u00e4\u00e4 Maideniss\u00e4&#8217;\u201d, Dickinson tuumaa.<\/p>\n<p>\u201dMin\u00e4 en ymm\u00e4rr\u00e4 sellaista. Samasta syyst\u00e4 en tue vaikkapa jotain jalkapallojoukkuetta. Kannatan aina parasta joukkuetta, en jotain yksitt\u00e4ist\u00e4 tietty\u00e4 joukkuetta. En ymm\u00e4rr\u00e4 sellaista heimoajattelua. Ymm\u00e4rr\u00e4n, ett\u00e4 sen vuoksi Maiden on niin rakastettu, mutta minulla on vaikeuksia l\u00f6yt\u00e4\u00e4 itsest\u00e4si tuollaista tapaa el\u00e4\u00e4 el\u00e4m\u00e4\u00e4ni.\u201d<\/p>\n<p>Lue my\u00f6s: <a href=\"https:\/\/www.inferno.fi\/uutiset\/minulla-ei-ole-sita-rajoitusta-bruce-dickinsonin-soolotuotanto-eroaa-yhdessa-asiassa-suuresti-iron-maidenista-ja-aivan-tarkoituksella\/\" title=\"\u201dMinulla ei ole sit\u00e4 rajoitusta\u201d \u2013 Bruce Dickinsonin soolotuotanto eroaa yhdess\u00e4 asiassa suuresti Iron Maidenist\u00e4 ja aivan tarkoituksella\" class=\"underline-custom !font-montserrat !font-bold !underline-offset-4 !decoration-4 !decoration-red-600 !text-md\" rel=\"nofollow noopener\" target=\"_blank\">\u201dMinulla ei ole sit\u00e4 rajoitusta\u201d \u2013 Bruce Dickinsonin soolotuotanto eroaa yhdess\u00e4 asiassa suuresti Iron Maidenist\u00e4 ja aivan tarkoituksella<\/a><\/p>\n<p>Lue my\u00f6s: <a href=\"https:\/\/www.inferno.fi\/live\/unohtumaton-ilta-raportti-ja-kuvat-bruce-dickinsonin-helsingin-keikalta\/\" title=\"Unohtumaton ilta \u2013 raportti ja kuvat Bruce Dickinsonin Helsingin-keikalta\" class=\"underline-custom !font-montserrat !font-bold !underline-offset-4 !decoration-4 !decoration-red-600 !text-md\" rel=\"nofollow noopener\" target=\"_blank\">Unohtumaton ilta \u2013 raportti ja kuvat Bruce Dickinsonin Helsingin-keikalta<\/a><\/p>\n<p>Nelj\u00e4n soololevyn j\u00e4lkeen Dickinson teki paluun Maidenin riveihin 1999. Samaan syssyyn paluun teki my\u00f6s Maidenist\u00e4 vuonna 1990 l\u00e4htenyt kitaristi <strong>Adrian Smith<\/strong>, joka oli ollut mukana Dickinsonin Accident of Birth\u2013 ja The Chemical Wedding -soololevyill\u00e4 (1997 ja 1998). Dickinsonin ja Smithin paluulevy Brave New World (2000) otettiinkin vastaan suurella l\u00e4mm\u00f6ll\u00e4.<\/p>\n<p>\u201dSe oli todellakin uusi uljas maailma meille ja toin pataan kaiken sen, mit\u00e4 olin oppinut ollessani poissa\u201d, Dickinson toteaa.<\/p>\n<p>\u201dJos en olisi palannut, Maiden jatkaisi yh\u00e4 \u2013 niin kauan kuin <strong>Steve <\/strong>(<strong>Harris<\/strong>, b\u00e4ndin basisti ja perustaja) haluaa keikkailla, Maiden jatkaa \u2013 mutta en ole varma, olisiko b\u00e4ndi nyt yht\u00e4 suuri kuin mit\u00e4 se nyt on.\u201d<\/p>\n<p><img loading=\"lazy\" decoding=\"async\" alt=\"YouTube video\" width=\"480\" height=\"360\" data-pin-nopin=\"true\" nopin=\"nopin\" class=\"perfmatters-lazy\" src=\"https:\/\/www.europesays.com\/fi\/wp-content\/uploads\/2025\/11\/1764452349_972_hqdefault.jpg\"\/><\/p>\n<p>Lue my\u00f6s: <a href=\"https:\/\/www.inferno.fi\/uutiset\/rehellisesti-puhuen-steve-harris-ei-suhtautunut-bruce-dickinsonin-paluuseen-taysin-varauksetta\/\" title=\"\u201dRehellisesti puhuen\u2026\u201d \u2013 Steve Harris ei suhtautunut Bruce Dickinsonin paluuseen t\u00e4ysin varauksetta\" class=\"underline-custom !font-montserrat !font-bold !underline-offset-4 !decoration-4 !decoration-red-600 !text-md\" rel=\"nofollow noopener\" target=\"_blank\">\u201dRehellisesti puhuen\u2026\u201d \u2013 Steve Harris ei suhtautunut Bruce Dickinsonin paluuseen t\u00e4ysin varauksetta<\/a><\/p>\n<p>Lue my\u00f6s: <a href=\"https:\/\/www.inferno.fi\/uutiset\/mika-erottaa-iron-maidenin-muista-bandeista-bruce-dickinson-kertoo-oman-nakemyksensa\/\" title=\"Mik\u00e4 erottaa Iron Maidenin muista b\u00e4ndeist\u00e4? Bruce Dickinson kertoo oman n\u00e4kemyksens\u00e4\" class=\"underline-custom !font-montserrat !font-bold !underline-offset-4 !decoration-4 !decoration-red-600 !text-md\" rel=\"nofollow noopener\" target=\"_blank\">Mik\u00e4 erottaa Iron Maidenin muista b\u00e4ndeist\u00e4? Bruce Dickinson kertoo oman n\u00e4kemyksens\u00e4<\/a><\/p>\n","protected":false},"excerpt":{"rendered":"Tuoreessa Metal Hammerin haastattelussa Bruce Dickinson muistelee, miten h\u00e4nen eroamisensa Iron Maidenin riveist\u00e4 1993 oli monille faneille suuri&hellip;\n","protected":false},"author":2,"featured_media":44004,"comment_status":"","ping_status":"","sticky":false,"template":"","format":"standard","meta":{"footnotes":""},"categories":[132],"tags":[137,33,31,30,195,47,17234,32,109],"class_list":{"0":"post-103466","1":"post","2":"type-post","3":"status-publish","4":"format-standard","5":"has-post-thumbnail","7":"category-musiikki","8":"tag-entertainment","9":"tag-fi","10":"tag-finland","11":"tag-finnish","12":"tag-music","13":"tag-musiikki","14":"tag-sooloura","15":"tag-suomi","16":"tag-viihde"},"share_on_mastodon":{"url":"https:\/\/pubeurope.com\/@fi\/115635156750726936","error":""},"_links":{"self":[{"href":"https:\/\/www.europesays.com\/fi\/wp-json\/wp\/v2\/posts\/103466","targetHints":{"allow":["GET"]}}],"collection":[{"href":"https:\/\/www.europesays.com\/fi\/wp-json\/wp\/v2\/posts"}],"about":[{"href":"https:\/\/www.europesays.com\/fi\/wp-json\/wp\/v2\/types\/post"}],"author":[{"embeddable":true,"href":"https:\/\/www.europesays.com\/fi\/wp-json\/wp\/v2\/users\/2"}],"replies":[{"embeddable":true,"href":"https:\/\/www.europesays.com\/fi\/wp-json\/wp\/v2\/comments?post=103466"}],"version-history":[{"count":0,"href":"https:\/\/www.europesays.com\/fi\/wp-json\/wp\/v2\/posts\/103466\/revisions"}],"wp:featuredmedia":[{"embeddable":true,"href":"https:\/\/www.europesays.com\/fi\/wp-json\/wp\/v2\/media\/44004"}],"wp:attachment":[{"href":"https:\/\/www.europesays.com\/fi\/wp-json\/wp\/v2\/media?parent=103466"}],"wp:term":[{"taxonomy":"category","embeddable":true,"href":"https:\/\/www.europesays.com\/fi\/wp-json\/wp\/v2\/categories?post=103466"},{"taxonomy":"post_tag","embeddable":true,"href":"https:\/\/www.europesays.com\/fi\/wp-json\/wp\/v2\/tags?post=103466"}],"curies":[{"name":"wp","href":"https:\/\/api.w.org\/{rel}","templated":true}]}}