{"id":103472,"date":"2025-11-29T21:47:09","date_gmt":"2025-11-29T21:47:09","guid":{"rendered":"https:\/\/www.europesays.com\/fi\/103472\/"},"modified":"2025-11-29T21:47:09","modified_gmt":"2025-11-29T21:47:09","slug":"ukrainalaislahteet-medioille-ukrainan-turvallisuuspalvelu-teki-iskut-venajan-varjolaivaston-tankkereihin-mustallamerella","status":"publish","type":"post","link":"https:\/\/www.europesays.com\/fi\/103472\/","title":{"rendered":"Ukrainalaisl\u00e4hteet medioille: Ukrainan turvallisuuspalvelu teki iskut Ven\u00e4j\u00e4n varjolaivaston tankkereihin Mustallamerell\u00e4"},"content":{"rendered":"<p>    <img decoding=\"async\" class=\"responsive-image article__image-image lozad\"   src=\"https:\/\/www.europesays.com\/fi\/wp-content\/uploads\/2025\/11\/dwGb1TDAk173D1NWjGYFpHmmk9RBlJuy5tU6Y64PTSmOIHr9NdeEgwGjO2GV6EuTNS4b_aO6WCr5At2HNxPr7BKHeUV9c_uBwHdF.jpeg\" alt=\"Ven\u00e4j\u00e4n varjolaivaston ep\u00e4ilty alus Ranskan l\u00e4hist\u00f6ll\u00e4.\"\/><\/p>\n<p>\n                Ven\u00e4j\u00e4n varjolaivaston ep\u00e4ilty alus Ranskan l\u00e4hist\u00f6ll\u00e4.\n              <\/p>\n<p>\n                Kuva: Damien Meyer \/ AFP \/ Lehtikuva\n              <\/p>\n<p class=\"article__paragraph\">\n      Ukrainan turvallisuuspalvelu SBU teki iskut Ven\u00e4j\u00e4n varjolaivaston tankkereihin meridrooneillaan, kertoivat ukrainalaisviranomaiset lauantaina nimett\u00f6min\u00e4 uutistoimisto AFP:lle, <a href=\"https:\/\/apnews.com\/article\/tankers-russia-sanctions-shadow-fleet-mines-drones-black-sea-76dce005c40a0bf38faf2fbf8be71e38\" rel=\"nofollow noopener\" target=\"_blank\">AP:lle<\/a> sek\u00e4 <a href=\"https:\/\/www.bloomberg.com\/news\/articles\/2025-11-28\/oil-tanker-at-risk-of-sinking-after-mine-strike-near-turkey\" rel=\"nofollow noopener\" target=\"_blank\">Bloombergille<\/a>.\n    <\/p>\n<p class=\"article__paragraph\">\n      Kahteen Ven\u00e4j\u00e4n varjolaivaston \u00f6ljytankkeriin tehtiin iskuja Mustallamerell\u00e4 perjantaina ja varhain lauantaina. Kairos-nimisell\u00e4 aluksella syttyi tulipalo sen ollessa reilun 50 kilometrin p\u00e4\u00e4ss\u00e4 Turkin rannikosta. Turkin liikenneministeri\u00f6n mukaan Virat-nimiseen toiseen alukseen osuttiin kahdesti, mutta vauriot olivat vain v\u00e4h\u00e4iset eik\u00e4 kukaan loukkaantunut.\n    <\/p>\n<p class=\"article__paragraph\">\n      Turkin meriviranomaiset kertoivat my\u00f6h\u00e4\u00e4n perjantaina, ett\u00e4 molempien tankkerien miehist\u00f6t saatiin evakuoitua eik\u00e4 loukkaantumisia sattunut. Viranomaiset kertoivat, ett\u00e4 alusten miehist\u00f6t ovat turvassa ja hyv\u00e4ss\u00e4 kunnossa. Kaikkiaan aluksilla oli 45 ihmist\u00e4.\n    <\/p>\n<p class=\"article__paragraph\">\n      Medioille puhuneiden SBU:hun kuuluvien ukrainalaisviranomaisten mukaan Ukraina k\u00e4ytti iskuissa omia Sea Baby -meridroonejaan. Viranomaisten mukaan iskujen tarkoituksena oli heikent\u00e4\u00e4 Ven\u00e4j\u00e4n kyky\u00e4 jatkaa hy\u00f6kk\u00e4yksi\u00e4\u00e4n Ukrainaan.\n    <\/p>\n<p class=\"article__paragraph\">\n      Iskujen kohteina olleiden alusten kerrottiin matkanneen tyhjin\u00e4.\n    <\/p>\n<p class=\"article__paragraph\">\n      Turkin liikenneministeri\u00f6n alaisen merenkulusta vastaavan viraston mukaan Kairos oli ollut matkalla Mustanmeren rannalla sijaitsevaan Ven\u00e4j\u00e4n Novorossijskiin. Iskun ei tuoreeltaan kerrottu aiheuttaneen saastumista alueella.\n    <\/p>\n<p>      Merimiinat aiheuttavat vaaraa alueella<\/p>\n<p class=\"article__paragraph\">\n      Tankkerit ovat l\u00e4nsimaiden Ven\u00e4j\u00e4lle asettamien pakotteiden piiriss\u00e4. Ven\u00e4j\u00e4n varjolaivastoon kuuluvat alukset purjehtivat toisen valtion lipun alla pakotteiden kiert\u00e4miseksi.\n    <\/p>\n<p class=\"article__paragraph\">\n      Kairos ja Virat liikenn\u00f6iv\u00e4t kumpikin Gambian lipun alla.\n    <\/p>\n<p class=\"article__paragraph\">\n      Mustaltamerelt\u00e4 on l\u00f6ydetty ja alueella on tuhottu useita merimiinoja sen j\u00e4lkeen, kun Ven\u00e4j\u00e4 aloitti t\u00e4ysimittaisen hy\u00f6kk\u00e4yssotansa Ukrainassa vuonna 2022.\n    <\/p>\n<p class=\"article__paragraph\">\n      Sodan molemmat osapuolet ovat laskeneet veteen merimiinoja alueidensa suojelemiseksi, mutta miinoja on sittemmin kulkeutunut pois alkuper\u00e4isilt\u00e4 sijoiltaan, erityisesti myrskyjen aikana.\n    <\/p>\n<p class=\"article__paragraph\">\n      Merimiinojen aiheuttaman vaaran vuoksi Mustanmeren rannikolla sijaitsevat sotilasliitto Naton j\u00e4senmaat Turkki, Bulgaria ja Romania perustivat vuonna 2024 erillisen miinantorjuntaryhm\u00e4n.\n    <\/p>\n","protected":false},"excerpt":{"rendered":"Ven\u00e4j\u00e4n varjolaivaston ep\u00e4ilty alus Ranskan l\u00e4hist\u00f6ll\u00e4. Kuva: Damien Meyer \/ AFP \/ Lehtikuva Ukrainan turvallisuuspalvelu SBU teki iskut&hellip;\n","protected":false},"author":2,"featured_media":103473,"comment_status":"","ping_status":"","sticky":false,"template":"","format":"standard","meta":{"footnotes":""},"categories":[14],"tags":[22,23,26,27,33,31,30,17,24,25,28,29,15,18,21,32,19,20,56,16,59,60,61],"class_list":{"0":"post-103472","1":"post","2":"type-post","3":"status-publish","4":"format-standard","5":"has-post-thumbnail","7":"category-ulkomaat","8":"tag-breaking-news","9":"tag-breakingnews","10":"tag-featured-news","11":"tag-featurednews","12":"tag-fi","13":"tag-finland","14":"tag-finnish","15":"tag-headlines","16":"tag-latest-news","17":"tag-latestnews","18":"tag-main-news","19":"tag-mainnews","20":"tag-news","21":"tag-otsikot","22":"tag-paauutiset","23":"tag-suomi","24":"tag-top-stories","25":"tag-topstories","26":"tag-ulkomaat","27":"tag-uutiset","28":"tag-world","29":"tag-world-news","30":"tag-worldnews"},"share_on_mastodon":{"url":"https:\/\/pubeurope.com\/@fi\/115635188320542111","error":""},"_links":{"self":[{"href":"https:\/\/www.europesays.com\/fi\/wp-json\/wp\/v2\/posts\/103472","targetHints":{"allow":["GET"]}}],"collection":[{"href":"https:\/\/www.europesays.com\/fi\/wp-json\/wp\/v2\/posts"}],"about":[{"href":"https:\/\/www.europesays.com\/fi\/wp-json\/wp\/v2\/types\/post"}],"author":[{"embeddable":true,"href":"https:\/\/www.europesays.com\/fi\/wp-json\/wp\/v2\/users\/2"}],"replies":[{"embeddable":true,"href":"https:\/\/www.europesays.com\/fi\/wp-json\/wp\/v2\/comments?post=103472"}],"version-history":[{"count":0,"href":"https:\/\/www.europesays.com\/fi\/wp-json\/wp\/v2\/posts\/103472\/revisions"}],"wp:featuredmedia":[{"embeddable":true,"href":"https:\/\/www.europesays.com\/fi\/wp-json\/wp\/v2\/media\/103473"}],"wp:attachment":[{"href":"https:\/\/www.europesays.com\/fi\/wp-json\/wp\/v2\/media?parent=103472"}],"wp:term":[{"taxonomy":"category","embeddable":true,"href":"https:\/\/www.europesays.com\/fi\/wp-json\/wp\/v2\/categories?post=103472"},{"taxonomy":"post_tag","embeddable":true,"href":"https:\/\/www.europesays.com\/fi\/wp-json\/wp\/v2\/tags?post=103472"}],"curies":[{"name":"wp","href":"https:\/\/api.w.org\/{rel}","templated":true}]}}