{"id":103478,"date":"2025-11-29T22:01:14","date_gmt":"2025-11-29T22:01:14","guid":{"rendered":"https:\/\/www.europesays.com\/fi\/103478\/"},"modified":"2025-11-29T22:01:14","modified_gmt":"2025-11-29T22:01:14","slug":"sami-pajarilta-suorat-sanat-se-ei-liity-siihen-2","status":"publish","type":"post","link":"https:\/\/www.europesays.com\/fi\/103478\/","title":{"rendered":"Sami Pajarilta suorat sanat \u2013 \u201dSe ei liity siihen\u201d"},"content":{"rendered":"<p>Ralli|Sami Pajarilla on paljon peliss\u00e4 ensi vuonna.<\/p>\n<p>29.11. 14:07<\/p>\n<p class=\"article-body mb-nof-24 px-nof-16\">Jedda<\/p>\n<p class=\"article-body mb-nof-24 px-nof-16\">Toyotan kuljettaja <a class=\"article-personlink\" href=\"https:\/\/www.hs.fi\/haku\/?query=Sami%20Pajari\" rel=\"nofollow noopener\" target=\"_blank\">Sami Pajari<\/a>, 23, j\u00e4\u00e4nee paljolti Suomen rallimaineen lipunkantajaksi ensi vuonna MM-sarjassa.<\/p>\n<p class=\"article-body mb-nof-24 px-nof-16\">T\u00e4htikuljettaja <a class=\"article-personlink\" href=\"https:\/\/www.hs.fi\/haku\/?query=Kalle%20Rovanper%C3%A4\" rel=\"nofollow noopener\" target=\"_blank\">Kalle Rovanper\u00e4<\/a>, 25, ampaisee ensi vuonna rata-autoilun unelmansa per\u00e4\u00e4n, joten katseita k\u00e4\u00e4nnet\u00e4\u00e4n suomalaisittain Pajariin.<\/p>\n<p class=\"article-body mb-nof-24 px-nof-16\">Pajari ajoi t\u00e4ll\u00e4 kaudella ensimm\u00e4isen kokonaisen kautensa MM-sarjan p\u00e4\u00e4luokassa. Pajarin itsens\u00e4 mukaan h\u00e4n ajaa kaikki MM-rallit ensi vuonna Toyotan Rally1-ajokilla.<\/p>\n<p class=\"article-body mb-nof-24 px-nof-16\">\u201dHommat jatkuvat samalla tavalla kuin t\u00e4n\u00e4kin vuonna. On ollut isoja neuvotteluita. Ei ollut heti tiedossa, ett\u00e4 mit\u00e4 <a class=\"article-personlink\" href=\"https:\/\/www.hs.fi\/haku\/?query=S%C3%A9bastien%20Ogier\" rel=\"nofollow noopener\" target=\"_blank\">S\u00e9bastien Ogier<\/a> ajaa ensi vuonna ja n\u00e4in. Siksi sit\u00e4 (Pajarin ajo-ohjelmaa) ei voitu aluksi ly\u00f6d\u00e4 lukkoon\u201d, Pajari totesi viitaten Toyotan tallitoveriinsa Ogieriin.<\/p>\n<p class=\"article-body mb-nof-24 px-nof-16\">Pajari sanoo, ettei h\u00e4n ota hartioilleen kuormaa Rovanper\u00e4n h\u00e4ipymisest\u00e4 rata-autoiluun.<\/p>\n<p class=\"article-body mb-nof-24 px-nof-16\">\u201dEn m\u00e4 nyt tied\u00e4, ett\u00e4 tuoko se paineita. T\u00e4m\u00e4 vuosi on ollut opetteluvuosi, joten ensi vuonna on kovemmat tavoitteet. En sano, ett\u00e4 ajamme vain ja ainoastaan maailmanmestaruudesta ensi vuonna, mutta totta kai pyrimme parantamaan. Se ei liity siihen oikeastaan, ett\u00e4 onko Kalle rallin MM-sarjassa vai ei\u201d, h\u00e4n pohdiskeli.<\/p>\n<p class=\"article-body mb-nof-24 px-nof-16\">Rallin MM-sarjassa kilpaileva etel\u00e4korealaismerkki Hyundai etsii kiivaasti korvaajaa 38-vuotiaalle virolaiskuljettaja <a class=\"article-personlink\" href=\"https:\/\/www.hs.fi\/haku\/?query=Ott%20T%C3%A4nakille\" rel=\"nofollow noopener\" target=\"_blank\">Ott T\u00e4nakille<\/a>, joka vet\u00e4ytyy MM-sarjasta.<\/p>\n<p class=\"article-body mb-nof-24 px-nof-16\">Hyundailta on my\u00f6nnetty yhteydenotto <a class=\"article-personlink\" href=\"https:\/\/www.hs.fi\/haku\/?query=Esapekka%20Lappiin\" rel=\"nofollow noopener\" target=\"_blank\">Esapekka Lappiin<\/a>, ja t\u00e4t\u00e4 taustaa voisi olla mahdollista, ett\u00e4 Lappi, 34, tai kenties <a class=\"article-personlink\" href=\"https:\/\/www.hs.fi\/haku\/?query=Teemu%20Suninen\" rel=\"nofollow noopener\" target=\"_blank\">Teemu Suninen<\/a>, 31, ajaisivat MM-sarjan p\u00e4\u00e4luokassa ensi kaudella.<\/p>\n<p class=\"article-body mb-nof-24 px-nof-16\">\u201dOnhan niit\u00e4 spekulointeja ollut Lapista ja Sunisesta, mutta minulla ei ole mit\u00e4\u00e4n sen kummempaa tietoa niist\u00e4. Voihan se olla, ett\u00e4 olemme kartturini <a class=\"article-personlink\" href=\"https:\/\/www.hs.fi\/haku\/?query=Marko%20Salmisen\" rel=\"nofollow noopener\" target=\"_blank\">Marko Salmisen<\/a> kanssa ainoa suomalaispari MM-sarjan p\u00e4\u00e4luokassa ensi vuonna. Se on sitten meid\u00e4n vastuulla yritt\u00e4\u00e4 menesty\u00e4\u201d, Pajari tuumi.<\/p>\n<p><img decoding=\"async\" src=\"https:\/\/www.europesays.com\/fi\/wp-content\/uploads\/2025\/11\/1764419289_989_468.jpg\" alt=\"Esapekka Lappi, 34, saattaa palata rallin MM-sarjaan.\" class=\"_Img_1rerz_1\" style=\"aspect-ratio:1.3333333333333333\" loading=\"eager\"\/><\/p>\n<p class=\"article-picture-caption\">Esapekka Lappi, 34, saattaa palata rallin MM-sarjaan. Kuva:\u00a0Tuomas Arkimies<\/p>\n<p class=\"article-body mb-nof-24 px-nof-16\">Suomen ralliv\u00e4en mielenkiinto Pajaria kohtaan joka tapauksessa lis\u00e4\u00e4ntynee ensi vuonna.<\/p>\n<p class=\"article-body mb-nof-24 px-nof-16\">\u201dOlen ajatellut, ett\u00e4 se kuuluu t\u00e4h\u00e4n hommaan. Aina se ihmisten kiinnostus kasvaa, kun p\u00e4\u00e4see kilpakategorioissa eteenp\u00e4in.\u201d<\/p>\n<p class=\"article-body mb-nof-24 px-nof-16\">\u201dOn tavallaan klisee sanoa, ett\u00e4 keskityn vain omaan hommaan, mutta n\u00e4in se menee\u201d, pian 24 vuotta t\u00e4ytt\u00e4v\u00e4 Pajari toteaa.<\/p>\n<p class=\"article-body mb-nof-24 px-nof-16\">T\u00e4m\u00e4n kauden MM-pistetaulukossa Pajari oli kahdeksas.<\/p>\n<p class=\"article-body mb-nof-24 px-nof-16\">Pajari paransi t\u00e4ll\u00e4 kaudella otteitaan sesongin loppua kohden, mutta usean asiantuntijan mukaan h\u00e4nen suorituksensa j\u00e4ttiv\u00e4t kokonaiskuvassa toivomisen varaa.<\/p>\n<p class=\"article-body mb-nof-24 px-nof-16\">\u201dSanoisin, ett\u00e4 olemme aika hyvin p\u00e4\u00e4sseet niihin tavoitteisiin, jotka tiimin kanssa ennen t\u00e4m\u00e4n kauden alkua asetimme. Sen puolesta voi olla tyytyv\u00e4inen ja varmastikin tuo jatkosopimuskin oli osoitus siit\u00e4, ett\u00e4 tavoitteisiin p\u00e4\u00e4stiin\u201d, Pajari itse totesi.<\/p>\n<p class=\"article-body mb-nof-24 px-nof-16\">\u201dToki siell\u00e4 on ollut sopivia v\u00e4l\u00e4ytyksi\u00e4kin \u2013 ajoin kuitenkin erikoiskokeiden pohja-aikoja useassa kisassa, ja saavutimme palkintopallipaikan Japanin rallin kolmannella sijalla.\u201d<\/p>\n<p><img decoding=\"async\" src=\"https:\/\/www.europesays.com\/fi\/wp-content\/uploads\/2025\/11\/1762773009_746_468.jpg\" alt=\"Sami Pajarille MM-rallikausi 2025 sis\u00e4lsi my\u00f6s pettymyksi\u00e4.\" class=\"_Img_1rerz_1\" style=\"aspect-ratio:1.3333333333333333\" loading=\"eager\"\/><\/p>\n<p class=\"article-picture-caption\">Sami Pajarille MM-rallikausi 2025 sis\u00e4lsi my\u00f6s pettymyksi\u00e4. Kuva:\u00a0Tuomas Arkimies<\/p>\n<p class=\"article-body mb-nof-24 px-nof-16\">Kauden p\u00e4\u00e4t\u00f6skilpailussa Saudi-Arabian MM-rallissa Pajari oli hetkellisesti mukana jopa voittokamppailussa, mutta rengasrikko \u2013 joita my\u00f6s monet muut kuljettajat kosolti kokivat \u2013 pudotti h\u00e4net lopulta nelj\u00e4nneksi.<\/p>\n<p class=\"article-body mb-nof-24 px-nof-16\">Joka tapauksessa Pajarin \u201doppivuosi\u201d on nyt ohi.<\/p>\n<p class=\"article-body mb-nof-24 px-nof-16\">\u201dOn ihan kiva fiilis, kun saa kauden p\u00e4\u00e4t\u00f6kseen, mutta toki meill\u00e4 on niin lyhyt tauko t\u00e4ss\u00e4 ennen uuden kauden alkua, ett\u00e4 aika nopeasti t\u00e4ss\u00e4 k\u00e4\u00e4ntyv\u00e4t katseet jo seuraavaan kauteen.\u201d<\/p>\n<p class=\"article-body mb-nof-24 px-nof-16\">\u201dEnsi kauteen on kyll\u00e4 menestyksenn\u00e4lk\u00e4\u00e4\u201d, h\u00e4n vakuutteli.<\/p>\n","protected":false},"excerpt":{"rendered":"Ralli|Sami Pajarilla on paljon peliss\u00e4 ensi vuonna. 29.11. 14:07 Jedda Toyotan kuljettaja Sami Pajari, 23, j\u00e4\u00e4nee paljolti Suomen&hellip;\n","protected":false},"author":2,"featured_media":103479,"comment_status":"","ping_status":"","sticky":false,"template":"","format":"standard","meta":{"footnotes":""},"categories":[136],"tags":[407,137,33,31,30,46,408,32,109],"class_list":{"0":"post-103478","1":"post","2":"type-post","3":"status-publish","4":"format-standard","5":"has-post-thumbnail","7":"category-julkkikset","8":"tag-celebrities","9":"tag-entertainment","10":"tag-fi","11":"tag-finland","12":"tag-finnish","13":"tag-helsingin-sanomat","14":"tag-julkkikset","15":"tag-suomi","16":"tag-viihde"},"share_on_mastodon":{"url":"https:\/\/pubeurope.com\/@fi\/115635243299116496","error":""},"_links":{"self":[{"href":"https:\/\/www.europesays.com\/fi\/wp-json\/wp\/v2\/posts\/103478","targetHints":{"allow":["GET"]}}],"collection":[{"href":"https:\/\/www.europesays.com\/fi\/wp-json\/wp\/v2\/posts"}],"about":[{"href":"https:\/\/www.europesays.com\/fi\/wp-json\/wp\/v2\/types\/post"}],"author":[{"embeddable":true,"href":"https:\/\/www.europesays.com\/fi\/wp-json\/wp\/v2\/users\/2"}],"replies":[{"embeddable":true,"href":"https:\/\/www.europesays.com\/fi\/wp-json\/wp\/v2\/comments?post=103478"}],"version-history":[{"count":0,"href":"https:\/\/www.europesays.com\/fi\/wp-json\/wp\/v2\/posts\/103478\/revisions"}],"wp:featuredmedia":[{"embeddable":true,"href":"https:\/\/www.europesays.com\/fi\/wp-json\/wp\/v2\/media\/103479"}],"wp:attachment":[{"href":"https:\/\/www.europesays.com\/fi\/wp-json\/wp\/v2\/media?parent=103478"}],"wp:term":[{"taxonomy":"category","embeddable":true,"href":"https:\/\/www.europesays.com\/fi\/wp-json\/wp\/v2\/categories?post=103478"},{"taxonomy":"post_tag","embeddable":true,"href":"https:\/\/www.europesays.com\/fi\/wp-json\/wp\/v2\/tags?post=103478"}],"curies":[{"name":"wp","href":"https:\/\/api.w.org\/{rel}","templated":true}]}}