{"id":103483,"date":"2025-11-29T22:13:10","date_gmt":"2025-11-29T22:13:10","guid":{"rendered":"https:\/\/www.europesays.com\/fi\/103483\/"},"modified":"2025-11-29T22:13:10","modified_gmt":"2025-11-29T22:13:10","slug":"macron-tapaa-zelenskyin-pariisissa-maanantaina","status":"publish","type":"post","link":"https:\/\/www.europesays.com\/fi\/103483\/","title":{"rendered":"Macron tapaa Zelenskyin Pariisissa maanantaina"},"content":{"rendered":"<p><strong class=\"typography-bold\">Ranskan presidentti Emmanuel Macron tapaa Ukrainan presidentin Volodymyr Zelenskyin Pariisissa maanantaina.\u00a0<\/strong><\/p>\n<p>Tapaamisesta on kertonut virkahenkil\u00f6 Macronin kansliasta uutistoimisto AFP:n mukaan.<\/p>\n<p>H\u00e4nen mukaansa johtajien on m\u00e4\u00e4r\u00e4 keskustella rauhanehdoista, jotka toisivat Ukrainaan oikeudenmukaisen ja kest\u00e4v\u00e4n rauhan.<\/p>\n<p>Lis\u00e4ksi Ukrainan neuvottelijoita on matkannut t\u00e4n\u00e4\u00e4n Yhdysvaltoihin keskustelemaan mahdollisesta rauhansopimuksesta. Zelenskyi kertoi viestipalvelu <a class=\"underline\" data-testid=\"external-link\" href=\"https:\/\/x.com\/ZelenskyyUa\/status\/1994722242039615826\" rel=\"noopener noreferrer nofollow\" target=\"_blank\" data-sentry-component=\"ExternalLink\" data-sentry-source-file=\"ExternalLink.tsx\">X:ss\u00e4<\/a>, ett\u00e4 neuvottelujen tavoitteena on sopia askelmerkeist\u00e4 sodan p\u00e4\u00e4tt\u00e4miseksi.<\/p>\n<p><strong class=\"typography-bold\">Lue my\u00f6s: <\/strong><a class=\"underline\" data-testid=\"internal-link\" role=\"link\" data-sentry-element=\"Link\" data-sentry-component=\"InternalLink\" data-sentry-source-file=\"InternalLink.tsx\" href=\"https:\/\/www.mtvuutiset.fi\/artikkeli\/ukrainan-delegaatio-matkalla-yhdysvaltoihin-keskusteluissa-sodan-paattaminen\/9263060\" rel=\"nofollow noopener\" target=\"_blank\"><strong class=\"typography-bold\">Ukrainan delegaatio matkalla tapaamaan Trumpin v\u00e4vypoikaa \u2013 tilanneraporttia odotetaan huomiseksi<\/strong><\/a><\/p>\n","protected":false},"excerpt":{"rendered":"Ranskan presidentti Emmanuel Macron tapaa Ukrainan presidentin Volodymyr Zelenskyin Pariisissa maanantaina.\u00a0 Tapaamisesta on kertonut virkahenkil\u00f6 Macronin kansliasta uutistoimisto&hellip;\n","protected":false},"author":2,"featured_media":103484,"comment_status":"","ping_status":"","sticky":false,"template":"","format":"standard","meta":{"footnotes":""},"categories":[14],"tags":[22,23,26,27,33,31,30,17,24,25,28,29,15,18,21,32,19,20,56,16,59,60,61],"class_list":{"0":"post-103483","1":"post","2":"type-post","3":"status-publish","4":"format-standard","5":"has-post-thumbnail","7":"category-ulkomaat","8":"tag-breaking-news","9":"tag-breakingnews","10":"tag-featured-news","11":"tag-featurednews","12":"tag-fi","13":"tag-finland","14":"tag-finnish","15":"tag-headlines","16":"tag-latest-news","17":"tag-latestnews","18":"tag-main-news","19":"tag-mainnews","20":"tag-news","21":"tag-otsikot","22":"tag-paauutiset","23":"tag-suomi","24":"tag-top-stories","25":"tag-topstories","26":"tag-ulkomaat","27":"tag-uutiset","28":"tag-world","29":"tag-world-news","30":"tag-worldnews"},"share_on_mastodon":{"url":"https:\/\/pubeurope.com\/@fi\/115635290435172755","error":""},"_links":{"self":[{"href":"https:\/\/www.europesays.com\/fi\/wp-json\/wp\/v2\/posts\/103483","targetHints":{"allow":["GET"]}}],"collection":[{"href":"https:\/\/www.europesays.com\/fi\/wp-json\/wp\/v2\/posts"}],"about":[{"href":"https:\/\/www.europesays.com\/fi\/wp-json\/wp\/v2\/types\/post"}],"author":[{"embeddable":true,"href":"https:\/\/www.europesays.com\/fi\/wp-json\/wp\/v2\/users\/2"}],"replies":[{"embeddable":true,"href":"https:\/\/www.europesays.com\/fi\/wp-json\/wp\/v2\/comments?post=103483"}],"version-history":[{"count":0,"href":"https:\/\/www.europesays.com\/fi\/wp-json\/wp\/v2\/posts\/103483\/revisions"}],"wp:featuredmedia":[{"embeddable":true,"href":"https:\/\/www.europesays.com\/fi\/wp-json\/wp\/v2\/media\/103484"}],"wp:attachment":[{"href":"https:\/\/www.europesays.com\/fi\/wp-json\/wp\/v2\/media?parent=103483"}],"wp:term":[{"taxonomy":"category","embeddable":true,"href":"https:\/\/www.europesays.com\/fi\/wp-json\/wp\/v2\/categories?post=103483"},{"taxonomy":"post_tag","embeddable":true,"href":"https:\/\/www.europesays.com\/fi\/wp-json\/wp\/v2\/tags?post=103483"}],"curies":[{"name":"wp","href":"https:\/\/api.w.org\/{rel}","templated":true}]}}