{"id":103485,"date":"2025-11-29T22:14:07","date_gmt":"2025-11-29T22:14:07","guid":{"rendered":"https:\/\/www.europesays.com\/fi\/103485\/"},"modified":"2025-11-29T22:14:07","modified_gmt":"2025-11-29T22:14:07","slug":"kuusi-nuorta-pelasti-kadonneen-vanhuksen-mantta-vilppulassa","status":"publish","type":"post","link":"https:\/\/www.europesays.com\/fi\/103485\/","title":{"rendered":"Kuusi nuorta pelasti kadonneen vanhuksen M\u00e4ntt\u00e4-Vilppulassa"},"content":{"rendered":"<p>Kadonneen henkil\u00f6n etsint\u00e4 sai onnellisen p\u00e4\u00e4t\u00f6ksen kuuden nuoren esimerkillisen toiminnan ansiosta M\u00e4ntt\u00e4-Vilppulassa. Poliisi kehuu nuoria esimerkillisest\u00e4 toiminnasta.<\/p>\n<p>29.11. 20:09<\/p>\n<p class=\"article-body mb-nof-24 px-nof-16\">Lauantai-illan ajelu kaupungilla sai yll\u00e4tt\u00e4v\u00e4n k\u00e4\u00e4nteen, kun m\u00e4ntt\u00e4l\u00e4inen <a class=\"article-personlink\" href=\"https:\/\/www.aamulehti.fi\/haku\/?query=Pinja%20M%C3%A4kinen\" rel=\"nofollow noopener\" target=\"_blank\">Pinja M\u00e4kinen<\/a>, 19, yst\u00e4vineen l\u00f6ysi hoitolaitoksesta eksyneen miehen Vilppulassa.<\/p>\n<p class=\"article-body mb-nof-24 px-nof-16\">Tapaus sattui 22.\u201323. marraskuuta v\u00e4lisen\u00e4 y\u00f6n\u00e4, jolloin l\u00e4mp\u00f6tila oli nollan tuntumassa.<\/p>\n","protected":false},"excerpt":{"rendered":"Kadonneen henkil\u00f6n etsint\u00e4 sai onnellisen p\u00e4\u00e4t\u00f6ksen kuuden nuoren esimerkillisen toiminnan ansiosta M\u00e4ntt\u00e4-Vilppulassa. Poliisi kehuu nuoria esimerkillisest\u00e4 toiminnasta. 29.11.&hellip;\n","protected":false},"author":2,"featured_media":103486,"comment_status":"","ping_status":"","sticky":false,"template":"","format":"standard","meta":{"footnotes":""},"categories":[12],"tags":[157,22,23,26,27,33,31,30,17,24,25,28,29,15,18,21,32,19,20,16],"class_list":{"0":"post-103485","1":"post","2":"type-post","3":"status-publish","4":"format-standard","5":"has-post-thumbnail","7":"category-suomi","8":"tag-aamulehti","9":"tag-breaking-news","10":"tag-breakingnews","11":"tag-featured-news","12":"tag-featurednews","13":"tag-fi","14":"tag-finland","15":"tag-finnish","16":"tag-headlines","17":"tag-latest-news","18":"tag-latestnews","19":"tag-main-news","20":"tag-mainnews","21":"tag-news","22":"tag-otsikot","23":"tag-paauutiset","24":"tag-suomi","25":"tag-top-stories","26":"tag-topstories","27":"tag-uutiset"},"share_on_mastodon":{"url":"https:\/\/pubeurope.com\/@fi\/115635294476621043","error":""},"_links":{"self":[{"href":"https:\/\/www.europesays.com\/fi\/wp-json\/wp\/v2\/posts\/103485","targetHints":{"allow":["GET"]}}],"collection":[{"href":"https:\/\/www.europesays.com\/fi\/wp-json\/wp\/v2\/posts"}],"about":[{"href":"https:\/\/www.europesays.com\/fi\/wp-json\/wp\/v2\/types\/post"}],"author":[{"embeddable":true,"href":"https:\/\/www.europesays.com\/fi\/wp-json\/wp\/v2\/users\/2"}],"replies":[{"embeddable":true,"href":"https:\/\/www.europesays.com\/fi\/wp-json\/wp\/v2\/comments?post=103485"}],"version-history":[{"count":0,"href":"https:\/\/www.europesays.com\/fi\/wp-json\/wp\/v2\/posts\/103485\/revisions"}],"wp:featuredmedia":[{"embeddable":true,"href":"https:\/\/www.europesays.com\/fi\/wp-json\/wp\/v2\/media\/103486"}],"wp:attachment":[{"href":"https:\/\/www.europesays.com\/fi\/wp-json\/wp\/v2\/media?parent=103485"}],"wp:term":[{"taxonomy":"category","embeddable":true,"href":"https:\/\/www.europesays.com\/fi\/wp-json\/wp\/v2\/categories?post=103485"},{"taxonomy":"post_tag","embeddable":true,"href":"https:\/\/www.europesays.com\/fi\/wp-json\/wp\/v2\/tags?post=103485"}],"curies":[{"name":"wp","href":"https:\/\/api.w.org\/{rel}","templated":true}]}}