{"id":103503,"date":"2025-11-29T23:01:07","date_gmt":"2025-11-29T23:01:07","guid":{"rendered":"https:\/\/www.europesays.com\/fi\/103503\/"},"modified":"2025-11-29T23:01:07","modified_gmt":"2025-11-29T23:01:07","slug":"uusi-kotimainen-rikossarja-alkaa-tanaan-sarjan-oikeudet-myyty-jo-yhdysvaltoihin","status":"publish","type":"post","link":"https:\/\/www.europesays.com\/fi\/103503\/","title":{"rendered":"Uusi kotimainen rikossarja alkaa t\u00e4n\u00e4\u00e4n \u2013 Sarjan oikeudet myyty jo Yhdysvaltoihin"},"content":{"rendered":"<p>MTV Katsomossa ja MTV3-kanavalla sunnuntaina 30.11. alkava Petos on <strong>Mikko Kuparisen<\/strong> ohjaama kahdeksanosainen rikosdraama, jossa l\u00e4hi\u00f6st\u00e4 ponnistava Riku (<strong>Daniel Virtanen<\/strong>) soluttautuu Helsingin rikkaan eliitin piireihin. Rikun tarkoitus on kostaa, mutta h\u00e4n yll\u00e4ttyy nauttiessaan uudesta el\u00e4m\u00e4ntyylist\u00e4 \u2013 ja rakastuessaan varattuun Lindaan (<strong>Marketta Tikkanen<\/strong>). Kulissit pysyv\u00e4t pystyss\u00e4 valheiden varassa samalla kun vanhat yst\u00e4v\u00e4t ja velkojat vaativat tuloksia.<\/p>\n<p>Sarjan p\u00e4\u00e4osissa n\u00e4hd\u00e4\u00e4n Virtasen ja Tikkasen lis\u00e4ksi <strong>Pihla Maalismaa, Karim Rapatti, Elias Gould<\/strong> ja <strong>Janne Saarinen<\/strong>. Sarjan konseptin ja k\u00e4sikirjoituksen on tehnyt <strong>Mikko P\u00f6ll\u00e4,<\/strong> jonka aiempia t\u00f6it\u00e4 ovat muun muassa Helppo el\u00e4m\u00e4 ja White Wall. <\/p>\n<p>Lue my\u00f6s: <a href=\"https:\/\/www.episodi.fi\/uutiset\/oletko-katsonut-tata-sarjaa-innoituksena-toimi-george-orwellin-1984\/\" title=\"Oletko katsonut t\u00e4t\u00e4 sarjaa? \u2013 Innoituksena toimi George Orwellin 1984\" class=\"underline-custom !font-montserrat !font-bold !underline-offset-4 !decoration-4 !decoration-episodi-blue !text-md\" rel=\"nofollow noopener\" target=\"_blank\">Oletko katsonut t\u00e4t\u00e4 sarjaa? \u2013 Innoituksena toimi George Orwellin 1984<\/a><\/p>\n<p>P\u00f6ll\u00e4 kuvaa sarjan teemaa n\u00e4in: \u201dPetoksessa heikkojen l\u00e4ht\u00f6kohtien maailma t\u00f6rm\u00e4\u00e4 varakkaaseen eliittiin m\u00e4\u00e4r\u00e4tietoisen nuoren miehen muodossa. Oikeassa el\u00e4m\u00e4ss\u00e4 nuo todellisuudet ja niit\u00e4 edustavat ihmiset harvemmin kohtaavat\u2026\u201d<\/p>\n<p>Sarja on her\u00e4tt\u00e4nyt kiinnostusta my\u00f6s ulkomailla. Esitysoikeudet on myyty Isoon-Britanniaan ja Australiaan, ja uudelleenfilmatisointioikeudet Yhdysvaltoihin Tomorrow Studiosille, joka tunnetaan muun muassa Snowpiercer-sarjasta.<\/p>\n<p>Lue my\u00f6s: <a href=\"https:\/\/www.episodi.fi\/uutiskirje\/?uutiskirjemainos=tekstilinkkimainos\" title=\"Tilaa Episodin uutiskirje ja voit voittaa leffalippuja! Nappaa tv-vinkit suoraan s\u00e4hk\u00f6postiin t\u00e4st\u00e4.\" class=\"underline-custom !font-montserrat !font-bold !underline-offset-4 !decoration-4 !decoration-episodi-blue !text-md\" rel=\"nofollow noopener\" target=\"_blank\">Tilaa Episodin uutiskirje ja voit voittaa leffalippuja! Nappaa katseluvinkit suoraan s\u00e4hk\u00f6postiin t\u00e4st\u00e4.<\/a><\/p>\n","protected":false},"excerpt":{"rendered":"MTV Katsomossa ja MTV3-kanavalla sunnuntaina 30.11. alkava Petos on Mikko Kuparisen ohjaama kahdeksanosainen rikosdraama, jossa l\u00e4hi\u00f6st\u00e4 ponnistava Riku&hellip;\n","protected":false},"author":2,"featured_media":103504,"comment_status":"","ping_status":"","sticky":false,"template":"","format":"standard","meta":{"footnotes":""},"categories":[130],"tags":[137,33,31,30,905,32,109],"class_list":{"0":"post-103503","1":"post","2":"type-post","3":"status-publish","4":"format-standard","5":"has-post-thumbnail","7":"category-viihde","8":"tag-entertainment","9":"tag-fi","10":"tag-finland","11":"tag-finnish","12":"tag-mtv3","13":"tag-suomi","14":"tag-viihde"},"share_on_mastodon":{"url":"https:\/\/pubeurope.com\/@fi\/115635479036964433","error":""},"_links":{"self":[{"href":"https:\/\/www.europesays.com\/fi\/wp-json\/wp\/v2\/posts\/103503","targetHints":{"allow":["GET"]}}],"collection":[{"href":"https:\/\/www.europesays.com\/fi\/wp-json\/wp\/v2\/posts"}],"about":[{"href":"https:\/\/www.europesays.com\/fi\/wp-json\/wp\/v2\/types\/post"}],"author":[{"embeddable":true,"href":"https:\/\/www.europesays.com\/fi\/wp-json\/wp\/v2\/users\/2"}],"replies":[{"embeddable":true,"href":"https:\/\/www.europesays.com\/fi\/wp-json\/wp\/v2\/comments?post=103503"}],"version-history":[{"count":0,"href":"https:\/\/www.europesays.com\/fi\/wp-json\/wp\/v2\/posts\/103503\/revisions"}],"wp:featuredmedia":[{"embeddable":true,"href":"https:\/\/www.europesays.com\/fi\/wp-json\/wp\/v2\/media\/103504"}],"wp:attachment":[{"href":"https:\/\/www.europesays.com\/fi\/wp-json\/wp\/v2\/media?parent=103503"}],"wp:term":[{"taxonomy":"category","embeddable":true,"href":"https:\/\/www.europesays.com\/fi\/wp-json\/wp\/v2\/categories?post=103503"},{"taxonomy":"post_tag","embeddable":true,"href":"https:\/\/www.europesays.com\/fi\/wp-json\/wp\/v2\/tags?post=103503"}],"curies":[{"name":"wp","href":"https:\/\/api.w.org\/{rel}","templated":true}]}}