{"id":103505,"date":"2025-11-29T23:05:10","date_gmt":"2025-11-29T23:05:10","guid":{"rendered":"https:\/\/www.europesays.com\/fi\/103505\/"},"modified":"2025-11-29T23:05:10","modified_gmt":"2025-11-29T23:05:10","slug":"saksan-aarioikeisto-perusti-nuoriso-osaston-28-vuotias-puheenjohtaja-valittiin-aanivyorylla","status":"publish","type":"post","link":"https:\/\/www.europesays.com\/fi\/103505\/","title":{"rendered":"Saksan \u00e4\u00e4rioikeisto perusti nuoriso-osaston \u2013 28-vuotias puheenjohtaja valittiin \u00e4\u00e4nivy\u00f6ryll\u00e4"},"content":{"rendered":"<p>Saksan Giesseniss\u00e4 n\u00e4htiin suuria \u00e4\u00e4rioikeiston vastustajien mielenosoituksia.<\/p>\n<p class=\"article-body mb-nof-24 px-nof-16\">\u00c4\u00e4rioikeistolainen Vaihtoehto Saksalle -puolue (AfD) ilmoitti <a class=\"article-genericlink\" href=\"https:\/\/x.com\/AfD\/status\/1994791804751786000?s=20\" rel=\"nofollow\">X-viestipalvelussa<\/a> lauantaina perustaneensa uuden nuoriso-osaston. Osasto perustettiin AfD:n Saksan Giesseniss\u00e4 pit\u00e4m\u00e4ss\u00e4 kokouksessa.<\/p>\n<p class=\"article-body mb-nof-24 px-nof-16\">Uuden Generation Deutschland -osaston (GD) johtoon valittiin 28-vuotias <a class=\"article-personlink\" href=\"https:\/\/www.is.fi\/haku\/?query=Jean-Pascal%20Hohm.\" rel=\"nofollow noopener\" target=\"_blank\">Jean-Pascal Hohm. <\/a>Vastaehdokkaita ei ollut, ja Hohm sai yli 90 prosenttia \u00e4\u00e4nist\u00e4, kertoi <a class=\"article-genericlink\" href=\"https:\/\/www.spiegel.de\/politik\/deutschland\/afd-jugendkongress-in-giessen-startet-mit-zweistuendiger-verspaetung-a-2751ab35-d3fb-4e70-bca6-7edd5a743e37\" rel=\"nofollow noopener\" target=\"_blank\">Spiegel-lehti<\/a>. Hohmilla on pitk\u00e4aikaisia yhteyksi\u00e4 useisiin \u00e4\u00e4rioikeistolaisiin ja etnonationalistisiin ryhmiin.<\/p>\n<p class=\"article-body mb-nof-24 px-nof-16\">GD:n on m\u00e4\u00e4r\u00e4 paikata alkuvuonna <a class=\"article-genericlink\" href=\"https:\/\/www.ndr.de\/nachrichten\/schleswig-holstein\/Junge-Alternative-aufgeloest-Was-folgt-daraus-fuer-die-AfD-in-SH,jungealternative126.html\" rel=\"nofollow noopener\" target=\"_blank\">lakkautetun<\/a> Junge Alternative -nuorisoj\u00e4rjest\u00f6n j\u00e4tt\u00e4m\u00e4 aukko. Junge Alternativen toiminta lopetettiin, sill\u00e4 viranomaiset katsoivat sen olevan \u00e4\u00e4riryhm\u00e4.<\/p>\n<p class=\"article-body mb-nof-24 px-nof-16\">Vastaperustettu nuoriso-osasto pyrit\u00e4\u00e4n pit\u00e4m\u00e4\u00e4n edelt\u00e4j\u00e4\u00e4ns\u00e4 tiukemmin emopuolueen ohjauksessa.<\/p>\n<p class=\"article-body mb-nof-24 px-nof-16\">Poliittiset tarkkailijat ovat kuitenkin arvioineet, ett\u00e4 GD tulee olemaan v\u00e4hint\u00e4\u00e4n yht\u00e4 radikaali kuin edelt\u00e4j\u00e4ns\u00e4.<\/p>\n<p><img decoding=\"async\" src=\"https:\/\/www.europesays.com\/fi\/wp-content\/uploads\/2025\/11\/1764457509_342_468.jpg\" alt=\"GD:n vastavalittu hallitus.\" class=\"_Img_1rerz_1\" style=\"aspect-ratio:1.5\" loading=\"eager\"\/><\/p>\n<p class=\"article-picture-caption\">GD:n vastavalittu hallitus. Kuva:\u00a0Thilo Schmuelgen \/ Reuters<\/p>\n<p class=\"article-body mb-nof-24 px-nof-16\">\u00c4\u00e4rioikeiston kokoontuminen Saksan Hesseniss\u00e4 sijaitsevaan Giesseniin sai AfD:n vastustajat aktivoitumaan. Giesseniin oli jo useiden p\u00e4ivien aikana virrannut tuhansia mielenosoittajia eri puolilta Saksaa.<\/p>\n<p class=\"article-body mb-nof-24 px-nof-16\">Mielenosoituksia j\u00e4rjest\u00e4v\u00e4t j\u00e4rjest\u00f6t olivat kehottaneet mielenosoittajia hankaloittamaan AfD:n kokoukseen osallistumista mahdollisimman paljon.<\/p>\n<p class=\"article-body mb-nof-24 px-nof-16\">Poliisin mukaan \u00e4\u00e4rioikeiston kokousta vastustamaan saapui ainakin 25\u202f000 mielenosoittajaa, kertoi AFP.<\/p>\n<p><img decoding=\"async\" src=\"https:\/\/www.europesays.com\/fi\/wp-content\/uploads\/2025\/11\/1764457510_747_468.jpg\" alt=\"\" class=\"_Img_1rerz_1\" style=\"aspect-ratio:1.5\" loading=\"eager\"\/><\/p>\n<p class=\"article-picture-caption\">Kuva:\u00a0Matias Basualdo \/ ZUMA<\/p>\n<p class=\"article-body mb-nof-24 px-nof-16\">Mielenosoittajat olivat lauantaina aamulla muun muassa tukkineet katuja ja moottoriteit\u00e4. <a class=\"article-genericlink\" href=\"https:\/\/www.hessenschau.de\/panorama\/afd-treffen-in-giessen-die-nachrichten-im-liveticker--zusammenfassung-weitgehend-friedliche-proteste,ticker-afd-treffen-proteste-giessen-100.html#16e91214-a75a-426f-991a-ec5783f528c9\" rel=\"nofollow noopener\" target=\"_blank\">Poliisin<\/a> mukaan jotkut mielenosoittajat heitteliv\u00e4t kivi\u00e4 ja pulloja. Poliisi puolestaan k\u00e4ytti mielenosoittajia vastaan pamppuja, kyynelkaasua ja <a class=\"article-genericlink\" href=\"https:\/\/www.spiegel.de\/politik\/anti-afd-demos-in-giessen-strassenblockaden-und-pfefferspray-bei-protesten-a-ddb74690-6dc1-4fe5-b851-db5b67da210b\" rel=\"nofollow noopener\" target=\"_blank\">vesitykkej\u00e4<\/a>.<\/p>\n<p class=\"article-body mb-nof-24 px-nof-16\">Kymmenientuhansien ihmisten mielenosoitukset lykk\u00e4siv\u00e4t kokouksen alkamista lauantaina yli kahdella tunnilla.<\/p>\n<p class=\"article-body mb-nof-24 px-nof-16\">Giesseniin odotettiin my\u00f6s AfD:t\u00e4 kannattavia vastamielenosoittajia.<\/p>\n<p class=\"article-body mb-nof-24 px-nof-16\">Laajoihin mielenosoituksiin oli varauduttu l\u00e4hett\u00e4m\u00e4ll\u00e4 Giesseniin lis\u00e4avuksi tuhansia poliiseja muualta Saksasta. Kaupunkiin rakennettiin tiesulkuja ja liikkumista rajoitettiin.<\/p>\n<p class=\"article-body mb-nof-24 px-nof-16\">Maahanmuuttovastaisesta AfD:st\u00e4 tuli helmikuun parlamenttivaaleissa Saksan suurin oppositiopuolue yli 20 prosentin kannatuksella.<\/p>\n<p class=\"article-body mb-nof-24 px-nof-16\">Toukokuussa Saksan kotimaan turvallisuuspalvelu julisti AfD:n oikeistolaiseksi \u00e4\u00e4rij\u00e4rjest\u00f6ksi, mik\u00e4 on kiihdytt\u00e4nyt vaatimuksia puolueen kielt\u00e4miseksi. M\u00e4\u00e4rittely \u00e4\u00e4rioikeistolaiseksi ryhm\u00e4ksi on haastettu oikeudessa.<\/p>\n<p class=\"article-body mb-nof-24 px-nof-16\">Puolue on viranomaisten tarkkailussa demokratian vastaisen ja \u00e4\u00e4rioikeistolaisen toiminnan takia.<\/p>\n","protected":false},"excerpt":{"rendered":"Saksan Giesseniss\u00e4 n\u00e4htiin suuria \u00e4\u00e4rioikeiston vastustajien mielenosoituksia. \u00c4\u00e4rioikeistolainen Vaihtoehto Saksalle -puolue (AfD) ilmoitti X-viestipalvelussa lauantaina perustaneensa uuden nuoriso-osaston.&hellip;\n","protected":false},"author":2,"featured_media":103506,"comment_status":"","ping_status":"","sticky":false,"template":"","format":"standard","meta":{"footnotes":""},"categories":[14],"tags":[22,23,26,27,33,31,30,17,34,24,25,28,29,15,18,21,32,19,20,56,16,59,60,61],"class_list":{"0":"post-103505","1":"post","2":"type-post","3":"status-publish","4":"format-standard","5":"has-post-thumbnail","7":"category-ulkomaat","8":"tag-breaking-news","9":"tag-breakingnews","10":"tag-featured-news","11":"tag-featurednews","12":"tag-fi","13":"tag-finland","14":"tag-finnish","15":"tag-headlines","16":"tag-ilta-sanomat","17":"tag-latest-news","18":"tag-latestnews","19":"tag-main-news","20":"tag-mainnews","21":"tag-news","22":"tag-otsikot","23":"tag-paauutiset","24":"tag-suomi","25":"tag-top-stories","26":"tag-topstories","27":"tag-ulkomaat","28":"tag-uutiset","29":"tag-world","30":"tag-world-news","31":"tag-worldnews"},"share_on_mastodon":{"url":"https:\/\/pubeurope.com\/@fi\/115635495084258809","error":""},"_links":{"self":[{"href":"https:\/\/www.europesays.com\/fi\/wp-json\/wp\/v2\/posts\/103505","targetHints":{"allow":["GET"]}}],"collection":[{"href":"https:\/\/www.europesays.com\/fi\/wp-json\/wp\/v2\/posts"}],"about":[{"href":"https:\/\/www.europesays.com\/fi\/wp-json\/wp\/v2\/types\/post"}],"author":[{"embeddable":true,"href":"https:\/\/www.europesays.com\/fi\/wp-json\/wp\/v2\/users\/2"}],"replies":[{"embeddable":true,"href":"https:\/\/www.europesays.com\/fi\/wp-json\/wp\/v2\/comments?post=103505"}],"version-history":[{"count":0,"href":"https:\/\/www.europesays.com\/fi\/wp-json\/wp\/v2\/posts\/103505\/revisions"}],"wp:featuredmedia":[{"embeddable":true,"href":"https:\/\/www.europesays.com\/fi\/wp-json\/wp\/v2\/media\/103506"}],"wp:attachment":[{"href":"https:\/\/www.europesays.com\/fi\/wp-json\/wp\/v2\/media?parent=103505"}],"wp:term":[{"taxonomy":"category","embeddable":true,"href":"https:\/\/www.europesays.com\/fi\/wp-json\/wp\/v2\/categories?post=103505"},{"taxonomy":"post_tag","embeddable":true,"href":"https:\/\/www.europesays.com\/fi\/wp-json\/wp\/v2\/tags?post=103505"}],"curies":[{"name":"wp","href":"https:\/\/api.w.org\/{rel}","templated":true}]}}