{"id":103507,"date":"2025-11-29T23:06:10","date_gmt":"2025-11-29T23:06:10","guid":{"rendered":"https:\/\/www.europesays.com\/fi\/103507\/"},"modified":"2025-11-29T23:06:10","modified_gmt":"2025-11-29T23:06:10","slug":"halytys-lokan-tekojarvelle-osoittautui-aiheettomaksi","status":"publish","type":"post","link":"https:\/\/www.europesays.com\/fi\/103507\/","title":{"rendered":"H\u00e4lytys Lokan tekoj\u00e4rvelle osoittautui aiheettomaksi"},"content":{"rendered":"<p><strong class=\"typography-bold\">Lapin pelastuslaitos kertoi iltap\u00e4iv\u00e4ll\u00e4 saaneensa teht\u00e4v\u00e4n ihmisen pelastamiseksi vedest\u00e4 Sodankyl\u00e4\u00e4n Lokan tekoj\u00e4rvelle.<\/strong><\/p>\n<p>Ilmoituksen mukaan moottorikelkan valo n\u00e4kyi kirkkaana pitk\u00e4n aikaan j\u00e4\u00e4n p\u00e4\u00e4ll\u00e4. Valo oli yht\u00e4kki\u00e4 kadonnut.\u00a0<\/p>\n<p>Pelastuslaitos meni paikalle kolmen pelastusyksik\u00f6n voimin. My\u00f6hemmin pelastuslaitos tiedotti, ett\u00e4 teht\u00e4v\u00e4 oli aiheeton: Kalastaja oli k\u00e4ynyt pyydyksill\u00e4 moottorikelkalla. Paikalla ei ollut henkil\u00f6it\u00e4 avun tarpeessa.\u00a0<\/p>\n<p>Juttua p\u00e4ivitetty kello 17.37: Teht\u00e4v\u00e4 osoittautui aiheettomaksi.<\/p>\n","protected":false},"excerpt":{"rendered":"Lapin pelastuslaitos kertoi iltap\u00e4iv\u00e4ll\u00e4 saaneensa teht\u00e4v\u00e4n ihmisen pelastamiseksi vedest\u00e4 Sodankyl\u00e4\u00e4n Lokan tekoj\u00e4rvelle. Ilmoituksen mukaan moottorikelkan valo n\u00e4kyi kirkkaana&hellip;\n","protected":false},"author":2,"featured_media":79551,"comment_status":"","ping_status":"","sticky":false,"template":"","format":"standard","meta":{"footnotes":""},"categories":[12],"tags":[22,23,26,27,33,31,30,17,24,25,28,29,15,18,21,32,19,20,16],"class_list":{"0":"post-103507","1":"post","2":"type-post","3":"status-publish","4":"format-standard","5":"has-post-thumbnail","7":"category-suomi","8":"tag-breaking-news","9":"tag-breakingnews","10":"tag-featured-news","11":"tag-featurednews","12":"tag-fi","13":"tag-finland","14":"tag-finnish","15":"tag-headlines","16":"tag-latest-news","17":"tag-latestnews","18":"tag-main-news","19":"tag-mainnews","20":"tag-news","21":"tag-otsikot","22":"tag-paauutiset","23":"tag-suomi","24":"tag-top-stories","25":"tag-topstories","26":"tag-uutiset"},"share_on_mastodon":{"url":"https:\/\/pubeurope.com\/@fi\/115635498714044741","error":""},"_links":{"self":[{"href":"https:\/\/www.europesays.com\/fi\/wp-json\/wp\/v2\/posts\/103507","targetHints":{"allow":["GET"]}}],"collection":[{"href":"https:\/\/www.europesays.com\/fi\/wp-json\/wp\/v2\/posts"}],"about":[{"href":"https:\/\/www.europesays.com\/fi\/wp-json\/wp\/v2\/types\/post"}],"author":[{"embeddable":true,"href":"https:\/\/www.europesays.com\/fi\/wp-json\/wp\/v2\/users\/2"}],"replies":[{"embeddable":true,"href":"https:\/\/www.europesays.com\/fi\/wp-json\/wp\/v2\/comments?post=103507"}],"version-history":[{"count":0,"href":"https:\/\/www.europesays.com\/fi\/wp-json\/wp\/v2\/posts\/103507\/revisions"}],"wp:featuredmedia":[{"embeddable":true,"href":"https:\/\/www.europesays.com\/fi\/wp-json\/wp\/v2\/media\/79551"}],"wp:attachment":[{"href":"https:\/\/www.europesays.com\/fi\/wp-json\/wp\/v2\/media?parent=103507"}],"wp:term":[{"taxonomy":"category","embeddable":true,"href":"https:\/\/www.europesays.com\/fi\/wp-json\/wp\/v2\/categories?post=103507"},{"taxonomy":"post_tag","embeddable":true,"href":"https:\/\/www.europesays.com\/fi\/wp-json\/wp\/v2\/tags?post=103507"}],"curies":[{"name":"wp","href":"https:\/\/api.w.org\/{rel}","templated":true}]}}