{"id":103521,"date":"2025-11-29T23:52:05","date_gmt":"2025-11-29T23:52:05","guid":{"rendered":"https:\/\/www.europesays.com\/fi\/103521\/"},"modified":"2025-11-29T23:52:05","modified_gmt":"2025-11-29T23:52:05","slug":"rukalla-tynka-makikisa-niko-kytosaho-komeasti-kahdeksas","status":"publish","type":"post","link":"https:\/\/www.europesays.com\/fi\/103521\/","title":{"rendered":"Rukalla tynk\u00e4 m\u00e4kikisa \u2013 Niko Kyt\u00f6saho komeasti kahdeksas"},"content":{"rendered":"<p>M\u00e4kihyppy|Huono s\u00e4\u00e4 typisti kisan yhteen kierrokseen.<\/p>\n<p>29.11. 17:57 | P\u00e4ivitetty 29.11. 19:13<\/p>\n<p class=\"article-body mb-nof-24 px-nof-16\">Suomen <a class=\"article-personlink\" href=\"https:\/\/www.hs.fi\/haku\/?query=Niko%20Kyt%C3%B6saho\" rel=\"nofollow noopener\" target=\"_blank\">Niko Kyt\u00f6saho<\/a> oli kahdeksas m\u00e4kihypyn miesten maailmancupin kilpailussa Kuusamon Rukalla. Kisasta tuli huonon s\u00e4\u00e4n takia vain yhden kierroksen kilpailu.<\/p>\n<p class=\"article-body mb-nof-24 px-nof-16\">Kyt\u00f6saho venytti avauskierroksella 128,5 metri\u00e4 ja ker\u00e4si 119,6 pistett\u00e4.<a class=\"article-personlink\" href=\"https:\/\/www.hs.fi\/haku\/?query=%20Antti%20Aalto\" rel=\"nofollow noopener\" target=\"_blank\"> Antti Aalto<\/a> ylsi 118 metrin hypyll\u00e4\u00e4n sijalle 29. <a class=\"article-personlink\" href=\"https:\/\/www.hs.fi\/haku\/?query=Vilho%20Palosaari\" rel=\"nofollow noopener\" target=\"_blank\">Vilho Palosaari<\/a> oli 33:s ja <a class=\"article-personlink\" href=\"https:\/\/www.hs.fi\/haku\/?query=Jarkko%20M%C3%A4%C3%A4tt%C3%A4\" rel=\"nofollow noopener\" target=\"_blank\">Jarkko M\u00e4\u00e4tt\u00e4<\/a> 50:s.<\/p>\n<p class=\"article-body mb-nof-24 px-nof-16\">Toinen kierros piti keskeytt\u00e4\u00e4 huonojen s\u00e4\u00e4olojen takia siin\u00e4 vaiheessa, kun Aalto johti kilpailua ja oli v\u00e4rj\u00f6tellyt pitk\u00e4\u00e4n johtajan tuolilla.<\/p>\n<p class=\"article-body mb-nof-24 px-nof-16\">\u201dYleens\u00e4 kauden avaukset ovat olleet minulle todella vaikeita. Nyt hypp\u00e4sin k\u00e4rkikymmenikk\u00f6\u00f6n, joten hymyilytt\u00e4\u00e4\u201d, Kyt\u00f6saho sanoi.<\/p>\n<p class=\"article-body mb-nof-24 px-nof-16\">Kahdeksas sija on suomalaishypp\u00e4\u00e4jille paras Rukalla sitten vuoden 2014, jolloin <a class=\"article-personlink\" href=\"https:\/\/www.hs.fi\/haku\/?query=Lauri%20Asikainen\" rel=\"nofollow noopener\" target=\"_blank\">Lauri Asikainen <\/a>oli kahdeksas.<\/p>\n<p class=\"article-body mb-nof-24 px-nof-16\">Kyt\u00f6sahosta on tulossa Rukan tynk\u00e4kisojen erikoismies. Vuosi sitten h\u00e4n oli yhden kierroksen kilpailussa 13:s ja Aalto 11:s.<\/p>\n<p class=\"article-body mb-nof-24 px-nof-16\">\u201dHarmittaa, kun en p\u00e4\u00e4ssyt hypp\u00e4\u00e4m\u00e4\u00e4n toisella kierroksella. Hypp\u00e4\u00e4minen on tuntunut hyv\u00e4lt\u00e4 monta viikkoa, ja olen halunnut kisata. Hypyt ovat sujuneet hyvin my\u00f6s Rukan harjoituksissa. Vain karsinnassa tuli huonompi\u201d, Kyt\u00f6saho puntaroi kuntoaan.<\/p>\n<p class=\"article-body mb-nof-24 px-nof-16\">\u201dMinulla on uudet sukset, jotka ovat l\u00f6ysemm\u00e4t kuin aiemmat\u201d, h\u00e4n mainitsi yhden onnistuneen siirron.<\/p>\n<p class=\"article-body mb-nof-24 px-nof-16\">Toinen kierros piti keskeytt\u00e4\u00e4, koska sade vesitti hyppyrin keulan ja hidasti vauhteja. My\u00f6s tuuli puhalteli sekavana ja loi yll\u00e4tysmahdollisuuksia.<\/p>\n<p class=\"article-body mb-nof-24 px-nof-16\">Aalto venytti toisella kierroksella 128,5 metri\u00e4 ja olisi parantanut roimasti asemiaan ensimm\u00e4isen kierroksen 29. sijasta, mutta tuo sijoitus j\u00e4i voimaan. Tilastoihin j\u00e4i vain ensimm\u00e4isen kierroksen 118-metrinen.<\/p>\n<p class=\"article-body mb-nof-24 px-nof-16\">\u201dAika paljon harmittaa. Toisella kierroksella tuli kiva laaki, jossa olosuhde ja hyppy t\u00e4sm\u00e4siv\u00e4t. Se oli hyv\u00e4 hyppy.\u201d<\/p>\n<p class=\"article-body mb-nof-24 px-nof-16\">Slovenian <a class=\"article-personlink\" href=\"https:\/\/www.hs.fi\/haku\/?query=An%C5%BEe%20Lani%C5%A1ek\" rel=\"nofollow noopener\" target=\"_blank\">An\u017ee Lani\u0161ek<\/a> nappasi voiton, Japanin <a class=\"article-personlink\" href=\"https:\/\/www.hs.fi\/haku\/?query=Ren%20Nikaido\" rel=\"nofollow noopener\" target=\"_blank\">Ren Nikaido<\/a> tuli toiseksi ja Slovenian <a class=\"article-personlink\" href=\"https:\/\/www.hs.fi\/haku\/?query=Domen%20Prevc\" rel=\"nofollow noopener\" target=\"_blank\">Domen Prevc<\/a> kolmanneksi.<\/p>\n","protected":false},"excerpt":{"rendered":"M\u00e4kihyppy|Huono s\u00e4\u00e4 typisti kisan yhteen kierrokseen. 29.11. 17:57 | P\u00e4ivitetty 29.11. 19:13 Suomen Niko Kyt\u00f6saho oli kahdeksas m\u00e4kihypyn&hellip;\n","protected":false},"author":2,"featured_media":103522,"comment_status":"","ping_status":"","sticky":false,"template":"","format":"standard","meta":{"footnotes":""},"categories":[158],"tags":[33,31,30,46,159,32,160],"class_list":{"0":"post-103521","1":"post","2":"type-post","3":"status-publish","4":"format-standard","5":"has-post-thumbnail","7":"category-urheilu","8":"tag-fi","9":"tag-finland","10":"tag-finnish","11":"tag-helsingin-sanomat","12":"tag-sports","13":"tag-suomi","14":"tag-urheilu"},"share_on_mastodon":{"url":"https:\/\/pubeurope.com\/@fi\/115635679660290378","error":""},"_links":{"self":[{"href":"https:\/\/www.europesays.com\/fi\/wp-json\/wp\/v2\/posts\/103521","targetHints":{"allow":["GET"]}}],"collection":[{"href":"https:\/\/www.europesays.com\/fi\/wp-json\/wp\/v2\/posts"}],"about":[{"href":"https:\/\/www.europesays.com\/fi\/wp-json\/wp\/v2\/types\/post"}],"author":[{"embeddable":true,"href":"https:\/\/www.europesays.com\/fi\/wp-json\/wp\/v2\/users\/2"}],"replies":[{"embeddable":true,"href":"https:\/\/www.europesays.com\/fi\/wp-json\/wp\/v2\/comments?post=103521"}],"version-history":[{"count":0,"href":"https:\/\/www.europesays.com\/fi\/wp-json\/wp\/v2\/posts\/103521\/revisions"}],"wp:featuredmedia":[{"embeddable":true,"href":"https:\/\/www.europesays.com\/fi\/wp-json\/wp\/v2\/media\/103522"}],"wp:attachment":[{"href":"https:\/\/www.europesays.com\/fi\/wp-json\/wp\/v2\/media?parent=103521"}],"wp:term":[{"taxonomy":"category","embeddable":true,"href":"https:\/\/www.europesays.com\/fi\/wp-json\/wp\/v2\/categories?post=103521"},{"taxonomy":"post_tag","embeddable":true,"href":"https:\/\/www.europesays.com\/fi\/wp-json\/wp\/v2\/tags?post=103521"}],"curies":[{"name":"wp","href":"https:\/\/api.w.org\/{rel}","templated":true}]}}