{"id":103539,"date":"2025-11-30T00:23:08","date_gmt":"2025-11-30T00:23:08","guid":{"rendered":"https:\/\/www.europesays.com\/fi\/103539\/"},"modified":"2025-11-30T00:23:08","modified_gmt":"2025-11-30T00:23:08","slug":"ukrainan-rauha-repii-lantta-hs-fi","status":"publish","type":"post","link":"https:\/\/www.europesays.com\/fi\/103539\/","title":{"rendered":"Ukrainan rauha repii l\u00e4ntt\u00e4 | HS.fi"},"content":{"rendered":"<p>P\u00e4\u00e4kirjoitus|Neuvottelut Ukrainan rauhanneuvottelujen edellytyksist\u00e4 n\u00e4ytt\u00e4v\u00e4t, millaisella vauhdilla Yhdysvaltain ja Euroopan turvallisuuspoliittiset edut erkanevat toisistaan.<\/p>\n<p class=\"article-body mb-nof-24 px-nof-16\">Ukrainan sodan lopettamisessa on tullut uusi railo Yhdysvaltain ja Euroopan suhteisiin.<\/p>\n<p class=\"article-body mb-nof-24 px-nof-16\">Presidentti Donald Trumpin Yhdysvallat ajaa nopeaa rauhaa hinnalla mill\u00e4 hyv\u00e4ns\u00e4, kun taas Eurooppa pit\u00e4\u00e4 kiinni periaatteista ja Ukrainan oikeuksista. Ristiriita ei koske vain rauhansopimuksen yksityiskohtia, vaan sodan lopettamisen aikataulua, keinoja ja tavoitteita.<\/p>\n<p class=\"article-body mb-nof-24 px-nof-16\">Yhdysvallat on valmis siihen, ett\u00e4 Ukraina menett\u00e4\u00e4 alueitaan ja pienent\u00e4\u00e4 armeijaansa. Presidentti Volodymyr Zelenskyin Yhdysvallat n\u00e4kee esteen\u00e4 rauhalle. Trump suunnittelee jo yhteisty\u00f6t\u00e4 Ven\u00e4j\u00e4n kanssa sodan j\u00e4lkeen.<\/p>\n<p class=\"article-body mb-nof-24 px-nof-16\">Euroopan Ven\u00e4j\u00e4-suhde puolestaan on entist\u00e4kin varautuneempi ja hajautuneempi. Rauhanneuvotteluissa Euroopalle on kyse Ukrainan identiteetist\u00e4 ja suvereniteetista sek\u00e4 siit\u00e4, ett\u00e4 varsinkin Baltian maat pelk\u00e4\u00e4v\u00e4t olevansa seuraavina ruokalistalla. Siksi sodan jatkamista pidet\u00e4\u00e4n huonoa rauhaa parempana.<\/p>\n<p class=\"article-body mb-nof-24 px-nof-16\">Erityisesti Yhdysvaltojen ja Euroopan n\u00e4kemykset eroavat rauhan ehdoista ja siit\u00e4, miten Ukrainan ja Euroopan turvallisuus jatkossa taataan.<\/p>\n<p class=\"article-body mb-nof-24 px-nof-16\">Yhdysvaltojen sitoutuminen turvatakuisiin on ep\u00e4varmaa, samoin Euroopan kyky tehd\u00e4 niist\u00e4 p\u00e4\u00e4t\u00f6ksi\u00e4. Turvatakuiden pit\u00e4isi olla uskottavia, mik\u00e4 tarkoittaisi valmiutta tehd\u00e4 jotain, mit\u00e4 ei ole t\u00e4h\u00e4n menness\u00e4 tehty Ukrainan puolesta: l\u00e4hett\u00e4\u00e4 tosipaikassa sotilaita Ukrainaan.<\/p>\n<p class=\"article-body mb-nof-24 px-nof-16\">Euroopan mailla on rajalliset resurssit tarjota uskottavia turvatakuita ilman, ett\u00e4 Nato-maiden oma puolustus heikkenee. Samaan aikaan Ven\u00e4j\u00e4n asema on yh\u00e4 vahva, joten miksi suostua turvatakuisiin. Tosin Ven\u00e4j\u00e4 osaa pelata t\u00e4t\u00e4 \u0161akkia my\u00f6s pari siirtoa eteenp\u00e4in. Ven\u00e4j\u00e4 voi laskea Euroopan p\u00e4\u00e4tyv\u00e4n nopeasti strategiseen umpikujaan ja toteavan itse, ettei Ukrainalle pystyt\u00e4 tarjoamaan uskottavia turvatakuita.<\/p>\n<p class=\"article-body mb-nof-24 px-nof-16\">Euroopalla on kiire, sill\u00e4 uusi kylm\u00e4 sota alkoi jo. Uhka tulee yh\u00e4 id\u00e4st\u00e4, mutta side Yhdysvaltojen ja Euroopan v\u00e4lill\u00e4 hapertuu kovaa vauhtia. Trumpin ymp\u00e4rille ker\u00e4\u00e4ntynyt kristillis-konservatiivinen oikeisto suhtautuu liberaaliin Eurooppaan avoimen vihamielisesti.<\/p>\n<blockquote class=\"citation\">\n<p>\u201d<\/p>\n<p>Eurooppa on haluttomien koalitio.<\/p>\n<\/blockquote>\n<p class=\"article-body mb-nof-24 px-nof-16\">Transatlanttista suhdetta on vaalittu poliittisten, taloudellisten, sotilaallisten ja my\u00f6s kulttuuristen suhteiden verkostoissa. Ne ovat nyt repeilleet.<\/p>\n<p class=\"article-body mb-nof-24 px-nof-16\">Yhdysvaltojen nykyhallinto ei ymm\u00e4rr\u00e4 Naton merkityst\u00e4 Euroopan maille, eik\u00e4 ylip\u00e4\u00e4t\u00e4\u00e4n EU:n tarkoitusta. K\u00e4sitys liittolaisuudesta on h\u00e4m\u00e4rtynyt, mist\u00e4 kertovat puheet Gr\u00f6nlannin valtaamisesta.<\/p>\n<p class=\"article-body mb-nof-24 px-nof-16\">Natossa Yhdysvallat on vedellyt keskelt\u00e4 kaikkia lankoja. Silti Yhdysvallat irrottautuu nyt itse verkosta. Verkko ei viel\u00e4 hajoa, mutta sen painopiste siirtyy.<\/p>\n<p class=\"article-body mb-nof-24 px-nof-16\">Eurooppa on tottunut siihen, ett\u00e4 Yhdysvallat maksaa, m\u00e4\u00e4r\u00e4\u00e4 ja kantaa vastuun. Nyt on ep\u00e4selv\u00e4\u00e4, kuka Euroopan joukkuetta johtaa ja mihin suuntaan. Haluttomien koalitio on juuri sit\u00e4, mist\u00e4 Ven\u00e4j\u00e4 pit\u00e4\u00e4.<\/p>\n<p class=\"article-body mb-nof-24 px-nof-16\">Euroopan maat ovat toki ymm\u00e4rt\u00e4neet, ett\u00e4 Yhdysvallat et\u00e4\u00e4ntyy Euroopan puolustuksessa. Se tarkoittaa merkitt\u00e4vi\u00e4 investointeja puolustukseen, syvemp\u00e4\u00e4 integraatiota EU:n puolustuspolitiikassa ja uudenlaista strategista ajattelua.<\/p>\n<p class=\"article-body mb-nof-24 px-nof-16\">Kaikki t\u00e4m\u00e4 on k\u00e4ynniss\u00e4, mutta teht\u00e4v\u00e4\u00e4 on viel\u00e4 paljon. Euroopan on vastattava konventionaalisesta puolustuksesta, tiedustelusta ja kuljetuskyvyst\u00e4 itse. Naton komentorakenteisiin on saatava ainakin varamiehiksi eurooppalaiset. Puolustussuunnittelu muuttuu, kun Yhdysvaltojen kyvyt eiv\u00e4t ole k\u00e4yt\u00f6ss\u00e4. Silti olisi vaalittava suhdetta my\u00f6s Yhdysvaltoihin, jossa tulee viel\u00e4 Eurooppaan toisella tavalla suhtautuvia presidenttej\u00e4.<\/p>\n<p class=\"article-body mb-nof-24 px-nof-16\">Euroopan turvallisuustilanne on monimutkainen ja ep\u00e4varma. Se ei johdu vain Ven\u00e4j\u00e4st\u00e4 vaan my\u00f6s siit\u00e4, ett\u00e4 Yhdysvaltojen ja Euroopan intressit ovat aidosti erilaiset.<\/p>\n<p class=\"article-body mb-nof-24 px-nof-16\">Ukrainalle tilanne on raastavin. Rauhaa tehd\u00e4\u00e4n nyt Ven\u00e4j\u00e4n ehdoilla, mutta jos sodan kulku ei t\u00e4st\u00e4 k\u00e4\u00e4nny, my\u00f6hemmin tarjolle voi tulla viel\u00e4kin huonommat ehdot.<\/p>\n","protected":false},"excerpt":{"rendered":"P\u00e4\u00e4kirjoitus|Neuvottelut Ukrainan rauhanneuvottelujen edellytyksist\u00e4 n\u00e4ytt\u00e4v\u00e4t, millaisella vauhdilla Yhdysvaltain ja Euroopan turvallisuuspoliittiset edut erkanevat toisistaan. Ukrainan sodan lopettamisessa on&hellip;\n","protected":false},"author":2,"featured_media":103540,"comment_status":"","ping_status":"","sticky":false,"template":"","format":"standard","meta":{"footnotes":""},"categories":[14],"tags":[22,23,26,27,33,31,30,17,46,24,25,28,29,15,18,21,32,19,20,56,16,59,60,61],"class_list":{"0":"post-103539","1":"post","2":"type-post","3":"status-publish","4":"format-standard","5":"has-post-thumbnail","7":"category-ulkomaat","8":"tag-breaking-news","9":"tag-breakingnews","10":"tag-featured-news","11":"tag-featurednews","12":"tag-fi","13":"tag-finland","14":"tag-finnish","15":"tag-headlines","16":"tag-helsingin-sanomat","17":"tag-latest-news","18":"tag-latestnews","19":"tag-main-news","20":"tag-mainnews","21":"tag-news","22":"tag-otsikot","23":"tag-paauutiset","24":"tag-suomi","25":"tag-top-stories","26":"tag-topstories","27":"tag-ulkomaat","28":"tag-uutiset","29":"tag-world","30":"tag-world-news","31":"tag-worldnews"},"share_on_mastodon":{"url":"https:\/\/pubeurope.com\/@fi\/115635801573499175","error":""},"_links":{"self":[{"href":"https:\/\/www.europesays.com\/fi\/wp-json\/wp\/v2\/posts\/103539","targetHints":{"allow":["GET"]}}],"collection":[{"href":"https:\/\/www.europesays.com\/fi\/wp-json\/wp\/v2\/posts"}],"about":[{"href":"https:\/\/www.europesays.com\/fi\/wp-json\/wp\/v2\/types\/post"}],"author":[{"embeddable":true,"href":"https:\/\/www.europesays.com\/fi\/wp-json\/wp\/v2\/users\/2"}],"replies":[{"embeddable":true,"href":"https:\/\/www.europesays.com\/fi\/wp-json\/wp\/v2\/comments?post=103539"}],"version-history":[{"count":0,"href":"https:\/\/www.europesays.com\/fi\/wp-json\/wp\/v2\/posts\/103539\/revisions"}],"wp:featuredmedia":[{"embeddable":true,"href":"https:\/\/www.europesays.com\/fi\/wp-json\/wp\/v2\/media\/103540"}],"wp:attachment":[{"href":"https:\/\/www.europesays.com\/fi\/wp-json\/wp\/v2\/media?parent=103539"}],"wp:term":[{"taxonomy":"category","embeddable":true,"href":"https:\/\/www.europesays.com\/fi\/wp-json\/wp\/v2\/categories?post=103539"},{"taxonomy":"post_tag","embeddable":true,"href":"https:\/\/www.europesays.com\/fi\/wp-json\/wp\/v2\/tags?post=103539"}],"curies":[{"name":"wp","href":"https:\/\/api.w.org\/{rel}","templated":true}]}}