{"id":103543,"date":"2025-11-30T00:25:08","date_gmt":"2025-11-30T00:25:08","guid":{"rendered":"https:\/\/www.europesays.com\/fi\/103543\/"},"modified":"2025-11-30T00:25:08","modified_gmt":"2025-11-30T00:25:08","slug":"viranomainen-israel-tappanut-yli-70-000-ihmista-gazassa-sitten-lokakuun-2023","status":"publish","type":"post","link":"https:\/\/www.europesays.com\/fi\/103543\/","title":{"rendered":"Viranomainen: Israel tappanut yli 70\u202f000 ihmist\u00e4 Gazassa sitten lokakuun 2023"},"content":{"rendered":"<p>L\u00e4hi-it\u00e4|Esimerkiksi YK:n tutkintakomissio arvioi, ett\u00e4 Israel on syyllistynyt kansanmurhaan Gazassa.<\/p>\n<p class=\"article-body mb-nof-24 px-nof-16\">Gazassa yli 70\u2009000 ihmist\u00e4 on saanut surmansa sen j\u00e4lkeen, kun Israel alkoi moukaroida aluetta yli kaksi vuotta sitten, kertoo Gazan terveysministeri\u00f6.<\/p>\n<p class=\"article-body mb-nof-24 px-nof-16\">Terveysministeri\u00f6n mukaan Israelin asevoimien tulituksessa on kuollut yli 350 ihmist\u00e4 sen j\u00e4lkeen, kun Israelin ja Hamasin v\u00e4linen aselepo astui voimaan lokakuussa.<\/p>\n<p class=\"article-body mb-nof-24 px-nof-16\">Muun muassa YK:n riippumaton tutkintakomissio on katsonut, ett\u00e4 Israel on syyllistynyt kansanmurhaan Gazassa.<\/p>\n<p class=\"article-body mb-nof-24 px-nof-16\">Israel aloitti hy\u00f6kk\u00e4yksens\u00e4 Gazassa sen j\u00e4lkeen, kun Hamas ja muut palestiinalaiset \u00e4\u00e4rij\u00e4rjest\u00f6t olivat hy\u00f6k\u00e4nneet Israeliin lokakuun alkupuolella vuonna 2023.<\/p>\n","protected":false},"excerpt":{"rendered":"L\u00e4hi-it\u00e4|Esimerkiksi YK:n tutkintakomissio arvioi, ett\u00e4 Israel on syyllistynyt kansanmurhaan Gazassa. Gazassa yli 70\u2009000 ihmist\u00e4 on saanut surmansa sen&hellip;\n","protected":false},"author":2,"featured_media":103544,"comment_status":"","ping_status":"","sticky":false,"template":"","format":"standard","meta":{"footnotes":""},"categories":[5],"tags":[22,23,26,27,33,31,30,17,46,24,25,28,29,15,18,21,32,19,20,16],"class_list":{"0":"post-103543","1":"post","2":"type-post","3":"status-publish","4":"format-standard","5":"has-post-thumbnail","7":"category-otsikot","8":"tag-breaking-news","9":"tag-breakingnews","10":"tag-featured-news","11":"tag-featurednews","12":"tag-fi","13":"tag-finland","14":"tag-finnish","15":"tag-headlines","16":"tag-helsingin-sanomat","17":"tag-latest-news","18":"tag-latestnews","19":"tag-main-news","20":"tag-mainnews","21":"tag-news","22":"tag-otsikot","23":"tag-paauutiset","24":"tag-suomi","25":"tag-top-stories","26":"tag-topstories","27":"tag-uutiset"},"share_on_mastodon":{"url":"https:\/\/pubeurope.com\/@fi\/115635809360965070","error":""},"_links":{"self":[{"href":"https:\/\/www.europesays.com\/fi\/wp-json\/wp\/v2\/posts\/103543","targetHints":{"allow":["GET"]}}],"collection":[{"href":"https:\/\/www.europesays.com\/fi\/wp-json\/wp\/v2\/posts"}],"about":[{"href":"https:\/\/www.europesays.com\/fi\/wp-json\/wp\/v2\/types\/post"}],"author":[{"embeddable":true,"href":"https:\/\/www.europesays.com\/fi\/wp-json\/wp\/v2\/users\/2"}],"replies":[{"embeddable":true,"href":"https:\/\/www.europesays.com\/fi\/wp-json\/wp\/v2\/comments?post=103543"}],"version-history":[{"count":0,"href":"https:\/\/www.europesays.com\/fi\/wp-json\/wp\/v2\/posts\/103543\/revisions"}],"wp:featuredmedia":[{"embeddable":true,"href":"https:\/\/www.europesays.com\/fi\/wp-json\/wp\/v2\/media\/103544"}],"wp:attachment":[{"href":"https:\/\/www.europesays.com\/fi\/wp-json\/wp\/v2\/media?parent=103543"}],"wp:term":[{"taxonomy":"category","embeddable":true,"href":"https:\/\/www.europesays.com\/fi\/wp-json\/wp\/v2\/categories?post=103543"},{"taxonomy":"post_tag","embeddable":true,"href":"https:\/\/www.europesays.com\/fi\/wp-json\/wp\/v2\/tags?post=103543"}],"curies":[{"name":"wp","href":"https:\/\/api.w.org\/{rel}","templated":true}]}}