{"id":103562,"date":"2025-11-30T01:11:14","date_gmt":"2025-11-30T01:11:14","guid":{"rendered":"https:\/\/www.europesays.com\/fi\/103562\/"},"modified":"2025-11-30T01:11:14","modified_gmt":"2025-11-30T01:11:14","slug":"minna-kuukan-piparkakkutalot-jouluinen-pakkomielle-ja-upeat-luomukset","status":"publish","type":"post","link":"https:\/\/www.europesays.com\/fi\/103562\/","title":{"rendered":"Minna Kuukan piparkakkutalot: Jouluinen pakkomielle ja upeat luomukset"},"content":{"rendered":"<p>            Timo Korhonen\n        <\/p>\n<p class=\"subtitle \">Minnan kotona on todellinen tehdas pystyss\u00e4.<\/p>\n<p class=\"article-content article-content-width !bg-background\">Radio Novan aamuista tunnettu \u00e4\u00e4ni , 55, on aktiivinen jouluttaja, ainakin mit\u00e4 piparkakkutaloihin tulee.<\/p>\n<p class=\"font-weight-bold m-font-weight-bold article-content article-content-width !bg-background\">Katso my\u00f6s! Minna Kuukka kertoo piparkakkutaloharrastuksestaan:<\/p>\n<p class=\"article-content article-content-width !bg-background\">T\u00e4n\u00e4 vuonna oli tarkoitus pit\u00e4\u00e4 v\u00e4livuosi talojenrakennuksesta, mutta pakkomielle vei j\u00e4lleen voiton.<\/p>\n<p>&#8221;Selk\u00e4ranka kuin kumisaappaalla..&#8221;<\/p>\n<p class=\"article-content article-content-width !bg-background\">Minna on jakanut tuttuun tapaan kuvia tekeleist\u00e4\u00e4n<a href=\"https:\/\/www.instagram.com\/minnakuukka\/?hl=fi\" target=\"_blank\" rel=\"nofollow noopener\"> Instagram<\/a>-tililleen pitkin marraskuuta. Ensimm\u00e4inen piparkakkutalo t\u00e4lle vuotta nousi jo p\u00e4\u00e4lle viikko takaperin.<\/p>\n<p class=\"article-content article-content-width !bg-background\">Minnan mukaan t\u00e4n\u00e4 vuonna oli tarkoitus pit\u00e4\u00e4 piparkakkutehtailusta v\u00e4livuosi, mutta toisin k\u00e4vi.<\/p>\n<p class=\"article-content article-content-width !bg-background\"> \u2013\u00a0P\u00e4\u00e4tin aiemmin, ett\u00e4 t\u00e4st\u00e4 tulee nyt se pitk\u00e4\u00e4n uumoiltu v\u00e4livuosi talotehtaalla, jossa meno on toisinaan \u00e4itynyt turhan kiihke\u00e4ksi, Minna tunnustaa.<\/p>\n<p>        <a itemprop=\"url\" href=\"https:\/\/www.seiska.fi\/katso\/minna-kuukka-lahti-kiukkuisena-pois-ttk-studiolta-nain-tahtiopettaja-reagoi\/1950013\" rel=\"nofollow noopener\" target=\"_blank\"><\/p>\n<p>\nMinna Kuukka\n<\/p>\n<p class=\"section-date\">\n        <strong class=\"article-section\" data-section=\"katso\"><br \/>\n            katso<br \/>\n        <\/strong><br \/>\n        3.10. 14:15\n    <\/p>\n<p>Minna Kuukka l\u00e4hti kiukkuisena pois TTK-studiolta &#8211; n\u00e4in t\u00e4htiopettaja reagoi\n    <\/p>\n<p itemprop=\"description\" class=\"subtitle \">\n    Minna Kuukan ja Mikko Ahdin tanssitreenit eiv\u00e4t menneet putkeen.\n<\/p>\n<p>        <\/a><\/p>\n<p class=\"article-content article-content-width !bg-background\">Lopulta himot veiv\u00e4t kuitenkin voiton.<\/p>\n<p class=\"article-content article-content-width !bg-background\"> \u2013 Vaan koska selk\u00e4ranka on ku kumisaappaanvarsi, viikonloppuna otin sittenkin varovasti tuntumaa ja ensimm\u00e4iset putkahtivat, h\u00e4n paljastaa.<\/p>\n<p>Upeita luomuksia!<\/p>\n<p class=\"article-content article-content-width !bg-background\">Vaikka Minna lupasi ettei t\u00e4n\u00e4 vuonna aio kokeilla ainakaan mit\u00e4\u00e4n uusia innovaatioita, vaan luottaa tuttuihin kaavoihin, on taloista rakentunut j\u00e4lleen toinen toistaan upeampia luomuksia.<\/p>\n<p class=\"article-content article-content-width !bg-background\"> \u2013 Oot kyll\u00e4 mestari, kommenttikent\u00e4ss\u00e4 hehkutetaan.<\/p>\n<p>        <a itemprop=\"url\" href=\"https:\/\/www.seiska.fi\/kotimaa\/no-huhhuh-talta-minna-kuukka-naytti-noin-18-vuotiaana\/1592192\" rel=\"nofollow noopener\" target=\"_blank\"><\/p>\n<p class=\"section-date\">\n        <strong class=\"article-section\" data-section=\"kotimaa\"><br \/>\n            kotimaa<br \/>\n        <\/strong><br \/>\n        25.1. 12:00\n    <\/p>\n<p>No huhhuh, t\u00e4lt\u00e4 Minna Kuukka n\u00e4ytti noin 18-vuotiaana\n    <\/p>\n<p itemprop=\"description\" class=\"subtitle \">\n    Radiojuontaja oli varsin n\u00e4ytt\u00e4v\u00e4 tapaus.\n<\/p>\n<p>        <\/a><\/p>\n<p class=\"article-content article-content-width !bg-background\">Viimeisimp\u00e4n\u00e4 luomuksena Minnan piparkakkutalotehtaalla on syntynyt vihre\u00e4 tupa, punaisella katolla.<\/p>\n<p class=\"article-content article-content-width !bg-background\"> \u2013\u00a0Mites se perjantai-ilta siell\u00e4 teill\u00e4, joilla on ihan oikeaa tekemist\u00e4?, Minna letkauttaa julkaisussaan. <\/p>\n<p class=\"article-content article-content-width !bg-background\">Minna luonnehtii piparkakkupuuhiaan julkaisun hashtageiss\u00e4 pakkomielteeksi.<\/p>\n<p>                <img decoding=\"async\" src=\"https:\/\/www.europesays.com\/fi\/wp-content\/uploads\/2025\/11\/2007329.webp\" width=\"576\" height=\"720\" alt=\"Minna n\u00e4htiin syksyll\u00e4 yhten\u00e4 Tanssii t\u00e4htien kanssa -ohjelman t\u00e4htioppilaana. Minna ja h\u00e4nen tanssiparinsa Mikko Ahti kapusivat kilpailun viidennelle sijalle asti.\" loading=\"lazy\" \/>            <\/p>\n<p>            Minna n\u00e4htiin syksyll\u00e4 yhten\u00e4 Tanssii t\u00e4htien kanssa -ohjelman t\u00e4htioppilaana. Minna ja h\u00e4nen tanssiparinsa  kapusivat kilpailun viidennelle sijalle asti.<br \/>\n            Timo Korhonen<\/p>\n<p><script async src=\"\/\/www.instagram.com\/embed.js\"><\/script><\/p>\n","protected":false},"excerpt":{"rendered":"Timo Korhonen Minnan kotona on todellinen tehdas pystyss\u00e4. Radio Novan aamuista tunnettu \u00e4\u00e4ni , 55, on aktiivinen jouluttaja,&hellip;\n","protected":false},"author":2,"featured_media":103563,"comment_status":"","ping_status":"","sticky":false,"template":"","format":"standard","meta":{"footnotes":""},"categories":[130],"tags":[137,33,31,30,5856,212,3945,18502,3229,32,109],"class_list":{"0":"post-103562","1":"post","2":"type-post","3":"status-publish","4":"format-standard","5":"has-post-thumbnail","7":"category-viihde","8":"tag-entertainment","9":"tag-fi","10":"tag-finland","11":"tag-finnish","12":"tag-joulu","13":"tag-lifestyle","14":"tag-minna-kuukka","15":"tag-piparkakkutalo","16":"tag-radio-nova","17":"tag-suomi","18":"tag-viihde"},"share_on_mastodon":{"url":"https:\/\/pubeurope.com\/@fi\/115635990324742146","error":""},"_links":{"self":[{"href":"https:\/\/www.europesays.com\/fi\/wp-json\/wp\/v2\/posts\/103562","targetHints":{"allow":["GET"]}}],"collection":[{"href":"https:\/\/www.europesays.com\/fi\/wp-json\/wp\/v2\/posts"}],"about":[{"href":"https:\/\/www.europesays.com\/fi\/wp-json\/wp\/v2\/types\/post"}],"author":[{"embeddable":true,"href":"https:\/\/www.europesays.com\/fi\/wp-json\/wp\/v2\/users\/2"}],"replies":[{"embeddable":true,"href":"https:\/\/www.europesays.com\/fi\/wp-json\/wp\/v2\/comments?post=103562"}],"version-history":[{"count":0,"href":"https:\/\/www.europesays.com\/fi\/wp-json\/wp\/v2\/posts\/103562\/revisions"}],"wp:featuredmedia":[{"embeddable":true,"href":"https:\/\/www.europesays.com\/fi\/wp-json\/wp\/v2\/media\/103563"}],"wp:attachment":[{"href":"https:\/\/www.europesays.com\/fi\/wp-json\/wp\/v2\/media?parent=103562"}],"wp:term":[{"taxonomy":"category","embeddable":true,"href":"https:\/\/www.europesays.com\/fi\/wp-json\/wp\/v2\/categories?post=103562"},{"taxonomy":"post_tag","embeddable":true,"href":"https:\/\/www.europesays.com\/fi\/wp-json\/wp\/v2\/tags?post=103562"}],"curies":[{"name":"wp","href":"https:\/\/api.w.org\/{rel}","templated":true}]}}