{"id":103568,"date":"2025-11-30T01:16:09","date_gmt":"2025-11-30T01:16:09","guid":{"rendered":"https:\/\/www.europesays.com\/fi\/103568\/"},"modified":"2025-11-30T01:16:09","modified_gmt":"2025-11-30T01:16:09","slug":"vesisateen-harmaudesta-kireisiin-pakkasiin-lapin-saassa-tapahtuu-suuria-hyppayksia-lahipaivina","status":"publish","type":"post","link":"https:\/\/www.europesays.com\/fi\/103568\/","title":{"rendered":"Vesisateen harmaudesta kireisiin pakkasiin \u2013\u202fLapin s\u00e4\u00e4ss\u00e4 tapahtuu suuria hypp\u00e4yksi\u00e4 l\u00e4hip\u00e4ivin\u00e4"},"content":{"rendered":"<p>    <img decoding=\"async\" class=\"responsive-image article__image-image lozad\"   src=\"https:\/\/www.europesays.com\/fi\/wp-content\/uploads\/2025\/11\/9mo7uM5At0YBUj9JrKCtvuUTCRzW2vpap2yKOfzA9kBjnWIPjrz0CSabm2zi1E2mQHKBlnqBymofp_lJfl98LQ_v9GapXsuBK6an.jpeg\" alt=\"Kuohkea lumipeite on muuttunut Lapissakin monin paikoin sohjoiseksi, suurimmilta teilt\u00e4 lumi on sulanut kokonaan etel\u00e4isemm\u00e4ss\u00e4 Lapissa.\"\/><\/p>\n<p>\n                Kuohkea lumipeite on muuttunut Lapissakin monin paikoin sohjoiseksi, suurimmilta teilt\u00e4 lumi on sulanut kokonaan etel\u00e4isemm\u00e4ss\u00e4 Lapissa.\n              <\/p>\n<p>\n                Kuva: Jukka-Pekka Moilanen\n              <\/p>\n<p class=\"article__paragraph\">\n      Viikonloppua on vietetty Lappia my\u00f6ten lauhassa s\u00e4\u00e4ss\u00e4, kerrotaan Ilmatieteen laitokselta. Plussakelit eiv\u00e4t kuitenkaan p\u00e4ivyst\u00e4v\u00e4n meteorologin Pinja Rauham\u00e4en mukaan yll\u00e4 ihan koko Suomeen, sill\u00e4 k\u00e4sivarrne Lapissa eiv\u00e4t l\u00e4mp\u00f6tilat kohonneet plussan puolelle.\n    <\/p>\n<p class=\"article__paragraph\">\n      Esimerkiksi Rovaniemell\u00e4 on satanut taivaalta silkkaa vett\u00e4, ja l\u00e4mp\u00f6tila on noussut nelj\u00e4n asteen tuntumaan. vett\u00e4 satoi\n    <\/p>\n<p class=\"article__paragraph\">\n      L\u00e4mpim\u00e4t kelit laajentavat etel\u00e4isen Suomen mustaa maata. Esimerkiksi etel\u00e4rannikolla l\u00e4mp\u00f6tila on noussut viiden p\u00e4iv\u00e4n tuntumaan, eik\u00e4 l\u00e4hiennusteissa ole luvassa muutosta. L\u00e4mpimint\u00e4 on Lounais-Suomen rannikolla, miss\u00e4 lukemat voivat kiivet\u00e4 kahdeksaan asteeseen.\n    <\/p>\n<p>      Pakkaset palaavat Lappiin<\/p>\n<p class=\"article__paragraph\">\n      Sunnuntaina s\u00e4\u00e4 poutaantuu suuressa osassa maata. Suomen etel\u00e4- ja keskiosissa tulee viel\u00e4 aamup\u00e4iv\u00e4n aikana paikallisia vesisateita.\n    <\/p>\n<p class=\"article__paragraph\">\n      Pohjoisessa s\u00e4\u00e4 kylmenee p\u00e4iv\u00e4n aikan, ja illan tullen Lappiin saapuu lumisateita.\n    <\/p>\n<p class=\"article__paragraph\">\n      Sunnuntaina nollaraja sijoittuu Oulun korkeudelle, t\u00e4t\u00e4 pohjoisempana pysyt\u00e4\u00e4n pakkasella.\n    <\/p>\n<p class=\"article__paragraph\">\n      Lapissa pakkasta mitataan noin viiden asteen verran.Etel\u00e4ss\u00e4 l\u00e4mp\u00f6tila nousee noin viiteen asteeseen, Keski-Suomessa ollaan nollan ja viiden asteen v\u00e4lill\u00e4.\n    <\/p>\n<p class=\"article__paragraph\">\n      Lauha s\u00e4\u00e4 jatkuu etel\u00e4ss\u00e4 my\u00f6s alkuviikosta, kertoo meteorologi. Lapissa puolestaan pakkanen kiristyy kohti talvisempia lukemia.\n    <\/p>\n<p class=\"article__paragraph\">\n      Kun lumirajan odotetaan joulukuun ensimm\u00e4isen viikon aikana vet\u00e4ytyv\u00e4n Meri-Lapin korkeudella, Lappiin on lumipeitteeseen luvassa kuitenkin vahvistusta.\n    <\/p>\n<p class=\"article__paragraph\">\n      Esimerkiksi Rovaniemen ja Meri-Lapin korkeudelle on maanantaille ja tiistaille luvassa noin 15 asteen pakkasia. T\u00e4m\u00e4n j\u00e4lkeen tulevat lumisateet nostavat l\u00e4mp\u00f6tilaa l\u00e4hemm\u00e4s nollaa.\n    <\/p>\n<p class=\"article__paragraph\">\n      Pohjoisemmassa Lapissa pakkaset ovat kireimmill\u00e4\u00e4n tiistaina, jolloin elohopea laskee 25 asteen tuntumaan aina Kittil\u00e4\u00e4 ja Sodankyl\u00e4\u00e4 my\u00f6ten.\n    <\/p>\n","protected":false},"excerpt":{"rendered":"Kuohkea lumipeite on muuttunut Lapissakin monin paikoin sohjoiseksi, suurimmilta teilt\u00e4 lumi on sulanut kokonaan etel\u00e4isemm\u00e4ss\u00e4 Lapissa. Kuva: Jukka-Pekka&hellip;\n","protected":false},"author":2,"featured_media":103569,"comment_status":"","ping_status":"","sticky":false,"template":"","format":"standard","meta":{"footnotes":""},"categories":[12],"tags":[22,23,26,27,33,31,30,17,24,25,28,29,15,18,21,32,19,20,16],"class_list":{"0":"post-103568","1":"post","2":"type-post","3":"status-publish","4":"format-standard","5":"has-post-thumbnail","7":"category-suomi","8":"tag-breaking-news","9":"tag-breakingnews","10":"tag-featured-news","11":"tag-featurednews","12":"tag-fi","13":"tag-finland","14":"tag-finnish","15":"tag-headlines","16":"tag-latest-news","17":"tag-latestnews","18":"tag-main-news","19":"tag-mainnews","20":"tag-news","21":"tag-otsikot","22":"tag-paauutiset","23":"tag-suomi","24":"tag-top-stories","25":"tag-topstories","26":"tag-uutiset"},"share_on_mastodon":{"url":"https:\/\/pubeurope.com\/@fi\/115636010403602944","error":""},"_links":{"self":[{"href":"https:\/\/www.europesays.com\/fi\/wp-json\/wp\/v2\/posts\/103568","targetHints":{"allow":["GET"]}}],"collection":[{"href":"https:\/\/www.europesays.com\/fi\/wp-json\/wp\/v2\/posts"}],"about":[{"href":"https:\/\/www.europesays.com\/fi\/wp-json\/wp\/v2\/types\/post"}],"author":[{"embeddable":true,"href":"https:\/\/www.europesays.com\/fi\/wp-json\/wp\/v2\/users\/2"}],"replies":[{"embeddable":true,"href":"https:\/\/www.europesays.com\/fi\/wp-json\/wp\/v2\/comments?post=103568"}],"version-history":[{"count":0,"href":"https:\/\/www.europesays.com\/fi\/wp-json\/wp\/v2\/posts\/103568\/revisions"}],"wp:featuredmedia":[{"embeddable":true,"href":"https:\/\/www.europesays.com\/fi\/wp-json\/wp\/v2\/media\/103569"}],"wp:attachment":[{"href":"https:\/\/www.europesays.com\/fi\/wp-json\/wp\/v2\/media?parent=103568"}],"wp:term":[{"taxonomy":"category","embeddable":true,"href":"https:\/\/www.europesays.com\/fi\/wp-json\/wp\/v2\/categories?post=103568"},{"taxonomy":"post_tag","embeddable":true,"href":"https:\/\/www.europesays.com\/fi\/wp-json\/wp\/v2\/tags?post=103568"}],"curies":[{"name":"wp","href":"https:\/\/api.w.org\/{rel}","templated":true}]}}