{"id":103611,"date":"2025-11-30T02:34:09","date_gmt":"2025-11-30T02:34:09","guid":{"rendered":"https:\/\/www.europesays.com\/fi\/103611\/"},"modified":"2025-11-30T02:34:09","modified_gmt":"2025-11-30T02:34:09","slug":"matkailuvero-valmisteilla-voi-nostaa-hotelliyon-hintaa","status":"publish","type":"post","link":"https:\/\/www.europesays.com\/fi\/103611\/","title":{"rendered":"Matkailuvero valmisteilla &#8211; voi nostaa hotelliy\u00f6n hintaa"},"content":{"rendered":"<p>Ministeri\u00f6ss\u00e4 suunnitellaan t\u00e4ysin uudenlaista maksua, jonka perinn\u00e4st\u00e4 saisivat p\u00e4\u00e4tt\u00e4\u00e4 kunnat.<\/p>\n<p>29.11. 10:57<\/p>\n<p>Lue tiivistelm\u00e4<\/p>\n<p>Tiivistelm\u00e4 on teko\u00e4lyn tekem\u00e4 ja ihmisen tarkistama.<\/p>\n<p class=\"article-body mb-nof-24 px-nof-16 sndp-summary-bullet-point-font\">Valtiovarainministeri\u00f6 valmistelee Suomeen uutta matkailumaksua, joka peritt\u00e4isiin matkailijoilta lyhytaikaisen majoittumisen yhteydess\u00e4.<\/p>\n<p class=\"article-body mb-nof-24 px-nof-16 sndp-summary-bullet-point-font\">Kunnat voisivat p\u00e4\u00e4tt\u00e4\u00e4 itsen\u00e4isesti, periv\u00e4tk\u00f6 ne maksua alueellaan ja saisivat maksun tuoton itselleen.<\/p>\n<p class=\"article-body mb-nof-24 px-nof-16 sndp-summary-bullet-point-font\">Matkailumaksun suuruudesta ei ole viel\u00e4 p\u00e4\u00e4t\u00f6st\u00e4, ja aikaisintaan laki voisi tulla voimaan vuonna 2027.<\/p>\n<p class=\"article-body mb-nof-24 px-nof-16 sndp-summary-bullet-point-font\">P\u00e4\u00e4ministeri Petteri Orpon hallitus teki p\u00e4\u00e4t\u00f6ksen veron valmistelusta viime kev\u00e4\u00e4n puoliv\u00e4liriihess\u00e4 osana It\u00e4isen ja Pohjoisen Suomen ohjelmia.<\/p>\n<p class=\"article-body mb-nof-24 px-nof-16\">Valtiovarainministeri\u00f6 on aloittanut valmistelemaan Suomessa t\u00e4ysin uuden tyyppist\u00e4 veroa, <a class=\"article-genericlink\" href=\"https:\/\/vm.fi\/hanke?tunnus=VM157:00\/2025\" rel=\"nofollow noopener\" target=\"_blank\">ministeri\u00f6n sivuilla<\/a> kerrotaan. Matkailijoilta aiotaan peri\u00e4 uutta matkailuveroa eli matkailumaksua lyhytaikaisen majoittumisen yhteydess\u00e4.<\/p>\n<p class=\"article-body mb-nof-24 px-nof-16\">P\u00e4\u00e4ministeri <a class=\"article-personlink\" href=\"https:\/\/www.is.fi\/haku\/?query=Petteri%20Orpon\" rel=\"nofollow noopener\" target=\"_blank\">Petteri Orpon<\/a> (kok) hallitus teki p\u00e4\u00e4t\u00f6ksen veron valmistelusta viime kev\u00e4\u00e4n puoliv\u00e4liriihess\u00e4.<\/p>\n<p class=\"article-body mb-nof-24 px-nof-16\">Jos uusi matkailuvero eli matkailijamaksu perit\u00e4\u00e4n esimerkiksi hotelli- tai m\u00f6kkivarausten yhteydess\u00e4, se merkitsee matkailijoiden kannalta k\u00e4yt\u00e4nn\u00f6ss\u00e4 majoitushintojen nousua. Toisaalta se voi my\u00f6s leikata majoittajien tuottoja.<\/p>\n<p class=\"article-body mb-nof-24 px-nof-16\">Veron suuruudesta ei ole viel\u00e4 p\u00e4\u00e4t\u00f6st\u00e4. Sen ja monen muun yksityiskohdan on tarkoitus selvit\u00e4 hallituksen esityksen valmistelun yhteydess\u00e4. Veron on tarkoitus olla alueellinen, ja kunnat voisivat itsen\u00e4isesti p\u00e4\u00e4tt\u00e4\u00e4, alkavatko ne peri\u00e4 sit\u00e4 alueellaan.<\/p>\n<p class=\"article-body mb-nof-24 px-nof-16\">Lue lis\u00e4\u00e4: <a class=\"article-genericlink\" href=\"https:\/\/www.is.fi\/taloussanomat\/art-2000008029070.html\" rel=\"nofollow noopener\" target=\"_blank\">Lasse, 23, aloitti matkailubisneksen pahimmassa koronakuopassa \u2013 lopputulos l\u00f6i \u00e4llik\u00e4ll\u00e4<\/a><\/p>\n<p class=\"article-body mb-nof-24 px-nof-16\">Lue lis\u00e4\u00e4: <a class=\"article-genericlink\" href=\"https:\/\/www.is.fi\/ulkomaat\/art-2000010993454.html\" rel=\"nofollow noopener\" target=\"_blank\">Euroopan suosittu kaupunki\u00adlomakohde ottaa k\u00e4ytt\u00f6\u00f6n turisti\u00adveron<\/a><\/p>\n<p class=\"article-body mb-nof-24 px-nof-16\">L\u00e4ht\u00f6kohtana on, ett\u00e4 veron kantanut kunta saisi my\u00f6s sen tuoton. Veron valmistelu\u00advaiheessa selvitet\u00e4\u00e4n kuitenkin tarkemmin verotuoton k\u00e4ytt\u00f6\u00e4 ja sen mahdollista vaikutusta kuntien valtionosuuksiin.<\/p>\n<p class=\"article-body mb-nof-24 px-nof-16\">Verosta s\u00e4\u00e4t\u00e4v\u00e4n lain valmistelu on tarkoitus tehd\u00e4 t\u00e4m\u00e4n hallituskauden aikana. Aikaisintaan veron mahdollistava laki voisi tulla voimaan vuonna 2027. Aikataulu ja veron teknisen j\u00e4rjestelm\u00e4n vaatima aikataulu tarkentuvat kuitenkin valmistelun aikana.<\/p>\n<p class=\"article-body mb-nof-24 px-nof-16\">Matkailuvero on osa hallituksen It\u00e4isen ja Pohjoisen Suomen ohjelmia, joiden tavoitteena on edist\u00e4\u00e4 alueiden taloudellista kasvua ja elinvoimaa.<\/p>\n<p class=\"article-body mb-nof-24 px-nof-16\">Lue lis\u00e4\u00e4: <a class=\"article-genericlink\" href=\"https:\/\/www.is.fi\/taloussanomat\/art-2000011632384.html\" rel=\"nofollow noopener\" target=\"_blank\">T\u00e4ss\u00e4 ovat Suomen elinvoimaisimmat kunnat \u2013 katso my\u00f6s heikoimpien lista<\/a><\/p>\n<p class=\"article-body mb-nof-24 px-nof-16\">Erilaisia turistiveroja ja -maksuja suunnitellaan my\u00f6s muualla maailmassa. Skotlannin Edinburgh aikoo ensi kes\u00e4st\u00e4 l\u00e4htien peri\u00e4 viiden prosentin veroa esimerkiksi hotellien ja majatalojen majoitushinnoista.<\/p>\n<p class=\"article-body mb-nof-24 px-nof-16\">Gran Canarialla Moganin maakunnassa suunniteltiin turistiveroa t\u00e4m\u00e4n vuoden alusta, mutta hanke tyrm\u00e4ttiin my\u00f6hemmin oikeudessa.<\/p>\n<p class=\"article-body mb-nof-24 px-nof-16\">My\u00f6s Tallinnassa on keskusteltu turistiverosta, joka voisi olla 1\u20133 euroa turistia kohden.<\/p>\n<p class=\"article-body mb-nof-24 px-nof-16\">Japanissa matkailijoilta perit\u00e4\u00e4n jo 1\u202f000 jenin eli v\u00e4h\u00e4n alle 5 euron suuruista veroa, joka on lis\u00e4tty suoraan l\u00e4htevien lentojen hintaan. Veron korottamista ensi vuonna harkitaan.<\/p>\n","protected":false},"excerpt":{"rendered":"Ministeri\u00f6ss\u00e4 suunnitellaan t\u00e4ysin uudenlaista maksua, jonka perinn\u00e4st\u00e4 saisivat p\u00e4\u00e4tt\u00e4\u00e4 kunnat. 29.11. 10:57 Lue tiivistelm\u00e4 Tiivistelm\u00e4 on teko\u00e4lyn tekem\u00e4&hellip;\n","protected":false},"author":2,"featured_media":103612,"comment_status":"","ping_status":"","sticky":false,"template":"","format":"standard","meta":{"footnotes":""},"categories":[12],"tags":[22,23,26,27,33,31,30,17,34,24,25,28,29,15,18,21,32,19,20,16],"class_list":{"0":"post-103611","1":"post","2":"type-post","3":"status-publish","4":"format-standard","5":"has-post-thumbnail","7":"category-suomi","8":"tag-breaking-news","9":"tag-breakingnews","10":"tag-featured-news","11":"tag-featurednews","12":"tag-fi","13":"tag-finland","14":"tag-finnish","15":"tag-headlines","16":"tag-ilta-sanomat","17":"tag-latest-news","18":"tag-latestnews","19":"tag-main-news","20":"tag-mainnews","21":"tag-news","22":"tag-otsikot","23":"tag-paauutiset","24":"tag-suomi","25":"tag-top-stories","26":"tag-topstories","27":"tag-uutiset"},"share_on_mastodon":{"url":"https:\/\/pubeurope.com\/@fi\/115636316704877824","error":""},"_links":{"self":[{"href":"https:\/\/www.europesays.com\/fi\/wp-json\/wp\/v2\/posts\/103611","targetHints":{"allow":["GET"]}}],"collection":[{"href":"https:\/\/www.europesays.com\/fi\/wp-json\/wp\/v2\/posts"}],"about":[{"href":"https:\/\/www.europesays.com\/fi\/wp-json\/wp\/v2\/types\/post"}],"author":[{"embeddable":true,"href":"https:\/\/www.europesays.com\/fi\/wp-json\/wp\/v2\/users\/2"}],"replies":[{"embeddable":true,"href":"https:\/\/www.europesays.com\/fi\/wp-json\/wp\/v2\/comments?post=103611"}],"version-history":[{"count":0,"href":"https:\/\/www.europesays.com\/fi\/wp-json\/wp\/v2\/posts\/103611\/revisions"}],"wp:featuredmedia":[{"embeddable":true,"href":"https:\/\/www.europesays.com\/fi\/wp-json\/wp\/v2\/media\/103612"}],"wp:attachment":[{"href":"https:\/\/www.europesays.com\/fi\/wp-json\/wp\/v2\/media?parent=103611"}],"wp:term":[{"taxonomy":"category","embeddable":true,"href":"https:\/\/www.europesays.com\/fi\/wp-json\/wp\/v2\/categories?post=103611"},{"taxonomy":"post_tag","embeddable":true,"href":"https:\/\/www.europesays.com\/fi\/wp-json\/wp\/v2\/tags?post=103611"}],"curies":[{"name":"wp","href":"https:\/\/api.w.org\/{rel}","templated":true}]}}