{"id":103615,"date":"2025-11-30T02:54:12","date_gmt":"2025-11-30T02:54:12","guid":{"rendered":"https:\/\/www.europesays.com\/fi\/103615\/"},"modified":"2025-11-30T02:54:12","modified_gmt":"2025-11-30T02:54:12","slug":"iivo-niskanen-kuittaili-olli-jokiselle-ja-harmitteli-huonoa-kelia-rukan-kympin-jalkeen","status":"publish","type":"post","link":"https:\/\/www.europesays.com\/fi\/103615\/","title":{"rendered":"Iivo Niskanen kuittaili Olli Jokiselle ja harmitteli huonoa keli\u00e4 Rukan kympin j\u00e4lkeen"},"content":{"rendered":"<p>Martin L\u00f6wstr\u00f6m Nyenget johti norjalaiset j\u00e4lleen mahtitulokseen, mutta It\u00e4vallan Mika Vermeulen kiilasi yll\u00e4tt\u00e4j\u00e4n\u00e4 palkintopallille.<\/p>\n<p>28.11. 18:00<\/p>\n<p class=\"article-body mb-nof-24 px-nof-16\">STT<\/p>\n<p class=\"article-body mb-nof-24 px-nof-16\">Moninkertainen arvokisamestari <a class=\"article-personlink\" href=\"https:\/\/www.aamulehti.fi\/haku\/?query=Iivo%20Niskanen\" rel=\"nofollow noopener\" target=\"_blank\">Iivo Niskanen<\/a> hiihti maastohiihdon maailmancupin avauksessa parhaan suomalaistuloksen. Niskanen on kuitenkin tottunut my\u00f6s Rukalla niin komeaan menestykseen, ettei viides sija 10 kilometrin perinteisen hiihtotavan v\u00e4liaikal\u00e4hd\u00f6ss\u00e4 h\u00e4nt\u00e4 juuri l\u00e4mmitt\u00e4nyt.<\/p>\n<p class=\"article-body mb-nof-24 px-nof-16\">Niskanen oli fyysisesti alkukauden vahvimmassa vireess\u00e4\u00e4n, mutta r\u00e4nt\u00e4sateessa h\u00e4n ei voinut hy\u00f6dynt\u00e4\u00e4 parhaita ominaisuuksiaan.<\/p>\n<p class=\"article-body mb-nof-24 px-nof-16\">\u201dOlo oli v\u00e4h\u00e4n kuin <a class=\"article-personlink\" href=\"https:\/\/www.aamulehti.fi\/haku\/?query=Olli%20Jokisella\" rel=\"nofollow noopener\" target=\"_blank\">Olli Jokisella<\/a> HIFK:n tiedotustilaisuudessa. Ei ollut paljon mit\u00e4\u00e4n annettavaa\u201d, Niskanen tiivisti hankalan kilpailun.<\/p>\n<p class=\"article-body mb-nof-24 px-nof-16\">Niskasella oli hiihdossaan rivakka tempo, mutta niukasti liukasta vuorohiihtoa. Yl\u00e4m\u00e4iss\u00e4 pitoa piti hakea ladun sivusta, ja suksien pohjiin tarrautui lunta.<\/p>\n<p class=\"article-body mb-nof-24 px-nof-16\">\u201dEi pit\u00e4nyt potku. Tiesin, ett\u00e4 keli on haastava, mutta pelkk\u00e4\u00e4 juoksemista ja joutui ty\u00f6nt\u00e4m\u00e4\u00e4n aika paljon.\u201d<\/p>\n<p class=\"article-body mb-nof-24 px-nof-16\">Niskasta harmitti 12 sekunnin ero kilpailun voittaneeseen Norjan <a class=\"article-personlink\" href=\"https:\/\/www.aamulehti.fi\/haku\/?query=Martin%20L%C3%B6wst%C3%B6m%20Nyengetiin\" rel=\"nofollow noopener\" target=\"_blank\">Martin L\u00f6wst\u00f6m Nyengetiin<\/a>. H\u00e4n taisi mieless\u00e4\u00e4n laskeskella, millaisiksi sijoitukset olisivat k\u00e4\u00e4ntyneet h\u00e4nelle otollisissa oloissa.<\/p>\n<p class=\"article-body mb-nof-24 px-nof-16\">\u201dMieluummin olisi ollut toisinp\u00e4in se 12 sekuntia\u201d, Niskanen sanoi.<\/p>\n<p>Rohkeasti maailmancupiin<\/p>\n<p class=\"article-body mb-nof-24 px-nof-16\">Niskasen edelle kiilasivat my\u00f6s Norjan <a class=\"article-personlink\" href=\"https:\/\/www.aamulehti.fi\/haku\/?query=Johannes%20H%C3%B6sflot%20Kl%C3%A4bo\" rel=\"nofollow noopener\" target=\"_blank\">Johannes H\u00f6sflot Kl\u00e4bo<\/a>, It\u00e4vallan <a class=\"article-personlink\" href=\"https:\/\/www.aamulehti.fi\/haku\/?query=Mika%20Vermeulen\" rel=\"nofollow noopener\" target=\"_blank\">Mika Vermeulen<\/a> ja Norjan <a class=\"article-personlink\" href=\"https:\/\/www.aamulehti.fi\/haku\/?query=Andreas%20Fjorden%20Ree\" rel=\"nofollow noopener\" target=\"_blank\">Andreas Fjorden Ree<\/a>. Tulos vahvisti silti Niskasen puheet vahvasta kunnostaan.<\/p>\n<p class=\"article-body mb-nof-24 px-nof-16\">H\u00e4nen tuloksensa ovat ailahdelleet kauden ensimm\u00e4isiss\u00e4 starteissa, mutta lauantain kymppi vahvisti, ett\u00e4 h\u00e4n kilpailee my\u00f6s t\u00e4n\u00e4 talvena k\u00e4rkisijoista perinteisen hiihtotavan kilpailuissa.<\/p>\n<p class=\"article-body mb-nof-24 px-nof-16\">Niskasen on tarkoitus kiert\u00e4\u00e4 t\u00e4n\u00e4 talvena maailmancupia tiiviisti kuten ennen Pekingin 2022 olympialaisia.<\/p>\n<p class=\"article-body mb-nof-24 px-nof-16\">\u201dEn n\u00e4e, ett\u00e4 se olisi pois olympialaisista, Niskanen arvioi ja muistutti edellisest\u00e4 olympiatalvesta, jolloin h\u00e4n ylsi kullan\u201d, hopean ja pronssin olympiasaaliiseen.<\/p>\n<p class=\"article-body mb-nof-24 px-nof-16\">Niskanen hiiht\u00e4\u00e4 seuraavaksi Rukalla 20 kilometrin vapaan hiihtotavan yhteisl\u00e4hd\u00f6n. Siin\u00e4 h\u00e4nen odotuksensa eiv\u00e4t ole kovin korkeat.<\/p>\n<p class=\"article-body mb-nof-24 px-nof-16\">\u201dToivottavasti palaudun hyvin ja kest\u00e4n siin\u00e4 mukana. Tasainen kisahan siit\u00e4 tulee\u201d, Niskanen veikkaili.<\/p>\n<p>Sunnuntaina t\u00e4rke\u00e4 startti<\/p>\n<p class=\"article-body mb-nof-24 px-nof-16\"><a class=\"article-personlink\" href=\"https:\/\/www.aamulehti.fi\/haku\/?query=Arsi%20Ruuskanen\" rel=\"nofollow noopener\" target=\"_blank\">Arsi Ruuskanen<\/a> oli Rukan kympill\u00e4 toiseksi parhaana suomalaisena 15:s. Ruuskanen paransi nelj\u00e4 sijaa viime talvesta.<\/p>\n<p class=\"article-body mb-nof-24 px-nof-16\">\u201dIhan hyv\u00e4. Onnistunut hiihto, ja tavoite oli juuri hiiht\u00e4\u00e4 15 parhaan joukkoon\u201d, Ruuskanen kertoi.<\/p>\n<p class=\"article-body mb-nof-24 px-nof-16\">Ruuskanen pyrkii Suomen olympiajoukkueeseen ja varsinkin Milano-Cortinan ohjelman yhdistelm\u00e4kilpailuun. Se edellytt\u00e4\u00e4 vahvoja n\u00e4ytt\u00f6j\u00e4 jouluun menness\u00e4.<\/p>\n<p class=\"article-body mb-nof-24 px-nof-16\">\u201dJokainen kilpailu on nyt n\u00e4ytt\u00f6paikka\u201d, Ruuskanen korosti.<\/p>\n<p class=\"article-body mb-nof-24 px-nof-16\">\u201dTasuri (tasaty\u00f6nt\u00f6) on ollut kehityskohde, ja olen satsannut vapaaseen perinteist\u00e4 enemm\u00e4n.\u201d<\/p>\n<p class=\"article-body mb-nof-24 px-nof-16\">Sunnuntain yhteisl\u00e4ht\u00f6 vapaalla on Ruuskaselle viel\u00e4 t\u00e4rke\u00e4mpi kilpailu kuin Rukan kymppi.<\/p>\n<p class=\"article-body mb-nof-24 px-nof-16\">\u201dInnolla odotan, mutta ei siin\u00e4 ainakaan helpommalla p\u00e4\u00e4se\u201d, Ruuskanen naurahti.<\/p>\n<p class=\"article-body mb-nof-24 px-nof-16\"><a class=\"article-personlink\" href=\"https:\/\/www.aamulehti.fi\/haku\/?query=Markus%20Vuorela\" rel=\"nofollow noopener\" target=\"_blank\">Markus Vuorela<\/a>, <a class=\"article-personlink\" href=\"https:\/\/www.aamulehti.fi\/haku\/?query=Ristomatti%20Hakola\" rel=\"nofollow noopener\" target=\"_blank\">Ristomatti Hakola<\/a>, <a class=\"article-personlink\" href=\"https:\/\/www.aamulehti.fi\/haku\/?query=Ville%20Ahonen\" rel=\"nofollow noopener\" target=\"_blank\">Ville Ahonen<\/a>, <a class=\"article-personlink\" href=\"https:\/\/www.aamulehti.fi\/haku\/?query=Niko%20Anttola\" rel=\"nofollow noopener\" target=\"_blank\">Niko Anttola<\/a> ja <a class=\"article-personlink\" href=\"https:\/\/www.aamulehti.fi\/haku\/?query=Perttu%20Hyv%C3%A4rinen\" rel=\"nofollow noopener\" target=\"_blank\">Perttu Hyv\u00e4rinen<\/a> hiihtiv\u00e4t Rukan kympill\u00e4 sijoille 21\u201325.<\/p>\n<p class=\"article-body mb-nof-24 px-nof-16\">Milano-Cortinan olympialaiset j\u00e4rjestet\u00e4\u00e4n helmikuussa.<\/p>\n","protected":false},"excerpt":{"rendered":"Martin L\u00f6wstr\u00f6m Nyenget johti norjalaiset j\u00e4lleen mahtitulokseen, mutta It\u00e4vallan Mika Vermeulen kiilasi yll\u00e4tt\u00e4j\u00e4n\u00e4 palkintopallille. 28.11. 18:00 STT Moninkertainen&hellip;\n","protected":false},"author":2,"featured_media":103616,"comment_status":"","ping_status":"","sticky":false,"template":"","format":"standard","meta":{"footnotes":""},"categories":[158],"tags":[157,33,31,30,159,32,160],"class_list":{"0":"post-103615","1":"post","2":"type-post","3":"status-publish","4":"format-standard","5":"has-post-thumbnail","7":"category-urheilu","8":"tag-aamulehti","9":"tag-fi","10":"tag-finland","11":"tag-finnish","12":"tag-sports","13":"tag-suomi","14":"tag-urheilu"},"share_on_mastodon":{"url":"https:\/\/pubeurope.com\/@fi\/115636395301465024","error":""},"_links":{"self":[{"href":"https:\/\/www.europesays.com\/fi\/wp-json\/wp\/v2\/posts\/103615","targetHints":{"allow":["GET"]}}],"collection":[{"href":"https:\/\/www.europesays.com\/fi\/wp-json\/wp\/v2\/posts"}],"about":[{"href":"https:\/\/www.europesays.com\/fi\/wp-json\/wp\/v2\/types\/post"}],"author":[{"embeddable":true,"href":"https:\/\/www.europesays.com\/fi\/wp-json\/wp\/v2\/users\/2"}],"replies":[{"embeddable":true,"href":"https:\/\/www.europesays.com\/fi\/wp-json\/wp\/v2\/comments?post=103615"}],"version-history":[{"count":0,"href":"https:\/\/www.europesays.com\/fi\/wp-json\/wp\/v2\/posts\/103615\/revisions"}],"wp:featuredmedia":[{"embeddable":true,"href":"https:\/\/www.europesays.com\/fi\/wp-json\/wp\/v2\/media\/103616"}],"wp:attachment":[{"href":"https:\/\/www.europesays.com\/fi\/wp-json\/wp\/v2\/media?parent=103615"}],"wp:term":[{"taxonomy":"category","embeddable":true,"href":"https:\/\/www.europesays.com\/fi\/wp-json\/wp\/v2\/categories?post=103615"},{"taxonomy":"post_tag","embeddable":true,"href":"https:\/\/www.europesays.com\/fi\/wp-json\/wp\/v2\/tags?post=103615"}],"curies":[{"name":"wp","href":"https:\/\/api.w.org\/{rel}","templated":true}]}}