{"id":103619,"date":"2025-11-30T02:59:11","date_gmt":"2025-11-30T02:59:11","guid":{"rendered":"https:\/\/www.europesays.com\/fi\/103619\/"},"modified":"2025-11-30T02:59:11","modified_gmt":"2025-11-30T02:59:11","slug":"katastrofi-iski-sri-lankaan-suuri-osa-maasta-veden-alla-yli-150-kuollut","status":"publish","type":"post","link":"https:\/\/www.europesays.com\/fi\/103619\/","title":{"rendered":"Katastrofi iski Sri Lankaan: suuri osa maasta veden alla, yli 150 kuollut"},"content":{"rendered":"<p>Noin nelj\u00e4nnes maan asukkaista oli lauantaina ilman s\u00e4hk\u00f6\u00e4. 191 ihmist\u00e4 on kateissa.<\/p>\n<p class=\"article-body mb-nof-24 px-nof-16\">Sri Lankan saarivaltioon iski keskiviikkona sykloni, joka on aiheuttanut voimakkaita kaatosateita, tulvia, mutavy\u00f6ryj\u00e4 ja maansortumia.<\/p>\n<p class=\"article-body mb-nof-24 px-nof-16\">Brittilehti <a class=\"article-genericlink\" href=\"https:\/\/www.theguardian.com\/world\/2025\/nov\/28\/death-toll-sri-lanka-hit-by-rising-flood-waters\" rel=\"nofollow noopener\" target=\"_blank\">The Guardianin<\/a> mukaan sykloni on vaatinut ainakin 153 kuolonuhria. 191 ihmist\u00e4 on edelleen kateissa, srilankalais\u00adviranomaiset kertoivat lauantaina.<\/p>\n<p class=\"article-body mb-nof-24 px-nof-16\">Viranomaiset pelk\u00e4\u00e4v\u00e4t uhriluvun nousevan.<\/p>\n<p class=\"article-body mb-nof-24 px-nof-16\">Syklonilla on ollut vaikutuksia ainakin puoleen miljoonaan ihmiseen, viranomaiset sanovat. L\u00e4hes 80\u202f000 ihmist\u00e4 on evakuoitu. Poliisi ja asevoimat ovat jakaneet ihmisille ruokaa ja raivanneet syklonin tuhoja teilt\u00e4.<\/p>\n<p class=\"article-body mb-nof-24 px-nof-16\"><a class=\"article-genericlink\" href=\"https:\/\/www.nytimes.com\/2025\/11\/29\/world\/asia\/sri-lanka-cyclone-ditwah-floods.html\" rel=\"nofollow noopener\" target=\"_blank\">The New York Timesin<\/a> mukaan suuri osa maasta on k\u00e4yt\u00e4nn\u00f6ss\u00e4 veden alla.<\/p>\n<p><img decoding=\"async\" src=\"https:\/\/www.europesays.com\/fi\/wp-content\/uploads\/2025\/11\/1764468611_93_468.jpg\" alt=\"Ihmiset liikkuivat lauantaina veneill\u00e4 Malwanan kaupungissa.\" class=\"_Img_1rerz_1\" style=\"aspect-ratio:1.4791987673343605\" loading=\"eager\"\/><\/p>\n<p class=\"article-picture-caption\">Ihmiset liikkuivat lauantaina veneill\u00e4 Malwanan kaupungissa. Kuva:\u00a0Thilina Kaluthotage \/ Reuters<\/p>\n<p class=\"article-body mb-nof-24 px-nof-16\">Lehti kuvailee, kuinka ihmiset joutuivat kiipe\u00e4m\u00e4\u00e4n talon katolle noin 100 kilometri\u00e4 pohjoiseen maan p\u00e4\u00e4kaupungista Colombosta, kun heit\u00e4 kuljettanut bussi j\u00e4i veden alle.<\/p>\n<p class=\"article-body mb-nof-24 px-nof-16\">Maan l\u00e4nsiosassa l\u00e4hes sata opiskelijaa taas on j\u00e4\u00e4nyt jumiin hostelleihin ilman vett\u00e4 tai ruokaa, NYT kirjoittaa. Maan keskiosan teeviljelmilt\u00e4 puolestaan evakuoitiin tusinoittain turisteja.<\/p>\n<p class=\"article-body mb-nof-24 px-nof-16\">Viranomaisten mukaan maassa on alueita, joihin viranomaiset eiv\u00e4t ole syklonin vuoksi p\u00e4\u00e4sseet viel\u00e4 ollenkaan. Noin 45\u202f000 ihmist\u00e4 on edelleen v\u00e4liaikaisissa h\u00e4t\u00e4majoituksissa.<\/p>\n<p class=\"article-body mb-nof-24 px-nof-16\">Nelj\u00e4nnes maan noin 23 miljoonasta asukkaasta on edelleen ilman s\u00e4hk\u00f6\u00e4.<\/p>\n<p class=\"article-body mb-nof-24 px-nof-16\">Colombon l\u00e4hell\u00e4 sijaitsevassa Malwanassa asuva <a class=\"article-personlink\" href=\"https:\/\/www.is.fi\/haku\/?query=Mallika%20Kumari\" rel=\"nofollow noopener\" target=\"_blank\">Mallika Kumari<\/a> kuvaili Reutersille, kuinka h\u00e4net ja h\u00e4nen lapsensa pelastettiin heid\u00e4n kotoaan veneell\u00e4.<\/p>\n<p class=\"article-body mb-nof-24 px-nof-16\">\u2013\u2009Kuulin tulvavaroituksesta televisiosta, mutta emme odottaneet joen tulvivan niin nopeasti. Me vain juoksimme ulos talosta ottamatta mit\u00e4\u00e4n mukaan.<\/p>\n<p class=\"article-body mb-nof-24 px-nof-16\">\u2013\u2009T\u00e4m\u00e4 on kokemus, jollaista srilankalaiset eiv\u00e4t ole aiemmin kohdanneet, Sri Lankan hallinnon keinokasteluosaston virkamies <a class=\"article-personlink\" href=\"https:\/\/www.is.fi\/haku\/?query=Sakura%20Dilthara\" rel=\"nofollow noopener\" target=\"_blank\">Sakura Dilthara<\/a> kommentoi NYT:lle.<\/p>\n<p class=\"article-body mb-nof-24 px-nof-16\">Diltharan mukaan maassa on 73 t\u00e4rke\u00e4\u00e4 vesiv\u00e4yl\u00e4\u00e4, joista 53 tulvi yh\u00e4 lauantaina.<\/p>\n<p class=\"article-body mb-nof-24 px-nof-16\">nyt:n mukaan noin 23 miljoonan asukkaan Sri Lankan pelastusviranomaiset eiv\u00e4t ole kyenneet kunnolla vastaamaan historiallisen syklonin seurauksiin.<\/p>\n<p class=\"article-body mb-nof-24 px-nof-16\">Sri Lankaa rasittavat vuonna 2009 p\u00e4\u00e4ttynyt sis\u00e4llissota ja vuoden hiljattainen talousromahdus, NYT kirjoittaa. Taloustilanteen vuoksi k\u00f6yhyys on tuplaantunut Sri Lankassa.<\/p>\n<p class=\"article-body mb-nof-24 px-nof-16\">Sri Lanka on pyyt\u00e4nyt syklonista johtuen kansainv\u00e4list\u00e4 apua. Intian p\u00e4\u00e4ministeri <a class=\"article-personlink\" href=\"https:\/\/www.is.fi\/haku\/?query=Narendra%20Modi\" rel=\"nofollow noopener\" target=\"_blank\">Narendra Modi<\/a> kertoi perjantaina viestipalvelu <a class=\"article-genericlink\" href=\"https:\/\/x.com\/narendramodi\/status\/1994347013270548735\" rel=\"nofollow\">X:ss\u00e4<\/a>, ett\u00e4 Intia on l\u00e4hett\u00e4nyt Sri Lankaan h\u00e4t\u00e4apua. My\u00f6s Japani kertoi lauantaina l\u00e4hett\u00e4v\u00e4ns\u00e4 apua Sri Lankaan.<\/p>\n<p class=\"article-body mb-nof-24 px-nof-16\">Sykloni liikkuu kohti Intian etel\u00e4rannikkoa.<\/p>\n<p><img decoding=\"async\" src=\"https:\/\/www.europesays.com\/fi\/wp-content\/uploads\/2025\/11\/1764468612_203_468.jpg\" alt=\"Ihmisi\u00e4 evakuoitiin Wellampitiyassa.\" class=\"_Img_1rerz_1\" style=\"aspect-ratio:1.5011727912431587\" loading=\"eager\"\/><\/p>\n<p class=\"article-picture-caption\">Ihmisi\u00e4 evakuoitiin Wellampitiyassa. Kuva:\u00a0Ishara S. Kodikara \/ Lehtikuva<\/p>\n<p><img decoding=\"async\" src=\"https:\/\/www.europesays.com\/fi\/wp-content\/uploads\/2025\/11\/1764468613_686_468.jpg\" alt=\"Maanvy\u00f6rym\u00e4 Sri Lankan keskiosissa.\" class=\"_Img_1rerz_1\" style=\"aspect-ratio:1.7761332099907492\" loading=\"eager\"\/><\/p>\n<p class=\"article-picture-caption\">Maanvy\u00f6rym\u00e4 Sri Lankan keskiosissa. Kuva:\u00a0Jiayang\u00c2\u00c2Samila \/ ZUMA<\/p>\n<p><img decoding=\"async\" src=\"https:\/\/www.europesays.com\/fi\/wp-content\/uploads\/2025\/11\/1764468614_221_468.jpg\" alt=\"Kadut tulvivat Sri Lankan l\u00e4nsiosassa sijaitsevassa Wellampitiyassa.\" class=\"_Img_1rerz_1\" style=\"aspect-ratio:1.461187214611872\" loading=\"eager\"\/><\/p>\n<p class=\"article-picture-caption\">Kadut tulvivat Sri Lankan l\u00e4nsiosassa sijaitsevassa Wellampitiyassa. Kuva:\u00a0Thilina Kaluthotage \/ Reuters<\/p>\n<p><img decoding=\"async\" src=\"https:\/\/www.europesays.com\/fi\/wp-content\/uploads\/2025\/11\/1764468615_759_468.jpg\" alt=\"Ihmiset pelastivat lemmikkej\u00e4\u00e4n.\" class=\"_Img_1rerz_1\" style=\"aspect-ratio:1.5011727912431587\" loading=\"eager\"\/><\/p>\n<p class=\"article-picture-caption\">Ihmiset pelastivat lemmikkej\u00e4\u00e4n. Kuva:\u00a0Ishara S. Kodikara \/ Lehtikuva<\/p>\n","protected":false},"excerpt":{"rendered":"Noin nelj\u00e4nnes maan asukkaista oli lauantaina ilman s\u00e4hk\u00f6\u00e4. 191 ihmist\u00e4 on kateissa. Sri Lankan saarivaltioon iski keskiviikkona sykloni,&hellip;\n","protected":false},"author":2,"featured_media":103620,"comment_status":"","ping_status":"","sticky":false,"template":"","format":"standard","meta":{"footnotes":""},"categories":[14],"tags":[22,23,26,27,33,31,30,17,34,24,25,28,29,15,18,21,32,19,20,56,16,59,60,61],"class_list":{"0":"post-103619","1":"post","2":"type-post","3":"status-publish","4":"format-standard","5":"has-post-thumbnail","7":"category-ulkomaat","8":"tag-breaking-news","9":"tag-breakingnews","10":"tag-featured-news","11":"tag-featurednews","12":"tag-fi","13":"tag-finland","14":"tag-finnish","15":"tag-headlines","16":"tag-ilta-sanomat","17":"tag-latest-news","18":"tag-latestnews","19":"tag-main-news","20":"tag-mainnews","21":"tag-news","22":"tag-otsikot","23":"tag-paauutiset","24":"tag-suomi","25":"tag-top-stories","26":"tag-topstories","27":"tag-ulkomaat","28":"tag-uutiset","29":"tag-world","30":"tag-world-news","31":"tag-worldnews"},"share_on_mastodon":{"url":"https:\/\/pubeurope.com\/@fi\/115636415347600084","error":""},"_links":{"self":[{"href":"https:\/\/www.europesays.com\/fi\/wp-json\/wp\/v2\/posts\/103619","targetHints":{"allow":["GET"]}}],"collection":[{"href":"https:\/\/www.europesays.com\/fi\/wp-json\/wp\/v2\/posts"}],"about":[{"href":"https:\/\/www.europesays.com\/fi\/wp-json\/wp\/v2\/types\/post"}],"author":[{"embeddable":true,"href":"https:\/\/www.europesays.com\/fi\/wp-json\/wp\/v2\/users\/2"}],"replies":[{"embeddable":true,"href":"https:\/\/www.europesays.com\/fi\/wp-json\/wp\/v2\/comments?post=103619"}],"version-history":[{"count":0,"href":"https:\/\/www.europesays.com\/fi\/wp-json\/wp\/v2\/posts\/103619\/revisions"}],"wp:featuredmedia":[{"embeddable":true,"href":"https:\/\/www.europesays.com\/fi\/wp-json\/wp\/v2\/media\/103620"}],"wp:attachment":[{"href":"https:\/\/www.europesays.com\/fi\/wp-json\/wp\/v2\/media?parent=103619"}],"wp:term":[{"taxonomy":"category","embeddable":true,"href":"https:\/\/www.europesays.com\/fi\/wp-json\/wp\/v2\/categories?post=103619"},{"taxonomy":"post_tag","embeddable":true,"href":"https:\/\/www.europesays.com\/fi\/wp-json\/wp\/v2\/tags?post=103619"}],"curies":[{"name":"wp","href":"https:\/\/api.w.org\/{rel}","templated":true}]}}