{"id":103623,"date":"2025-11-30T03:01:10","date_gmt":"2025-11-30T03:01:10","guid":{"rendered":"https:\/\/www.europesays.com\/fi\/103623\/"},"modified":"2025-11-30T03:01:10","modified_gmt":"2025-11-30T03:01:10","slug":"nhl-tahtien-olympia-areena-pahasti-myohassa-varasuunnitelmaa-ei-ole-urheilua-lyhyesti","status":"publish","type":"post","link":"https:\/\/www.europesays.com\/fi\/103623\/","title":{"rendered":"NHL-t\u00e4htien olympia-areena pahasti my\u00f6h\u00e4ss\u00e4 \u2013 \u201dVarasuunnitelmaa ei ole\u201d | Urheilua lyhyesti"},"content":{"rendered":"<p class=\"aw-1gybjub aw-5vja16 kEtdKx kmuxyA yle__article__paragraph\">Rakennusty\u00f6t ovat my\u00f6h\u00e4ss\u00e4 areenalla, jolle NHL-pelaajat palaavat olympialaisiin ensimm\u00e4ist\u00e4 kertaa yli vuosikymmeneen. <\/p>\n<p><img decoding=\"async\" alt=\"Ennakkovihki\u00e4isseremonia uudessa Arena Di Milano Santa Giuliassa, Milano, Italia \u2013 28. marraskuuta 2023.\" src=\"https:\/\/www.europesays.com\/fi\/wp-content\/uploads\/2025\/11\/39-1561793692b664a9acf3.jpeg\" class=\"aw-1l9m598 hKVVvP\"\/><\/p>\n<p>Avaa kuvien katselu<\/p>\n<p>Ennakkovihki\u00e4isseremonia uudessa Arena Di Milano Santa Giuliassa, Milano, Italia \u2013 28. marraskuuta 2023. Kuva: Claudio Furlan\/LaPresse\/Shutterstock\/All Over Press<\/p>\n<p class=\"aw-1gybjub aw-1p7kakr kEtdKx cEmitX yle__article__paragraph\">Olympialaisten j\u00e4\u00e4kiekkohallille ei ole varasuunnitelmaa, kun rakentaminen k\u00e4y aikaa vastaan.<\/p>\n<p class=\"aw-1gybjub aw-1p7kakr kEtdKx cEmitX yle__article__paragraph\">Mik\u00e4li Milanon ja Cortinan talviolympialaisten p\u00e4\u00e4asiallinen j\u00e4\u00e4kiekkohalli ei valmistu ajoissa, varasuunnitelmaa ei ole.<\/p>\n<p class=\"aw-1gybjub aw-1p7kakr kEtdKx cEmitX yle__article__paragraph\">Santa Giulia -j\u00e4\u00e4kiekkohallin \u2013 uuden, 16 000 katsojan areenan, joka rakennetaan Milanon laitamille \u2013 testitapahtuma siirtyi, eik\u00e4 j\u00e4rjest\u00e4j\u00e4t aio toteuttaa uusia testej\u00e4 ennen 9.\u201311. tammikuuta.<\/p>\n<p class=\"aw-1gybjub aw-1p7kakr kEtdKx cEmitX yle__article__paragraph\">\u2013 Varasuunnitelmaa ei ole, kertoo <strong class=\"aw-ak79eh KyCXm yle__article__strong\">Andrea Francisi<\/strong>, Milanon ja Cortinan kisojen operatiivinen johtaja, uutistoimisto AP:lle lauantaina.<\/p>\n<p class=\"aw-1gybjub aw-1p7kakr kEtdKx cEmitX yle__article__paragraph\">Ensimm\u00e4iseen j\u00e4\u00e4kiekkotapahtumaan on aikaa 68 p\u00e4iv\u00e4\u00e4.<\/p>\n<p class=\"aw-1gybjub aw-1p7kakr kEtdKx cEmitX yle__article__paragraph\">\u2013 Meid\u00e4n on ehdottomasti j\u00e4rjestett\u00e4v\u00e4 kilpailu moitteettomasti Santa Giulia -areenalla.<\/p>\n<p class=\"aw-1gybjub aw-1p7kakr kEtdKx cEmitX yle__article__paragraph\">Ensimm\u00e4inen olympiaottelu p\u00e4\u00e4areenalla on naisten alkusarjan ottelu 5. helmikuuta, vain p\u00e4iv\u00e4 ennen avajaisseremoniaa.<\/p>\n<p>Tarkkaa luovutusp\u00e4iv\u00e4\u00e4 ei tiedet\u00e4<\/p>\n<p class=\"aw-1gybjub aw-1p7kakr kEtdKx cEmitX yle__article__paragraph\">Yleens\u00e4 uudet olympia-areenat testataan v\u00e4hint\u00e4\u00e4n vuotta ennen mitalikilpailuja.<\/p>\n<p class=\"aw-1gybjub aw-1p7kakr kEtdKx cEmitX yle__article__paragraph\">Suuressa j\u00e4\u00e4kiekkohallissa kyse ei ole pelk\u00e4st\u00e4\u00e4n j\u00e4\u00e4st\u00e4 ja siit\u00e4, ett\u00e4 pelialusta on valmis ja turvallinen \u2013 testattavana ovat my\u00f6s kioskit, wc-tilat ja kaikki muu uuden areenan sis\u00e4ll\u00e4.<\/p>\n<p class=\"aw-1gybjub aw-1p7kakr kEtdKx cEmitX yle__article__paragraph\">Francisi my\u00f6nsi, ettei areenan luovutukselle j\u00e4rjest\u00e4jille ole \u201dtarkkaa p\u00e4iv\u00e4m\u00e4\u00e4r\u00e4\u00e4\u201d, mutta h\u00e4n on \u201dt\u00e4ll\u00e4 hetkell\u00e4\u201d luottavainen siihen, ett\u00e4 halli valmistuu olympialaisiin menness\u00e4.<\/p>\n<p class=\"aw-1gybjub aw-1p7kakr kEtdKx cEmitX yle__article__paragraph\">\u2013 Saamme p\u00e4ivitt\u00e4in p\u00e4ivityksi\u00e4, sill\u00e4 tiimimme ty\u00f6skentelee siell\u00e4 joka p\u00e4iv\u00e4. Rakennusty\u00f6st\u00e4 vastaavat yritykset ovat nopeuttaneet t\u00f6it\u00e4\u00e4n merkitt\u00e4v\u00e4sti, muistuttaa Francisi.<\/p>\n<p class=\"aw-1gybjub aw-1p7kakr kEtdKx cEmitX yle__article__paragraph\">\u2013 Yhteisty\u00f6 on projektissa erinomaista. T\u00e4ll\u00e4 hetkell\u00e4 olemme optimistisia. Aiomme onnistua t\u00e4ss\u00e4 100-prosenttisesti.<\/p>\n<p class=\"aw-1gybjub aw-1p7kakr kEtdKx cEmitX yle__article__paragraph\">Miesten olympiaj\u00e4\u00e4kiekkoturnaus pelataan 11.\u201322. helmikuuta. Naisten turnaus kest\u00e4\u00e4 5.\u201319. helmikuuta.<\/p>\n<p class=\"aw-1gybjub aw-1p7kakr kEtdKx cEmitX yle__article__paragraph\"><a class=\"aw-iao6s4 iHOxEa yle__article__link\" href=\"https:\/\/yle.fi\/aihe\/a\/20-10009117\" role=\"link\" rel=\"nofollow noopener\" target=\"_blank\">Milanon ja Cortinan talviolympialaiset n\u00e4kyv\u00e4t ja kuuluvat Ylen kanavilla aamusta iltaan 6.\u201322. helmikuuta.<\/a><\/p>\n","protected":false},"excerpt":{"rendered":"Rakennusty\u00f6t ovat my\u00f6h\u00e4ss\u00e4 areenalla, jolle NHL-pelaajat palaavat olympialaisiin ensimm\u00e4ist\u00e4 kertaa yli vuosikymmeneen. Avaa kuvien katselu Ennakkovihki\u00e4isseremonia uudessa Arena&hellip;\n","protected":false},"author":2,"featured_media":103624,"comment_status":"","ping_status":"","sticky":false,"template":"","format":"standard","meta":{"footnotes":""},"categories":[5],"tags":[22,23,26,27,33,31,30,17,1143,2133,24,25,28,29,15,18,21,32,13138,19,20,16],"class_list":{"0":"post-103623","1":"post","2":"type-post","3":"status-publish","4":"format-standard","5":"has-post-thumbnail","7":"category-otsikot","8":"tag-breaking-news","9":"tag-breakingnews","10":"tag-featured-news","11":"tag-featurednews","12":"tag-fi","13":"tag-finland","14":"tag-finnish","15":"tag-headlines","16":"tag-jaakiekko","17":"tag-jaakiekkoilijat","18":"tag-latest-news","19":"tag-latestnews","20":"tag-main-news","21":"tag-mainnews","22":"tag-news","23":"tag-otsikot","24":"tag-paauutiset","25":"tag-suomi","26":"tag-talviolympialaiset-milano-cortina-2026","27":"tag-top-stories","28":"tag-topstories","29":"tag-uutiset"},"share_on_mastodon":{"url":"https:\/\/pubeurope.com\/@fi\/115636422804758139","error":""},"_links":{"self":[{"href":"https:\/\/www.europesays.com\/fi\/wp-json\/wp\/v2\/posts\/103623","targetHints":{"allow":["GET"]}}],"collection":[{"href":"https:\/\/www.europesays.com\/fi\/wp-json\/wp\/v2\/posts"}],"about":[{"href":"https:\/\/www.europesays.com\/fi\/wp-json\/wp\/v2\/types\/post"}],"author":[{"embeddable":true,"href":"https:\/\/www.europesays.com\/fi\/wp-json\/wp\/v2\/users\/2"}],"replies":[{"embeddable":true,"href":"https:\/\/www.europesays.com\/fi\/wp-json\/wp\/v2\/comments?post=103623"}],"version-history":[{"count":0,"href":"https:\/\/www.europesays.com\/fi\/wp-json\/wp\/v2\/posts\/103623\/revisions"}],"wp:featuredmedia":[{"embeddable":true,"href":"https:\/\/www.europesays.com\/fi\/wp-json\/wp\/v2\/media\/103624"}],"wp:attachment":[{"href":"https:\/\/www.europesays.com\/fi\/wp-json\/wp\/v2\/media?parent=103623"}],"wp:term":[{"taxonomy":"category","embeddable":true,"href":"https:\/\/www.europesays.com\/fi\/wp-json\/wp\/v2\/categories?post=103623"},{"taxonomy":"post_tag","embeddable":true,"href":"https:\/\/www.europesays.com\/fi\/wp-json\/wp\/v2\/tags?post=103623"}],"curies":[{"name":"wp","href":"https:\/\/api.w.org\/{rel}","templated":true}]}}