{"id":103626,"date":"2025-11-30T03:20:08","date_gmt":"2025-11-30T03:20:08","guid":{"rendered":"https:\/\/www.europesays.com\/fi\/103626\/"},"modified":"2025-11-30T03:20:08","modified_gmt":"2025-11-30T03:20:08","slug":"formula-ykkosten-maailmanmestaruus-on-katkolla-qatarin-gpssa-norrisilla-vahva-ote-uransa-ensimmaisesta-mm-tittelista-urheilu","status":"publish","type":"post","link":"https:\/\/www.europesays.com\/fi\/103626\/","title":{"rendered":"Formula ykk\u00f6sten maailmanmestaruus on katkolla Qatarin gp:ss\u00e4 \u2013 Norrisilla vahva ote uransa ensimm\u00e4isest\u00e4 MM-tittelist\u00e4 | Urheilu"},"content":{"rendered":"<p>Rata-ajon kuninkuusluokan eli formula ykk\u00f6sten maailmanmestaruus on t\u00e4n\u00e4\u00e4n katkolla MM-sarjan viimeist\u00e4 edellisess\u00e4 kisassa Qatarin gp:ss\u00e4.<\/p>\n<p>Kuljettajien MM-sarjaa johtava McLarenin Lando Norris voi varmistaa kilpauransa ensimm\u00e4isen MM-tittelin Qatarin Dohassa. H\u00e4n johtaa MM-sarjaa 22 pisteell\u00e4 ennen tallikaveriaan Oscar Piastria.<\/p>\n<p>Kuljettajien MM-sarjassa kolmantena k\u00e4rkkyy nelinkertainen maailmanmestari, Red Bullin Max Verstappen, joka on Norrisia j\u00e4ljess\u00e4 25 pistett\u00e4. H\u00e4nen mestaruustoiveensa el\u00e4v\u00e4t Norrisin ja Piastrin ep\u00e4onnistumisissa.<\/p>\n<p>MM-sarjan gp-kilpailun voittajalle jaetaan 25 pistett\u00e4, kakkoselle 18 ja kolmanneksi sijoittuneelle 15 pistett\u00e4. Viel\u00e4 kymmenes sija tuottaa yhden pisteen. Lis\u00e4ksi kilpailun nopeimman kierroksen ajanutta kuljettajaa hyvitet\u00e4\u00e4n yhdell\u00e4 MM-pisteell\u00e4.<\/p>\n<p>Jos kauden aikana seitsem\u00e4n kilpailua voittanut Norris voittaisi my\u00f6s Qatarin gp:n, h\u00e4n olisi MM-loppupisteiss\u00e4 varmasti ykk\u00f6nen, riippumatta Piastrin ja Verstappenin sijoituksista.<\/p>\n<p>Piastri kartutti MM-pistetili\u00e4\u00e4n eilen kahdeksalla pisteell\u00e4 kaasuteltuaan kauden viidennen ja viimeisen sprinttikilpailun voittoon.<\/p>\n<p>Norris on vahvasti kiinni uransa ensimm\u00e4isess\u00e4 MM-titteliss\u00e4, sill\u00e4 Qatarin gp:n j\u00e4lkeen MM-ohjelmassa on en\u00e4\u00e4 reilun viikon kuluttua ajettava Abu Dhabin gp.<\/p>\n<p>Qatarin gp alkaa kello 18.<\/p>\n","protected":false},"excerpt":{"rendered":"Rata-ajon kuninkuusluokan eli formula ykk\u00f6sten maailmanmestaruus on t\u00e4n\u00e4\u00e4n katkolla MM-sarjan viimeist\u00e4 edellisess\u00e4 kisassa Qatarin gp:ss\u00e4. Kuljettajien MM-sarjaa johtava&hellip;\n","protected":false},"author":2,"featured_media":103627,"comment_status":"","ping_status":"","sticky":false,"template":"","format":"standard","meta":{"footnotes":""},"categories":[158],"tags":[2810,33,31,30,3437,41,83,2811,10754,6530,159,32,160],"class_list":{"0":"post-103626","1":"post","2":"type-post","3":"status-publish","4":"format-standard","5":"has-post-thumbnail","7":"category-urheilu","8":"tag-autourheilu-ja-urheiluautot","9":"tag-fi","10":"tag-finland","11":"tag-finnish","12":"tag-formula-1","13":"tag-liikunta-ja-urheilu","14":"tag-moottoriurheilu","15":"tag-rata-autoilu","16":"tag-rata-autoilukuljettajat","17":"tag-red-bull","18":"tag-sports","19":"tag-suomi","20":"tag-urheilu"},"share_on_mastodon":{"url":"https:\/\/pubeurope.com\/@fi\/115636497741970839","error":""},"_links":{"self":[{"href":"https:\/\/www.europesays.com\/fi\/wp-json\/wp\/v2\/posts\/103626","targetHints":{"allow":["GET"]}}],"collection":[{"href":"https:\/\/www.europesays.com\/fi\/wp-json\/wp\/v2\/posts"}],"about":[{"href":"https:\/\/www.europesays.com\/fi\/wp-json\/wp\/v2\/types\/post"}],"author":[{"embeddable":true,"href":"https:\/\/www.europesays.com\/fi\/wp-json\/wp\/v2\/users\/2"}],"replies":[{"embeddable":true,"href":"https:\/\/www.europesays.com\/fi\/wp-json\/wp\/v2\/comments?post=103626"}],"version-history":[{"count":0,"href":"https:\/\/www.europesays.com\/fi\/wp-json\/wp\/v2\/posts\/103626\/revisions"}],"wp:featuredmedia":[{"embeddable":true,"href":"https:\/\/www.europesays.com\/fi\/wp-json\/wp\/v2\/media\/103627"}],"wp:attachment":[{"href":"https:\/\/www.europesays.com\/fi\/wp-json\/wp\/v2\/media?parent=103626"}],"wp:term":[{"taxonomy":"category","embeddable":true,"href":"https:\/\/www.europesays.com\/fi\/wp-json\/wp\/v2\/categories?post=103626"},{"taxonomy":"post_tag","embeddable":true,"href":"https:\/\/www.europesays.com\/fi\/wp-json\/wp\/v2\/tags?post=103626"}],"curies":[{"name":"wp","href":"https:\/\/api.w.org\/{rel}","templated":true}]}}