{"id":103630,"date":"2025-11-30T03:24:08","date_gmt":"2025-11-30T03:24:08","guid":{"rendered":"https:\/\/www.europesays.com\/fi\/103630\/"},"modified":"2025-11-30T03:24:08","modified_gmt":"2025-11-30T03:24:08","slug":"pilapiirros-vuojala-30-11-2025-savon-sanomat","status":"publish","type":"post","link":"https:\/\/www.europesays.com\/fi\/103630\/","title":{"rendered":"Pilapiirros | Vuojala 30.11.2025 &#8211; Savon Sanomat"},"content":{"rendered":"<ol>\n<li><a href=\"https:\/\/news.google.com\/rss\/articles\/CBMiW0FVX3lxTE9oTUFvMmNHNjVBeE9DWGlzcXRWUEVLaGJ2cFE2RnMwbk0tSFdoUk1MLW9VbUxtejVKNkpMcHI2dkFfM0xHUkllVnNDR2hCdnJZWXRaSTF3R3NESW8?oc=5\" target=\"_blank\" rel=\"nofollow noopener\">Pilapiirros | Vuojala 30.11.2025<\/a>&nbsp;&nbsp;Savon Sanomat<\/li>\n<li><a href=\"https:\/\/news.google.com\/rss\/articles\/CBMiVkFVX3lxTE8zQ3JoSzJ6bjJHZFo0WnJaRTNmWUZPQmlpQXFESzZvSVZqMzUyTU1nWFZBdGRVTUN0SFZzMmRrZndxSnJXUHJZYno1clFLMEJyanlnb1J3?oc=5\" target=\"_blank\" rel=\"nofollow noopener\">KalPa lent\u00e4\u00e4 tilauslennolla Ruotsiin \u2013 n\u00e4in paljon se maksaa | Urheilu<\/a>&nbsp;&nbsp;Savon Sanomat<\/li>\n<li><a href=\"https:\/\/news.google.com\/rss\/articles\/CBMidEFVX3lxTE9KUlByWWhOUnVDZ19pemgzbUMyNkdxRVFsRHRSc0xJVzJSd3ZoTkhTNlZaZDFjODljajN1VmNmcThPUnEzSmRKVElTRU9IS012YUtOdVRnQW9CSURvOFRyNVo3VGc0RUdCUVk1ZGFnNDVsQ1FV?oc=5\" target=\"_blank\" rel=\"nofollow noopener\">Yksi Suomen suurimmista s\u00e4hk\u00f6nmyyjist\u00e4 vaihtaa omistajaa<\/a>&nbsp;&nbsp;tivi.fi<\/li>\n<li><a href=\"https:\/\/news.google.com\/rss\/articles\/CBMiQkFVX3lxTE1EYmZ6SmNNV25xWE1RbWNJdG5ySzRNX0Z5b1ZEd3oyZFI5SnBrbnVYSUpLUGh0U0cyYTRKNXVveFIydw?oc=5\" target=\"_blank\" rel=\"nofollow noopener\">Helsingin kaupungin energiayhti\u00f6 Helen ostaa kuopiolaisen V\u00e4reen<\/a>&nbsp;&nbsp;Yle<\/li>\n<li><a href=\"https:\/\/news.google.com\/rss\/articles\/CBMiVEFVX3lxTE42bU1OYnctMWhnbTVRZ0d3ZUVQSE01ZVA2c0FBSjZLMlZ3Q1hQODU0S2YyY3c0bmc2cVNidTBxNjBFdkZTOEJfVTRubDlIbzk4WTgzag?oc=5\" target=\"_blank\" rel=\"nofollow noopener\">Omistajan mukaan V\u00e4reen riskit olivat k\u00e4ym\u00e4ss\u00e4 liian suuriksi \u2013 S\u00e4hk\u00f6kauppa keskittyy Suomessa vauhdilla<\/a>&nbsp;&nbsp;Etel\u00e4-Saimaa<\/li>\n<\/ol>\n","protected":false},"excerpt":{"rendered":"Pilapiirros | Vuojala 30.11.2025&nbsp;&nbsp;Savon Sanomat KalPa lent\u00e4\u00e4 tilauslennolla Ruotsiin \u2013 n\u00e4in paljon se maksaa | Urheilu&nbsp;&nbsp;Savon Sanomat Yksi&hellip;\n","protected":false},"author":2,"featured_media":103631,"comment_status":"","ping_status":"","sticky":false,"template":"","format":"standard","meta":{"footnotes":""},"categories":[76],"tags":[79,77,2110,33,31,30,19493,32,78],"class_list":{"0":"post-103630","1":"post","2":"type-post","3":"status-publish","4":"format-standard","5":"has-post-thumbnail","7":"category-talous","8":"tag-business","9":"tag-economy","10":"tag-elamantapa-ja-vapaa-aika","11":"tag-fi","12":"tag-finland","13":"tag-finnish","14":"tag-ilkka-vuojalan-pilapiirros","15":"tag-suomi","16":"tag-talous"},"share_on_mastodon":{"url":"https:\/\/pubeurope.com\/@fi\/115636513240627618","error":""},"_links":{"self":[{"href":"https:\/\/www.europesays.com\/fi\/wp-json\/wp\/v2\/posts\/103630","targetHints":{"allow":["GET"]}}],"collection":[{"href":"https:\/\/www.europesays.com\/fi\/wp-json\/wp\/v2\/posts"}],"about":[{"href":"https:\/\/www.europesays.com\/fi\/wp-json\/wp\/v2\/types\/post"}],"author":[{"embeddable":true,"href":"https:\/\/www.europesays.com\/fi\/wp-json\/wp\/v2\/users\/2"}],"replies":[{"embeddable":true,"href":"https:\/\/www.europesays.com\/fi\/wp-json\/wp\/v2\/comments?post=103630"}],"version-history":[{"count":0,"href":"https:\/\/www.europesays.com\/fi\/wp-json\/wp\/v2\/posts\/103630\/revisions"}],"wp:featuredmedia":[{"embeddable":true,"href":"https:\/\/www.europesays.com\/fi\/wp-json\/wp\/v2\/media\/103631"}],"wp:attachment":[{"href":"https:\/\/www.europesays.com\/fi\/wp-json\/wp\/v2\/media?parent=103630"}],"wp:term":[{"taxonomy":"category","embeddable":true,"href":"https:\/\/www.europesays.com\/fi\/wp-json\/wp\/v2\/categories?post=103630"},{"taxonomy":"post_tag","embeddable":true,"href":"https:\/\/www.europesays.com\/fi\/wp-json\/wp\/v2\/tags?post=103630"}],"curies":[{"name":"wp","href":"https:\/\/api.w.org\/{rel}","templated":true}]}}