{"id":103634,"date":"2025-11-30T03:26:09","date_gmt":"2025-11-30T03:26:09","guid":{"rendered":"https:\/\/www.europesays.com\/fi\/103634\/"},"modified":"2025-11-30T03:26:09","modified_gmt":"2025-11-30T03:26:09","slug":"kommentti-aanestamatta-jattaminen-vaarantaa-hengen","status":"publish","type":"post","link":"https:\/\/www.europesays.com\/fi\/103634\/","title":{"rendered":"Kommentti: \u00c4\u00e4nest\u00e4m\u00e4tt\u00e4 j\u00e4tt\u00e4minen vaarantaa hengen"},"content":{"rendered":"<p>Uusi tutkimus paljastaa uskomattoman vaaran suomalaisessa politiikassa, kirjoittaa erikoistoimittaja Seppo Varjus.<\/p>\n<p>29.11. 10:12<\/p>\n<p class=\"article-body mb-nof-24 px-nof-16\">Kansalainen. Ole vakava, kun \u00e4\u00e4nest\u00e4t. N\u00e4k\u00f6j\u00e4\u00e4n viel\u00e4 vakavampaa on, jos et \u00e4\u00e4nest\u00e4.<\/p>\n<p class=\"article-body mb-nof-24 px-nof-16\">Helsingin yliopiston tuoreen <a class=\"article-genericlink\" href=\"https:\/\/jech.bmj.com\/content\/early\/2025\/10\/28\/jech-2025-224663?__cf_chl_tk=bEm.8l5RxACBvfIJK9ConTFAFZ2pO.TQUyXR7IUMOcY-1764257822-1.0.1.1-8qDDNqLTVat9PXAgGASQxf2q86DOsQf5lsAiXV5RATo\" rel=\"nofollow noopener\" target=\"_blank\">tutkimuksen<\/a> <a class=\"article-genericlink\" href=\"https:\/\/www.helsinki.fi\/fi\/uutiset\/hyva-yhteiskunta\/aanestaminen-erottelee-elinian-pituutta-enemman-kuin-koulutus\" rel=\"nofollow noopener\" target=\"_blank\">mukaan<\/a> \u00e4\u00e4nest\u00e4minen pident\u00e4\u00e4 elinik\u00e4\u00e4. \u00c4\u00e4nest\u00e4m\u00e4tt\u00e4 j\u00e4tt\u00e4vien kuolemanriski noin kaksi kolmasosaa suurempi kuin \u00e4\u00e4nest\u00e4neill\u00e4: miehill\u00e4 1,73 kertainen ja naisilla 1,63 kertainen.<\/p>\n<p class=\"article-body mb-nof-24 px-nof-16\">Tutkimuksessa tarkasteltiin vuoden 1999 eduskuntavaaleissa manner-Suomen yli 30-vuotiaita \u00e4\u00e4nest\u00e4ji\u00e4, joita seurattiin vuoden 2020 loppuun.<\/p>\n<p class=\"article-body mb-nof-24 px-nof-16\">Onko poliitikkojen vastuu todella n\u00e4in suuri? Kuinka he pit\u00e4v\u00e4t vaalikarjan kiinnostuksen yll\u00e4 niin, ett\u00e4 se ei kupsahda pois?<\/p>\n<p class=\"article-body mb-nof-24 px-nof-16\">On laupeuden teko k\u00e4ytt\u00e4\u00e4 omaisuutensa vaalimainontaan.<\/p>\n<p class=\"article-body mb-nof-24 px-nof-16\">Eduskuntavaalit pidet\u00e4\u00e4n vajaan puolentoista vuoden kuluttua 18. huhtikuuta 2027. Vaalitaisto saattoi kuitenkin k\u00e4ynnisty\u00e4 toden teolla jo keskiviikkona.<\/p>\n<p class=\"article-body mb-nof-24 px-nof-16\">Tuolloin EU-komissio ilmoitti, ett\u00e4 se \u201dharkitsee suosittelevansa liiallisen alij\u00e4\u00e4m\u00e4n menettelyn avaamista Suomelle\u201d.<\/p>\n<p class=\"article-body mb-nof-24 px-nof-16\">Niin hienostuneita nuo eurooppalaiset. Painostaminen, pakottaminen ja kirist\u00e4minen hoituu kohteliain sanak\u00e4\u00e4ntein. Meist\u00e4 mets\u00e4l\u00e4isist\u00e4 ei tuohon ole.<\/p>\n<p class=\"article-body mb-nof-24 px-nof-16\">Kauniit sanat kauhistuttivat. Kuin kasakat ratsuillaan taas kirmaisivat piiskojaan heilutellen kaduilla.<\/p>\n<p class=\"article-body mb-nof-24 px-nof-16\">Taatuksi tuli, ett\u00e4 koko ensi vuosikin jauhetaan valtion velasta. T\u00e4m\u00e4 ei lis\u00e4\u00e4 kansalaisten kulutusintoa. Ilman kulutusta talous ei kasva. Ilman kasvua ei p\u00e4\u00e4st\u00e4 valtionvelasta. Itsetuhoinen kierre.<\/p>\n<p class=\"article-body mb-nof-24 px-nof-16\">Olisiko kannattanut vain olla hiljaa?<\/p>\n<p class=\"article-body mb-nof-24 px-nof-16\">Seuraavan ei varsinaisesti uskoisi lis\u00e4\u00e4v\u00e4n kiinnostusta politiikkaan: lains\u00e4\u00e4d\u00e4nn\u00f6n arviointineuvosto arvostelee hallituksen esitysluonnosta hankintalain uudistamiseksi.<\/p>\n<p class=\"article-body mb-nof-24 px-nof-16\">Hankintalain tarkoitus on lis\u00e4t\u00e4 pienten ja keskisuurten yritysten mahdollisuuksia julkisissa hankinnoissa ja saavuttaa kustannuss\u00e4\u00e4st\u00f6j\u00e4.<\/p>\n<p class=\"article-body mb-nof-24 px-nof-16\">Edellist\u00e4 lausetta kirjoittaessani haukottelin jo sanan \u201dkeskisuurten\u201d kohdalla.<\/p>\n<p class=\"article-body mb-nof-24 px-nof-16\">Mutta on t\u00e4ss\u00e4kin kauneutensa. Sit\u00e4 pidet\u00e4\u00e4n <a class=\"article-personlink\" href=\"https:\/\/www.is.fi\/haku\/?query=Matias%20Marttisen\" rel=\"nofollow noopener\" target=\"_blank\">Matias Marttisen<\/a> (kok) lyhyen ty\u00f6ministeriuran haastavimpana hankkeena. Lains\u00e4\u00e4d\u00e4nn\u00f6n arviointineuvosto antoi esitysluonnoksesta arvosanan v\u00e4ltt\u00e4v\u00e4. Se on toiseksi huonoin viisiportaisella asteikolla.<\/p>\n<p class=\"article-body mb-nof-24 px-nof-16\">Tulee mieleen kuinka ministeri Marttinen ylv\u00e4\u00e4sti mutta sulokkaasti luistelee j\u00e4\u00e4ll\u00e4 piruetteja. Sitten tuomarit antavat pisteens\u00e4 ja p\u00e4\u00e4tyv\u00e4t vain \u201dv\u00e4ltt\u00e4v\u00e4\u00e4n\u201d. Ei varmaan hyv\u00e4lt\u00e4 tunnu.<\/p>\n<p class=\"article-body mb-nof-24 px-nof-16\">Mutta positiivisen kautta. T\u00e4llaista politiikka oli vanhoina aikoina, kun se oli parhaimmillaan. <a class=\"article-personlink\" href=\"https:\/\/www.is.fi\/haku\/?query=Kalevi%20Sorsan\" rel=\"nofollow noopener\" target=\"_blank\">Kalevi Sorsan<\/a> (sd), <a class=\"article-personlink\" href=\"https:\/\/www.is.fi\/haku\/?query=Harri%20Holkerin\" rel=\"nofollow noopener\" target=\"_blank\">Harri Holkerin<\/a> (kok), <a class=\"article-personlink\" href=\"https:\/\/www.is.fi\/haku\/?query=Paavo%20Lipposen\" rel=\"nofollow noopener\" target=\"_blank\">Paavo Lipposen<\/a> (sd) ja <a class=\"article-personlink\" href=\"https:\/\/www.is.fi\/haku\/?query=Matti%20Vanhasen\" rel=\"nofollow noopener\" target=\"_blank\">Matti Vanhasen<\/a> (kesk) aikoina. Tappavan tasaisen turvallista tylsyytt\u00e4.<\/p>\n<blockquote class=\"citation\">\n<p>\u201d<\/p>\n<p>Tappavan tasaisen turvallisen tyls\u00e4\u00e4.<\/p>\n<\/blockquote>\n<p class=\"article-body mb-nof-24 px-nof-16\">Petteri <a class=\"article-personlink\" href=\"https:\/\/www.is.fi\/haku\/?query=Orpon\" rel=\"nofollow noopener\" target=\"_blank\">Orpon <\/a>(kok) ja <a class=\"article-personlink\" href=\"https:\/\/www.is.fi\/haku\/?query=Riikka%20Purran\" rel=\"nofollow noopener\" target=\"_blank\">Riikka Purran <\/a>(ps) hallituksen loppusota siis k\u00e4ynnistyy etuajassa.<\/p>\n<p class=\"article-body mb-nof-24 px-nof-16\">Siit\u00e4 voi ennustaa h\u00e4ijy\u00e4, h\u00e4ik\u00e4ilem\u00e4t\u00f6nt\u00e4 ja hirmuista sek\u00e4 hallituksen ett\u00e4 opposition puolelta. Kieli on rumaa, vastustajat maamme tai kansamme pett\u00e4ji\u00e4. Rumimmat vaalit Suomessa?<\/p>\n<p class=\"article-body mb-nof-24 px-nof-16\">Pit\u00e4\u00e4 ymm\u00e4rt\u00e4\u00e4. Tiktokissa on huitsisti j\u00e4nni\u00e4 juttuja, joiden kanssa politiikka kilpailee. Herjata on pakko, jos haluaa tykk\u00e4yksi\u00e4.<\/p>\n<p class=\"article-body mb-nof-24 px-nof-16\">Politiikasta on tullut draamaa, jossa is\u00e4nmaa on milloin mist\u00e4kin syyst\u00e4 juuri ihan heti nyt kohta tuhoutumassa, jollette \u00e4\u00e4nest\u00e4 minua.<\/p>\n<p class=\"article-body mb-nof-24 px-nof-16\">Innostavaa?<\/p>\n","protected":false},"excerpt":{"rendered":"Uusi tutkimus paljastaa uskomattoman vaaran suomalaisessa politiikassa, kirjoittaa erikoistoimittaja Seppo Varjus. 29.11. 10:12 Kansalainen. Ole vakava, kun \u00e4\u00e4nest\u00e4t.&hellip;\n","protected":false},"author":2,"featured_media":103635,"comment_status":"","ping_status":"","sticky":false,"template":"","format":"standard","meta":{"footnotes":""},"categories":[12],"tags":[22,23,26,27,33,31,30,17,34,24,25,28,29,15,18,21,32,19,20,16],"class_list":{"0":"post-103634","1":"post","2":"type-post","3":"status-publish","4":"format-standard","5":"has-post-thumbnail","7":"category-suomi","8":"tag-breaking-news","9":"tag-breakingnews","10":"tag-featured-news","11":"tag-featurednews","12":"tag-fi","13":"tag-finland","14":"tag-finnish","15":"tag-headlines","16":"tag-ilta-sanomat","17":"tag-latest-news","18":"tag-latestnews","19":"tag-main-news","20":"tag-mainnews","21":"tag-news","22":"tag-otsikot","23":"tag-paauutiset","24":"tag-suomi","25":"tag-top-stories","26":"tag-topstories","27":"tag-uutiset"},"share_on_mastodon":{"url":"https:\/\/pubeurope.com\/@fi\/115636521141310717","error":""},"_links":{"self":[{"href":"https:\/\/www.europesays.com\/fi\/wp-json\/wp\/v2\/posts\/103634","targetHints":{"allow":["GET"]}}],"collection":[{"href":"https:\/\/www.europesays.com\/fi\/wp-json\/wp\/v2\/posts"}],"about":[{"href":"https:\/\/www.europesays.com\/fi\/wp-json\/wp\/v2\/types\/post"}],"author":[{"embeddable":true,"href":"https:\/\/www.europesays.com\/fi\/wp-json\/wp\/v2\/users\/2"}],"replies":[{"embeddable":true,"href":"https:\/\/www.europesays.com\/fi\/wp-json\/wp\/v2\/comments?post=103634"}],"version-history":[{"count":0,"href":"https:\/\/www.europesays.com\/fi\/wp-json\/wp\/v2\/posts\/103634\/revisions"}],"wp:featuredmedia":[{"embeddable":true,"href":"https:\/\/www.europesays.com\/fi\/wp-json\/wp\/v2\/media\/103635"}],"wp:attachment":[{"href":"https:\/\/www.europesays.com\/fi\/wp-json\/wp\/v2\/media?parent=103634"}],"wp:term":[{"taxonomy":"category","embeddable":true,"href":"https:\/\/www.europesays.com\/fi\/wp-json\/wp\/v2\/categories?post=103634"},{"taxonomy":"post_tag","embeddable":true,"href":"https:\/\/www.europesays.com\/fi\/wp-json\/wp\/v2\/tags?post=103634"}],"curies":[{"name":"wp","href":"https:\/\/api.w.org\/{rel}","templated":true}]}}