{"id":103636,"date":"2025-11-30T03:27:09","date_gmt":"2025-11-30T03:27:09","guid":{"rendered":"https:\/\/www.europesays.com\/fi\/103636\/"},"modified":"2025-11-30T03:27:09","modified_gmt":"2025-11-30T03:27:09","slug":"auto-suistui-ravintolan-terassille-vantaalla-15-vuotias-poika-kuoli","status":"publish","type":"post","link":"https:\/\/www.europesays.com\/fi\/103636\/","title":{"rendered":"Auto suistui ravintolan terassille Vantaalla \u2013 15-vuotias poika kuoli"},"content":{"rendered":"<p class=\"article__paragraph\">\n      Vantaan Tikkurilassa 15-vuotias poika kuoli lauantaina j\u00e4\u00e4ty\u00e4\u00e4n ravintolan terassille ajautuneen auton alle, kertoi It\u00e4-Uudenmaan <a href=\"https:\/\/poliisi.fi\/-\/vantaalla-vakava-liikenneonnettomuus-auto-ajautui-ravintolan-terassille\" rel=\"nofollow noopener\" target=\"_blank\">poliisi<\/a>.\n    <\/p>\n<p class=\"article__paragraph\">\n      Alkutietojen mukaan kaksi autoa t\u00f6rm\u00e4si toisiinsa Talvikkitien ja Hernetien risteyksess\u00e4 ennen puoli kahdeksaa illalla. T\u00f6rm\u00e4yksen j\u00e4lkeen toinen auto ajautui Talvikkitiell\u00e4 sijaitsevan Grill House -ravintolan terassille.\n    <\/p>\n<p class=\"article__paragraph\">\n      15-vuotiasta yritettiin elvytt\u00e4\u00e4, mutta h\u00e4n kuoli tapahtumapaikalle. Toinen nuori ehti v\u00e4ist\u00e4\u00e4 autoa hypp\u00e4\u00e4m\u00e4ll\u00e4 pois tielt\u00e4 eik\u00e4 loukkaantunut.\n    <\/p>\n<p class=\"article__paragraph\">\n      Poliisi on ottanut kiinni autoa kuljettaneen 22-vuotiaan miehen. Poliisi ep\u00e4ilee h\u00e4nt\u00e4 alustavasti t\u00f6rke\u00e4st\u00e4 liikenneturvallisuuden vaarantamisesta ja t\u00f6rke\u00e4st\u00e4 kuolemantuottamuksesta.\n    <\/p>\n<p class=\"article__paragraph\">\n      Poliisi kertoi tiedottavansa onnettomuudesta lis\u00e4\u00e4 sunnuntaina.\n    <\/p>\n","protected":false},"excerpt":{"rendered":"Vantaan Tikkurilassa 15-vuotias poika kuoli lauantaina j\u00e4\u00e4ty\u00e4\u00e4n ravintolan terassille ajautuneen auton alle, kertoi It\u00e4-Uudenmaan poliisi. Alkutietojen mukaan kaksi&hellip;\n","protected":false},"author":2,"featured_media":103637,"comment_status":"","ping_status":"","sticky":false,"template":"","format":"standard","meta":{"footnotes":""},"categories":[5],"tags":[22,23,26,27,33,31,30,17,24,25,28,29,15,18,21,32,19,20,16],"class_list":{"0":"post-103636","1":"post","2":"type-post","3":"status-publish","4":"format-standard","5":"has-post-thumbnail","7":"category-otsikot","8":"tag-breaking-news","9":"tag-breakingnews","10":"tag-featured-news","11":"tag-featurednews","12":"tag-fi","13":"tag-finland","14":"tag-finnish","15":"tag-headlines","16":"tag-latest-news","17":"tag-latestnews","18":"tag-main-news","19":"tag-mainnews","20":"tag-news","21":"tag-otsikot","22":"tag-paauutiset","23":"tag-suomi","24":"tag-top-stories","25":"tag-topstories","26":"tag-uutiset"},"share_on_mastodon":{"url":"https:\/\/pubeurope.com\/@fi\/115636525028159589","error":""},"_links":{"self":[{"href":"https:\/\/www.europesays.com\/fi\/wp-json\/wp\/v2\/posts\/103636","targetHints":{"allow":["GET"]}}],"collection":[{"href":"https:\/\/www.europesays.com\/fi\/wp-json\/wp\/v2\/posts"}],"about":[{"href":"https:\/\/www.europesays.com\/fi\/wp-json\/wp\/v2\/types\/post"}],"author":[{"embeddable":true,"href":"https:\/\/www.europesays.com\/fi\/wp-json\/wp\/v2\/users\/2"}],"replies":[{"embeddable":true,"href":"https:\/\/www.europesays.com\/fi\/wp-json\/wp\/v2\/comments?post=103636"}],"version-history":[{"count":0,"href":"https:\/\/www.europesays.com\/fi\/wp-json\/wp\/v2\/posts\/103636\/revisions"}],"wp:featuredmedia":[{"embeddable":true,"href":"https:\/\/www.europesays.com\/fi\/wp-json\/wp\/v2\/media\/103637"}],"wp:attachment":[{"href":"https:\/\/www.europesays.com\/fi\/wp-json\/wp\/v2\/media?parent=103636"}],"wp:term":[{"taxonomy":"category","embeddable":true,"href":"https:\/\/www.europesays.com\/fi\/wp-json\/wp\/v2\/categories?post=103636"},{"taxonomy":"post_tag","embeddable":true,"href":"https:\/\/www.europesays.com\/fi\/wp-json\/wp\/v2\/tags?post=103636"}],"curies":[{"name":"wp","href":"https:\/\/api.w.org\/{rel}","templated":true}]}}