{"id":103638,"date":"2025-11-30T03:46:11","date_gmt":"2025-11-30T03:46:11","guid":{"rendered":"https:\/\/www.europesays.com\/fi\/103638\/"},"modified":"2025-11-30T03:46:11","modified_gmt":"2025-11-30T03:46:11","slug":"ruotsissa-syttyi-kaaos-tama-on-niin-idioottimaista-2","status":"publish","type":"post","link":"https:\/\/www.europesays.com\/fi\/103638\/","title":{"rendered":"Ruotsissa syttyi kaaos: \u201dT\u00e4m\u00e4 on niin idioottimaista\u201d"},"content":{"rendered":"<p>IFK Norrk\u00f6pingin fanit h\u00f6lm\u00f6iliv\u00e4t.<\/p>\n<p>29.11. 21:43<\/p>\n<p class=\"article-body mb-nof-24 px-nof-16\">Allsvenskanin karsintaottelu IFK Norrk\u00f6pingin ja \u00d6rgryten v\u00e4lill\u00e4 jouduttiin keskeytt\u00e4m\u00e4\u00e4n, kun paikalliset fanit heittiv\u00e4t ilotulitteita ja pyrotekniikkaa kent\u00e4lle, uutisoi <a class=\"article-genericlink\" href=\"https:\/\/www.aftonbladet.se\/sportbladet\/fotboll\/a\/7pnv7o\/avbrott-direkt-i-kvalmatchen-mellan-ifk-norrkoping-och-orgryte\" rel=\"nofollow noopener\" target=\"_blank\">Aftonbladet<\/a>.<\/p>\n<p class=\"article-body mb-nof-24 px-nof-16\">Ottelua oli j\u00e4ljell\u00e4 noin viisi minuuttia, kun IFK Norrk\u00f6pingin fanien tekojen seurauksena syntyi kaaos. Pelaajat poistuivat v\u00e4litt\u00f6m\u00e4sti kent\u00e4lt\u00e4 ja ilotulitteiden seurauksena kent\u00e4n nurmi ja maaliverkko syttyiv\u00e4t palamaan.<\/p>\n<p class=\"article-body mb-nof-24 px-nof-16\">\u2013\u2009T\u00e4m\u00e4 vie kaiken ilon pelist\u00e4, ruotsalaisasiantuntija <a class=\"article-personlink\" href=\"https:\/\/www.is.fi\/haku\/?query=Johan%20Arneng\" rel=\"nofollow noopener\" target=\"_blank\">Johan Arneng<\/a> sanoi HBO Maxin l\u00e4hetyksess\u00e4.<\/p>\n<p class=\"article-body mb-nof-24 px-nof-16\">\u2013\u2009T\u00e4m\u00e4 on niin idioottimaista.<\/p>\n<p class=\"article-body mb-nof-24 px-nof-16\">Kun tilanne oli saatu hallintaan ja liekit sammutettu, ottelua p\u00e4\u00e4tettiin jatkaa. Kuitenkin vain 50 sekunnin kuluttua kent\u00e4lle lensi uusi soihtu ja peli keskeytettiin j\u00e4lleen.<\/p>\n<p><img decoding=\"async\" src=\"https:\/\/www.europesays.com\/fi\/wp-content\/uploads\/2025\/11\/1764454089_280_468.jpg\" alt=\"Fanien heitt\u00e4m\u00e4t ilotulitteet sytyttiv\u00e4t nurmen ja maaliverkon tuleen.\" class=\"_Img_1rerz_1\" style=\"aspect-ratio:1.7777777777777777\" loading=\"eager\"\/><\/p>\n<p class=\"article-picture-caption\">Fanien heitt\u00e4m\u00e4t ilotulitteet sytyttiv\u00e4t nurmen ja maaliverkon tuleen. Kuva:\u00a0MAGNUS ANDERSSON \/ Bildbyr\u00e5n \/ MVPhotos<\/p>\n<p class=\"article-body mb-nof-24 px-nof-16\">Joukkueet poistuivat kent\u00e4lt\u00e4 ja ottelua suostuttiin jatkamaan vain, jos kotiyleis\u00f6 poistuisi paikalta.<\/p>\n<p class=\"article-body mb-nof-24 px-nof-16\">N\u00e4in tehtiin, ja ottelu saatiin pelattua loppuun melkein viisi tuntia sen alkamisajan j\u00e4lkeen.<\/p>\n<p class=\"article-body mb-nof-24 px-nof-16\">Ottelu p\u00e4\u00e4ttyi lopulta tasan 0\u20130. \u00d6rgryte voitti edellisen karsintaottelun luvuin 3\u20130. N\u00e4in se varmisti paikkansa Allsvenskanissa, ja IFK Norrk\u00f6ping tippui alemmalle sarjatasolle.<\/p>\n<p class=\"article-body mb-nof-24 px-nof-16\">\u00d6rgryte on pelannut viimeksi Allsvenskanissa vuonna 2009.<\/p>\n","protected":false},"excerpt":{"rendered":"IFK Norrk\u00f6pingin fanit h\u00f6lm\u00f6iliv\u00e4t. 29.11. 21:43 Allsvenskanin karsintaottelu IFK Norrk\u00f6pingin ja \u00d6rgryten v\u00e4lill\u00e4 jouduttiin keskeytt\u00e4m\u00e4\u00e4n, kun paikalliset fanit&hellip;\n","protected":false},"author":2,"featured_media":103639,"comment_status":"","ping_status":"","sticky":false,"template":"","format":"standard","meta":{"footnotes":""},"categories":[158],"tags":[33,31,30,34,159,32,160],"class_list":{"0":"post-103638","1":"post","2":"type-post","3":"status-publish","4":"format-standard","5":"has-post-thumbnail","7":"category-urheilu","8":"tag-fi","9":"tag-finland","10":"tag-finnish","11":"tag-ilta-sanomat","12":"tag-sports","13":"tag-suomi","14":"tag-urheilu"},"share_on_mastodon":{"url":"https:\/\/pubeurope.com\/@fi\/115636600191831706","error":""},"_links":{"self":[{"href":"https:\/\/www.europesays.com\/fi\/wp-json\/wp\/v2\/posts\/103638","targetHints":{"allow":["GET"]}}],"collection":[{"href":"https:\/\/www.europesays.com\/fi\/wp-json\/wp\/v2\/posts"}],"about":[{"href":"https:\/\/www.europesays.com\/fi\/wp-json\/wp\/v2\/types\/post"}],"author":[{"embeddable":true,"href":"https:\/\/www.europesays.com\/fi\/wp-json\/wp\/v2\/users\/2"}],"replies":[{"embeddable":true,"href":"https:\/\/www.europesays.com\/fi\/wp-json\/wp\/v2\/comments?post=103638"}],"version-history":[{"count":0,"href":"https:\/\/www.europesays.com\/fi\/wp-json\/wp\/v2\/posts\/103638\/revisions"}],"wp:featuredmedia":[{"embeddable":true,"href":"https:\/\/www.europesays.com\/fi\/wp-json\/wp\/v2\/media\/103639"}],"wp:attachment":[{"href":"https:\/\/www.europesays.com\/fi\/wp-json\/wp\/v2\/media?parent=103638"}],"wp:term":[{"taxonomy":"category","embeddable":true,"href":"https:\/\/www.europesays.com\/fi\/wp-json\/wp\/v2\/categories?post=103638"},{"taxonomy":"post_tag","embeddable":true,"href":"https:\/\/www.europesays.com\/fi\/wp-json\/wp\/v2\/tags?post=103638"}],"curies":[{"name":"wp","href":"https:\/\/api.w.org\/{rel}","templated":true}]}}