{"id":103654,"date":"2025-11-30T04:17:13","date_gmt":"2025-11-30T04:17:13","guid":{"rendered":"https:\/\/www.europesays.com\/fi\/103654\/"},"modified":"2025-11-30T04:17:13","modified_gmt":"2025-11-30T04:17:13","slug":"kurittomat-nunnat-pakenivat-vanhainkodista-ja-valtasivat-luostarin-katolinen-kirkko-taipui-kuukausien-linnoittautumisen-jalkeen","status":"publish","type":"post","link":"https:\/\/www.europesays.com\/fi\/103654\/","title":{"rendered":"Kurittomat nunnat pakenivat vanhainkodista ja valtasivat luostarin \u2013 katolinen kirkko taipui kuukausien linnoittautumisen j\u00e4lkeen"},"content":{"rendered":"<p>Kolme yli kahdeksankymment\u00e4vuotiasta nunnaa on pist\u00e4nyt ranttaliksi It\u00e4vallassa.<\/p>\n<p>Heid\u00e4t siirrettiin\u00a0Schloss Goldensteinin luostarista vanhainkotiin joulukuussa 2023, nunnien itsens\u00e4 mukaan vastoin heid\u00e4n tahtoaan.<\/p>\n<p>Naiset asuivatkin jonkin aikaa heille osoitetussa vanhainkodissa, mutta kuluvan vuoden syyskuussa he saivat tarpeekseen. Tuolloin sisaret <strong>Bernadette<\/strong>, 88, <strong>Regina<\/strong>, 86 ja <strong>Rita<\/strong>, 82, l\u00e4htiv\u00e4t l\u00e4iskim\u00e4\u00e4n majapaikastaan ja suuntasivat takaisin entiseen luostariinsa. Asiasta uutisoi tuolloin muun muassa <a href=\"https:\/\/www.bbc.com\/news\/articles\/c5y8r2gk0vyo\" target=\"_blank\" rel=\"noreferrer noopener nofollow\">BBC<\/a>.<\/p>\n<p>Lue my\u00f6s: <a href=\"https:\/\/www.voice.fi\/ilmiot\/a-145298\" title=\"Poliisi ja nunna kohtasivat toisensa kadulla \u2013 hauska seuraus nousi viraaliksi\" class=\"underline-custom !font-montserrat !font-bold !underline-offset-4 !decoration-4 !decoration-tilt-light !text-md\" rel=\"nofollow noopener\" target=\"_blank\">Poliisi ja nunna kohtasivat toisensa kadulla \u2013 hauska seuraus nousi viraaliksi<\/a><\/p>\n<p>Lue my\u00f6s: <a href=\"https:\/\/www.voice.fi\/ilmiot\/a-123628\" title=\"Katolilainen nunna, 86, on huippukunnossa \u2013 selviytyi uskomattomasta urheilur\u00e4\u00e4kist\u00e4!\" class=\"underline-custom !font-montserrat !font-bold !underline-offset-4 !decoration-4 !decoration-tilt-light !text-md\" rel=\"nofollow noopener\" target=\"_blank\">Katolilainen nunna, 86, on huippukunnossa \u2013 selviytyi uskomattomasta urheilur\u00e4\u00e4kist\u00e4!<\/a><\/p>\n<p>Luostariyhteis\u00f6 oli kuitenkin lakkautettu vuoden 2024 alussa, mutta t\u00e4m\u00e4 ei riivi\u00f6nunnia hidastanut. Lukkosep\u00e4n avustuksella he murtautuivat rakkaaseen luostariinsa ja k\u00e4viv\u00e4t taloksi, huolimatta siit\u00e4, ettei rakennukseen tullut sen enemp\u00e4\u00e4 s\u00e4hk\u00f6\u00e4 kuin vett\u00e4k\u00e4\u00e4n.<\/p>\n<p>Sittemmin s\u00e4hk\u00f6 ja vesi on palautettu, ja nunnat ovat saanet runsaasti apua muun muassa entisilt\u00e4 oppilailtaan, jotka ovat toimittaneet heille ruokaa ja muuta tarpeistoa.<\/p>\n<p>Kapinalliset sisaret ovat nyky\u00e4\u00e4n my\u00f6s somet\u00e4hti\u00e4, ja heid\u00e4n <a href=\"https:\/\/www.instagram.com\/nonnen_goldenstein\/?hl=fi\" target=\"_blank\" rel=\"noreferrer noopener nofollow\">Instagram-tilill\u00e4\u00e4n<\/a> on yli 100\u00a0000 seuraajaa.<\/p>\n<p>Lue my\u00f6s: <a href=\"https:\/\/www.voice.fi\/hullu-maailma\/a-167273\" title=\"Demonin riivaaman nunnan yli 300 vuotta vanha kirje on k\u00e4\u00e4nnetty \u2013 tutkijat keksiv\u00e4t nerokkaan idean\" class=\"underline-custom !font-montserrat !font-bold !underline-offset-4 !decoration-4 !decoration-tilt-light !text-md\" rel=\"nofollow noopener\" target=\"_blank\">Demonin riivaaman nunnan yli 300 vuotta vanha kirje on k\u00e4\u00e4nnetty \u2013 tutkijat keksiv\u00e4t nerokkaan idean<\/a><\/p>\n<p>Lue my\u00f6s: <a href=\"https:\/\/www.voice.fi\/hullu-maailma\/a-90252\" title=\"78-vuotias nunna j\u00e4i kiinni myym\u00e4l\u00e4varkaudesta \u2013 varasti kahvia ja saippuaa\" class=\"underline-custom !font-montserrat !font-bold !underline-offset-4 !decoration-4 !decoration-tilt-light !text-md\" rel=\"nofollow noopener\" target=\"_blank\">78-vuotias nunna j\u00e4i kiinni myym\u00e4l\u00e4varkaudesta \u2013 varasti kahvia ja saippuaa<\/a><\/p>\n<p>Lieneek\u00f6 julkisuus vaikuttanut tilanteeseen vai mik\u00e4 sai katolisen kirkon valtaapit\u00e4vien p\u00e4\u00e4t k\u00e4\u00e4ntym\u00e4\u00e4n, mutta nyt <a href=\"https:\/\/yle.fi\/a\/74-20196870?fbclid=IwY2xjawOWog1leHRuA2FlbQIxMABicmlkETBRMUNMUXAzSmdrV0wzMGhPc3J0YwZhcHBfaWQQMjIyMDM5MTc4ODIwMDg5MgABHoAQ_Ed1uWcmfZOWSpo9YRFvs3tFTO69lqvapK0vpWaBGF4zxR867t30SQl-_aem_GX_VGUydodmYTB2TNNTIOw\" target=\"_blank\" rel=\"noreferrer noopener nofollow\">Yle<\/a> kertoo kirkon antaneen nunnille periksi kolmen kuukauden linnoittutumisen j\u00e4lkeen.<\/p>\n<p>My\u00f6ntymisen ehtona on se, ett\u00e4 heid\u00e4n tulee luopua sosiaalisesta mediasta.<\/p>\n<p>Lis\u00e4ksi heid\u00e4n tulee pit\u00e4\u00e4 huoli siit\u00e4, etteiv\u00e4t luostarin yksityiset tilat ole avoinna ulkopuolisille. Heid\u00e4n t\u00e4ytyy my\u00f6s ilmoittaa hoitokotiin, mik\u00e4li heid\u00e4n terveydentilansa heikkenee, ja ottaa vastaan hengellist\u00e4 tukea papilta.<\/p>\n<p>Viel\u00e4 ei tiedet\u00e4, suostuvatko omia teit\u00e4\u00e4n lompsivat sisaret ehtoihin.<\/p>\n<p>\t\t\t\t\t\t<script async src=\"\/\/www.instagram.com\/embed.js\"><\/script><\/p>\n","protected":false},"excerpt":{"rendered":"Kolme yli kahdeksankymment\u00e4vuotiasta nunnaa on pist\u00e4nyt ranttaliksi It\u00e4vallassa. Heid\u00e4t siirrettiin\u00a0Schloss Goldensteinin luostarista vanhainkotiin joulukuussa 2023, nunnien itsens\u00e4 mukaan&hellip;\n","protected":false},"author":2,"featured_media":103655,"comment_status":"","ping_status":"","sticky":false,"template":"","format":"standard","meta":{"footnotes":""},"categories":[14],"tags":[22,23,26,27,33,31,30,17,19646,24,25,28,29,15,19647,18,21,32,19,20,56,16,19648,59,60,61],"class_list":{"0":"post-103654","1":"post","2":"type-post","3":"status-publish","4":"format-standard","5":"has-post-thumbnail","7":"category-ulkomaat","8":"tag-breaking-news","9":"tag-breakingnews","10":"tag-featured-news","11":"tag-featurednews","12":"tag-fi","13":"tag-finland","14":"tag-finnish","15":"tag-headlines","16":"tag-kapina","17":"tag-latest-news","18":"tag-latestnews","19":"tag-main-news","20":"tag-mainnews","21":"tag-news","22":"tag-nunna","23":"tag-otsikot","24":"tag-paauutiset","25":"tag-suomi","26":"tag-top-stories","27":"tag-topstories","28":"tag-ulkomaat","29":"tag-uutiset","30":"tag-valloitus","31":"tag-world","32":"tag-world-news","33":"tag-worldnews"},"share_on_mastodon":{"url":"https:\/\/pubeurope.com\/@fi\/115636721660370416","error":""},"_links":{"self":[{"href":"https:\/\/www.europesays.com\/fi\/wp-json\/wp\/v2\/posts\/103654","targetHints":{"allow":["GET"]}}],"collection":[{"href":"https:\/\/www.europesays.com\/fi\/wp-json\/wp\/v2\/posts"}],"about":[{"href":"https:\/\/www.europesays.com\/fi\/wp-json\/wp\/v2\/types\/post"}],"author":[{"embeddable":true,"href":"https:\/\/www.europesays.com\/fi\/wp-json\/wp\/v2\/users\/2"}],"replies":[{"embeddable":true,"href":"https:\/\/www.europesays.com\/fi\/wp-json\/wp\/v2\/comments?post=103654"}],"version-history":[{"count":0,"href":"https:\/\/www.europesays.com\/fi\/wp-json\/wp\/v2\/posts\/103654\/revisions"}],"wp:featuredmedia":[{"embeddable":true,"href":"https:\/\/www.europesays.com\/fi\/wp-json\/wp\/v2\/media\/103655"}],"wp:attachment":[{"href":"https:\/\/www.europesays.com\/fi\/wp-json\/wp\/v2\/media?parent=103654"}],"wp:term":[{"taxonomy":"category","embeddable":true,"href":"https:\/\/www.europesays.com\/fi\/wp-json\/wp\/v2\/categories?post=103654"},{"taxonomy":"post_tag","embeddable":true,"href":"https:\/\/www.europesays.com\/fi\/wp-json\/wp\/v2\/tags?post=103654"}],"curies":[{"name":"wp","href":"https:\/\/api.w.org\/{rel}","templated":true}]}}