{"id":103656,"date":"2025-11-30T04:18:08","date_gmt":"2025-11-30T04:18:08","guid":{"rendered":"https:\/\/www.europesays.com\/fi\/103656\/"},"modified":"2025-11-30T04:18:08","modified_gmt":"2025-11-30T04:18:08","slug":"is-kurvissa-sijaitseva-ravintola-kolme-kaisaa-sulkeutuu","status":"publish","type":"post","link":"https:\/\/www.europesays.com\/fi\/103656\/","title":{"rendered":"IS: Kurvissa sijaitseva ravintola Kolme Kaisaa sulkeutuu"},"content":{"rendered":"<p>Helsinki|Hintikan mukaan ravintolan m\u00e4\u00e4r\u00e4aikainen vuokrasopimus p\u00e4\u00e4ttyy.<\/p>\n<p>29.11. 20:50<\/p>\n<p class=\"article-body mb-nof-24 px-nof-16\">Helsinkil\u00e4isravintola Kolme Kaisaa sulkeutuu,<a class=\"article-genericlink\" href=\"https:\/\/www.is.fi\/taloussanomat\/art-2000011659681.html\" rel=\"nofollow noopener\" target=\"_blank\"> Ilta-Sanomat uutisoi<\/a>.<\/p>\n<p class=\"article-body mb-nof-24 px-nof-16\">Asian vahvistaa IS:lle ravintolap\u00e4\u00e4llikk\u00f6 <a class=\"article-personlink\" href=\"https:\/\/www.hs.fi\/haku\/?query=Tiina%20Hintikka\" rel=\"nofollow noopener\" target=\"_blank\">Tiina Hintikka<\/a>.<\/p>\n<p class=\"article-body mb-nof-24 px-nof-16\">Hintikan mukaan ravintolan m\u00e4\u00e4r\u00e4aikainen vuokrasopimus p\u00e4\u00e4ttyy, eik\u00e4 ravintolalle saatu neuvoteltua uutta sopimusta. H\u00e4n arvioi, ett\u00e4 ravintola sulkeutuu jo joulukuun puoliv\u00e4liss\u00e4.<\/p>\n<p class=\"article-body mb-nof-24 px-nof-16\">Ravintola on toiminut Helsingin Kurvissa vuodesta 1964 l\u00e4htien.<\/p>\n<p class=\"article-body mb-nof-24 px-nof-16\">HS ei tavoittanut Hintikkaa kertomaan aiheesta lis\u00e4\u00e4.<\/p>\n","protected":false},"excerpt":{"rendered":"Helsinki|Hintikan mukaan ravintolan m\u00e4\u00e4r\u00e4aikainen vuokrasopimus p\u00e4\u00e4ttyy. 29.11. 20:50 Helsinkil\u00e4isravintola Kolme Kaisaa sulkeutuu, Ilta-Sanomat uutisoi. Asian vahvistaa IS:lle ravintolap\u00e4\u00e4llikk\u00f6&hellip;\n","protected":false},"author":2,"featured_media":103657,"comment_status":"","ping_status":"","sticky":false,"template":"","format":"standard","meta":{"footnotes":""},"categories":[12],"tags":[22,23,26,27,33,31,30,17,46,24,25,28,29,15,18,21,32,19,20,16],"class_list":{"0":"post-103656","1":"post","2":"type-post","3":"status-publish","4":"format-standard","5":"has-post-thumbnail","7":"category-suomi","8":"tag-breaking-news","9":"tag-breakingnews","10":"tag-featured-news","11":"tag-featurednews","12":"tag-fi","13":"tag-finland","14":"tag-finnish","15":"tag-headlines","16":"tag-helsingin-sanomat","17":"tag-latest-news","18":"tag-latestnews","19":"tag-main-news","20":"tag-mainnews","21":"tag-news","22":"tag-otsikot","23":"tag-paauutiset","24":"tag-suomi","25":"tag-top-stories","26":"tag-topstories","27":"tag-uutiset"},"share_on_mastodon":{"url":"https:\/\/pubeurope.com\/@fi\/115636725576843503","error":""},"_links":{"self":[{"href":"https:\/\/www.europesays.com\/fi\/wp-json\/wp\/v2\/posts\/103656","targetHints":{"allow":["GET"]}}],"collection":[{"href":"https:\/\/www.europesays.com\/fi\/wp-json\/wp\/v2\/posts"}],"about":[{"href":"https:\/\/www.europesays.com\/fi\/wp-json\/wp\/v2\/types\/post"}],"author":[{"embeddable":true,"href":"https:\/\/www.europesays.com\/fi\/wp-json\/wp\/v2\/users\/2"}],"replies":[{"embeddable":true,"href":"https:\/\/www.europesays.com\/fi\/wp-json\/wp\/v2\/comments?post=103656"}],"version-history":[{"count":0,"href":"https:\/\/www.europesays.com\/fi\/wp-json\/wp\/v2\/posts\/103656\/revisions"}],"wp:featuredmedia":[{"embeddable":true,"href":"https:\/\/www.europesays.com\/fi\/wp-json\/wp\/v2\/media\/103657"}],"wp:attachment":[{"href":"https:\/\/www.europesays.com\/fi\/wp-json\/wp\/v2\/media?parent=103656"}],"wp:term":[{"taxonomy":"category","embeddable":true,"href":"https:\/\/www.europesays.com\/fi\/wp-json\/wp\/v2\/categories?post=103656"},{"taxonomy":"post_tag","embeddable":true,"href":"https:\/\/www.europesays.com\/fi\/wp-json\/wp\/v2\/tags?post=103656"}],"curies":[{"name":"wp","href":"https:\/\/api.w.org\/{rel}","templated":true}]}}