{"id":103658,"date":"2025-11-30T04:19:08","date_gmt":"2025-11-30T04:19:08","guid":{"rendered":"https:\/\/www.europesays.com\/fi\/103658\/"},"modified":"2025-11-30T04:19:08","modified_gmt":"2025-11-30T04:19:08","slug":"lukas-hradecky-nollasi-psgn-monaco-juhli-komeaa-voittoa-urheilu","status":"publish","type":"post","link":"https:\/\/www.europesays.com\/fi\/103658\/","title":{"rendered":"Lukas Hradecky nollasi PSG:n \u2013 Monaco juhli komeaa voittoa | Urheilu"},"content":{"rendered":"<p>Suomalaismaalivahti Lukas Hradeckyn edustama AS Monaco otti lauantaina komean kotivoiton Ranskan jalkapalloliigassa, kun se kaatoi Paris Saint-Germainin 1\u20130.<\/p>\n<p>Takumi Minamino viimeisteli toisella puoliajalla ottelun ainoan osuman Mestarien liigan hallitsevan voittajan verkkoon. Monaco pelasi ottelun lopun miehen alivoimalla Thilo Kehrerin katseltua punaista korttia 80. peliminuutilla.<\/p>\n<p>Voitto p\u00e4\u00e4tti samalla Monacon kolmen ottelun tappioputken Ranskan p\u00e4\u00e4sarjassa. Nelj\u00e4 tuoreinta Ranskan mestaruutta voittaneelle PSG:lle tappio oli toinen t\u00e4m\u00e4n kauden liigassa.<\/p>\n<p>Polvivammastaan toipuneelle Hradeckylle ottelu oli toinen per\u00e4tt\u00e4inen Ranskan liigassa. T\u00e4ll\u00e4 viikolla h\u00e4n oli tolppien v\u00e4liss\u00e4 my\u00f6s Monacon Mestarien liigan kamppailussa Pafosia vastaan.<\/p>\n","protected":false},"excerpt":{"rendered":"Suomalaismaalivahti Lukas Hradeckyn edustama AS Monaco otti lauantaina komean kotivoiton Ranskan jalkapalloliigassa, kun se kaatoi Paris Saint-Germainin 1\u20130.&hellip;\n","protected":false},"author":2,"featured_media":103659,"comment_status":"","ping_status":"","sticky":false,"template":"","format":"standard","meta":{"footnotes":""},"categories":[5],"tags":[22,23,26,27,33,31,30,17,43,42,1745,1984,24,25,41,28,29,1623,15,18,21,32,19,20,161,16],"class_list":{"0":"post-103658","1":"post","2":"type-post","3":"status-publish","4":"format-standard","5":"has-post-thumbnail","7":"category-otsikot","8":"tag-breaking-news","9":"tag-breakingnews","10":"tag-featured-news","11":"tag-featurednews","12":"tag-fi","13":"tag-finland","14":"tag-finnish","15":"tag-headlines","16":"tag-jalkapallo","17":"tag-jalkapalloon-perustuvat-lajit","18":"tag-jalkapallopelaajat","19":"tag-jalkapallopelaajat-miehet","20":"tag-latest-news","21":"tag-latestnews","22":"tag-liikunta-ja-urheilu","23":"tag-main-news","24":"tag-mainnews","25":"tag-miesten-jalkapallo","26":"tag-news","27":"tag-otsikot","28":"tag-paauutiset","29":"tag-suomi","30":"tag-top-stories","31":"tag-topstories","32":"tag-urheilutapahtumat","33":"tag-uutiset"},"share_on_mastodon":{"url":"https:\/\/pubeurope.com\/@fi\/115636729444474923","error":""},"_links":{"self":[{"href":"https:\/\/www.europesays.com\/fi\/wp-json\/wp\/v2\/posts\/103658","targetHints":{"allow":["GET"]}}],"collection":[{"href":"https:\/\/www.europesays.com\/fi\/wp-json\/wp\/v2\/posts"}],"about":[{"href":"https:\/\/www.europesays.com\/fi\/wp-json\/wp\/v2\/types\/post"}],"author":[{"embeddable":true,"href":"https:\/\/www.europesays.com\/fi\/wp-json\/wp\/v2\/users\/2"}],"replies":[{"embeddable":true,"href":"https:\/\/www.europesays.com\/fi\/wp-json\/wp\/v2\/comments?post=103658"}],"version-history":[{"count":0,"href":"https:\/\/www.europesays.com\/fi\/wp-json\/wp\/v2\/posts\/103658\/revisions"}],"wp:featuredmedia":[{"embeddable":true,"href":"https:\/\/www.europesays.com\/fi\/wp-json\/wp\/v2\/media\/103659"}],"wp:attachment":[{"href":"https:\/\/www.europesays.com\/fi\/wp-json\/wp\/v2\/media?parent=103658"}],"wp:term":[{"taxonomy":"category","embeddable":true,"href":"https:\/\/www.europesays.com\/fi\/wp-json\/wp\/v2\/categories?post=103658"},{"taxonomy":"post_tag","embeddable":true,"href":"https:\/\/www.europesays.com\/fi\/wp-json\/wp\/v2\/tags?post=103658"}],"curies":[{"name":"wp","href":"https:\/\/api.w.org\/{rel}","templated":true}]}}