{"id":103662,"date":"2025-11-30T04:38:11","date_gmt":"2025-11-30T04:38:11","guid":{"rendered":"https:\/\/www.europesays.com\/fi\/103662\/"},"modified":"2025-11-30T04:38:11","modified_gmt":"2025-11-30T04:38:11","slug":"wilma-murron-lammin-viesti-sai-jaakiekkolegenda-jussi-jokisen-liikuttumaan-rukalla-vaikeiden-vuosien-ratkaiseva-apu-urheilu","status":"publish","type":"post","link":"https:\/\/www.europesays.com\/fi\/103662\/","title":{"rendered":"Wilma Murron l\u00e4mmin viesti sai j\u00e4\u00e4\u00adkiekko\u00adlegenda Jussi Jokisen liikuttumaan Rukalla \u2013 vaikeiden vuosien ratkaiseva apu | Urheilu"},"content":{"rendered":"<p class=\"aw-1gybjub aw-1p7kakr kEtdKx cEmitX yle__article__paragraph\">\u201dJussin tuki Rion ja Tokion v\u00e4lisell\u00e4 olympiadilla oli monella tavalla tosi t\u00e4rke\u00e4\u00e4. Tuona aikana kuroin monesti isoksi repe\u00e4v\u00e4\u00e4 kuilua juniori- ja aikuismenestyksen v\u00e4lill\u00e4. Silloin taloudellinen tuki on ollut merkitt\u00e4v\u00e4 asia ja mahdollistanut t\u00e4ydellisen heitt\u00e4ytymisen urheilu-uralle.<\/p>\n<p class=\"aw-1gybjub aw-1p7kakr kEtdKx cEmitX yle__article__paragraph\">V\u00e4hint\u00e4\u00e4n yht\u00e4 t\u00e4rke\u00e4\u00e4 oli se, ett\u00e4 Jussin kaltainen esikuvallinen ja kokenut urheilija uskoo minuun ja n\u00e4kee minut ja urheilijuuteni tuen ja kannustuksen arvoisiksi.<\/p>\n<p class=\"aw-1gybjub aw-1p7kakr kEtdKx cEmitX yle__article__paragraph\">Jussi on ihmisen\u00e4 tosi n\u00f6yr\u00e4 ja helposti l\u00e4hestytt\u00e4v\u00e4. H\u00e4nest\u00e4 kertoo paljon, ettei sopimuksestamme ollut tarkoitus ainakaan h\u00e4nen aloitteestaan puhua julkisuudessa. Tuki oli pyyteet\u00f6nt\u00e4 ja vilpit\u00f6nt\u00e4 auttamisen halua.\u201d<\/p>\n<p class=\"aw-1gybjub aw-1p7kakr kEtdKx cEmitX yle__article__paragraph\">T\u00e4llaisen viestin seiv\u00e4shyppyt\u00e4hti <strong class=\"aw-ak79eh KyCXm yle__article__strong\">Wilma Murto<\/strong> kirjoitti pyynn\u00f6st\u00e4 Yle Urheilulle pitk\u00e4aikaisesta sponsoristaan, 951 NHL-ottelun j\u00e4\u00e4kiekkolegendasta <strong class=\"aw-ak79eh KyCXm yle__article__strong\">Jussi Jokisesta<\/strong>, 42.<\/p>\n<p class=\"aw-1gybjub aw-1p7kakr kEtdKx cEmitX yle__article__paragraph\">Kun Jokinen on lukenut viestin toimittajan puhelimesta, h\u00e4n kokoilee itse\u00e4\u00e4n pienen hetken ennen kuin sovittu haastattelu l\u00e4htee k\u00e4yntiin.<\/p>\n<p class=\"aw-1gybjub aw-1p7kakr kEtdKx cEmitX yle__article__paragraph\">\u2013 Liikuttaa, my\u00f6nn\u00e4n, Jokinen naurahti Kuusamon Rukalla, jossa on tuttuun tapaansa katsomassa maailmancupin avauskilpailuja kaveriensa kanssa.<\/p>\n<p><img decoding=\"async\" alt=\"Wilma Murto ylitt\u00e4\u00e4 riman M\u00fcnchenin stadionin seiv\u00e4shyppypaikalla. Taustalla n\u00e4kyy valotorni ja stadionin kattorakenteita.\" src=\"https:\/\/www.europesays.com\/fi\/wp-content\/uploads\/2025\/11\/39-99685762ff8a79ca2c6.jpeg\" loading=\"lazy\" class=\"aw-1l9m598 hKVVvP\"\/><\/p>\n<p>Avaa kuvien katselu<\/p>\n<p>Jussi Jokinen liikuttui kotisohvalla elokuussa 2022, kun Wilma Murto liiteli upeaan EM-kultaan M\u00fcnchenin klassisella olympiastadionilla. Kuva:  imago sportfotodienst \/ AOPYlen olympiatiimiss\u00e4<\/p>\n<p class=\"aw-1gybjub aw-1p7kakr kEtdKx cEmitX yle__article__paragraph\">\u2013 Hiihto ja yleisurheilu olivat Suomessa tosi kovia juttuja, kun olin pieni poika ja urheiluk\u00e4rp\u00e4nen puraisi. Olen niist\u00e4 lajeista edelleen yht\u00e4 innoissani.<\/p>\n<p class=\"aw-1gybjub aw-1p7kakr kEtdKx cEmitX yle__article__paragraph\">Milanon olympiakisojen tv-studiossa n\u00e4hd\u00e4\u00e4n helmikuussa huomattavasti viile\u00e4mpi versio Jussi Jokisesta, kun t\u00e4m\u00e4 asiantuntijoi j\u00e4\u00e4kiekkoturnausta Ylen tiimiss\u00e4. Aiemmassa pestiss\u00e4\u00e4n Viaplayll\u00e4 Jokinen on ollut omintakeinen asiantuntija, takiaisen lailla kiinni pelin pieniss\u00e4 nyansseissa koko ajan.<\/p>\n<p class=\"aw-1gybjub aw-1p7kakr kEtdKx cEmitX yle__article__paragraph\">\u2013 Sen tyylin yrit\u00e4n s\u00e4ilytt\u00e4\u00e4. Sain itse kokea kaksi NHL:n vahvistamaa olympiaturnausta. Kokemukset olivat unohtumattomia. Hienoa, ett\u00e4 t\u00e4m\u00e4kin pelaajasukupolvi 12 vuoden tauon j\u00e4lkeen omansa saa.<\/p>\n<p><img decoding=\"async\" alt=\"Talviolympialaiset Milano Cortina 2026 j\u00e4\u00e4kiekon juontajat key-image 1:1-formaatti.\" src=\"https:\/\/www.europesays.com\/fi\/wp-content\/uploads\/2025\/10\/39-15446006900a6ba7f7c4.jpeg\" loading=\"lazy\" class=\"aw-1l9m598 hKVVvP\"\/><\/p>\n<p>Avaa kuvien katselu<\/p>\n<p>Jussi Jokinen (vas.) kuuluu Milanon olympiakisoissa Ylen studiotiimiin muun muassa Riku Salmisen ja Anni J\u00e4ms\u00e4n kanssa. Kuva: Jukka Lintinen \/ Yle, visualisti: Joonas Haverinen \/ Yle<\/p>\n<p class=\"aw-1gybjub aw-1p7kakr kEtdKx cEmitX yle__article__paragraph\">Kotipaikkansa Kalajoen Junkkareissa Jokinen harrasti yleisurheilua niin menestyksekk\u00e4\u00e4sti, ett\u00e4 kuului aitajuoksussa maan parhaisiin junioreihin 11\u201314-vuotiaana. Esikuva oli seurakaveri, pika-aitojen nuorten maailmanmestari <strong class=\"aw-ak79eh KyCXm yle__article__strong\">Antti Haapakoski<\/strong> ja valmentaja t\u00e4m\u00e4n is\u00e4 <strong class=\"aw-ak79eh KyCXm yle__article__strong\">Pentti Haapakoski<\/strong>.<\/p>\n<p class=\"aw-1gybjub aw-1p7kakr kEtdKx cEmitX yle__article__paragraph\">\u2013 Jos lajivalinta olisi t\u00e4ytynyt tehd\u00e4 11\u201312-vuotiaana, luulen, ett\u00e4 valinta olisi silloin ollut yleisurheilu.<\/p>\n<p>Ei stressi\u00e4<\/p>\n<p class=\"aw-1gybjub aw-1p7kakr kEtdKx cEmitX yle__article__paragraph\">Jos n\u00e4in olisi k\u00e4ynyt, ylemp\u00e4n\u00e4 mainittu Wilma Murto tuskin olisi saanut t\u00e4rke\u00e4\u00e4 tukijaa vaikeiksi vuosikseen 2016\u20132021, joiden j\u00e4lkeen tuli heti EM-kultaa sek\u00e4 MM-pronssia ja nousu kansakunnan kaapin p\u00e4\u00e4lle.<\/p>\n<p class=\"aw-1gybjub aw-1p7kakr kEtdKx cEmitX yle__article__paragraph\">\u2013 Vuonna 2016 mietin, miten ja kenen kautta voisin tukea rakasta urheilumuotoa. En tuntenut viel\u00e4 Wilmaa, mutta esiintymiset, suoritukset ja potentiaali miellyttiv\u00e4t niin paljon, ett\u00e4 tarjosin apua, muistelee Jokinen, joka tapasi urheilijan ensimm\u00e4isen kerran silm\u00e4kk\u00e4in vasta viime kes\u00e4n\u00e4.<\/p>\n<p class=\"aw-1gybjub aw-1p7kakr kEtdKx cEmitX yle__article__paragraph\">\u2013 En miss\u00e4\u00e4n kohtaa ole tietenk\u00e4\u00e4n halunnut tunkeilla. Viimeinen haluamani asia olisi ollut, ett\u00e4 Wilma olisi kokenut mink\u00e4\u00e4nlaista stressi\u00e4 siit\u00e4, ett\u00e4 autan h\u00e4nt\u00e4.<\/p>\n<p><img decoding=\"async\" alt=\"Leijonat\" src=\"https:\/\/www.europesays.com\/fi\/wp-content\/uploads\/2025\/11\/39-6774605ebfdf8075bcf.jpeg\" loading=\"lazy\" class=\"aw-1l9m598 hKVVvP\"\/><\/p>\n<p>Avaa kuvien katselu<\/p>\n<p>Jussi Jokinen sai olympiatasoiselle j\u00e4\u00e4kiekkouralleen upean huipennuksen Sot\u0161issa 2014, kun Leijonat saavutti pronssia. Vancouverin olympiavalinnat 2010 taas olivat urheilu-uran rajuimpia pettymyksi\u00e4. Kuva: Tomi H\u00e4nninen <\/p>\n<p class=\"aw-1gybjub aw-1p7kakr kEtdKx cEmitX yle__article__paragraph\">Jokinen ei NHL-ansioillaan leventele, mutta realiteetit ovat n\u00e4m\u00e4: h\u00e4n ansaitsi pelk\u00e4st\u00e4\u00e4n 595 tehopisteen <a class=\"aw-iao6s4 iHOxEa yle__article__link\" href=\"https:\/\/www.eliteprospects.com\/player\/2716\/jussi-jokinen\" role=\"link\" rel=\"nofollow noopener\" target=\"_blank\">NHL-urallaan<\/a> noin 34 miljoonaa dollaria eik\u00e4 pelannut SM-liigassa tai Sveitsiss\u00e4k\u00e4\u00e4n ilmaiseksi.<\/p>\n<p class=\"aw-1gybjub aw-1p7kakr kEtdKx cEmitX yle__article__paragraph\">\u2013 Maailman tuhannenneksi paras j\u00e4\u00e4kiekkoilija ansaitsee todenn\u00e4k\u00f6isesti enemm\u00e4n kuin maailman 30:nneksi paras yleisurheilija ja pystyy t\u00e4t\u00e4 auttamaan oman taloutensa h\u00e4iriintym\u00e4tt\u00e4, kaksinkertainen MM-mitalisti toteaa.<\/p>\n<p>Oma kokemus auttoi<\/p>\n<p class=\"aw-1gybjub aw-1p7kakr kEtdKx cEmitX yle__article__paragraph\">Jokisen avuntarjous osui Murron uralla strategisesti t\u00e4rke\u00e4\u00e4n hetkeen. 17-vuotias Murto oli juuri hyp\u00e4nnyt nuorten ME:n 471 ja p\u00e4\u00e4ssyt heti olympiajoukkueeseen Rioon, mutta Jokinen tiesi omista kokemuksistaan, ett\u00e4 muunlaisiakin aikoja on luvassa.<\/p>\n<p class=\"aw-1gybjub aw-1p7kakr kEtdKx cEmitX yle__article__paragraph\">\u2013 Oli herkist\u00e4v\u00e4\u00e4 katsoa, kun Wilma voitti 2022 EM-kultaa, mutta l\u00e4hipiiri mitattiin jo l\u00e4pimurron ja sen hetken v\u00e4lill\u00e4. Tuki oli tarpeen, kun rima oli 420:ss\u00e4, ei niink\u00e4\u00e4n en\u00e4\u00e4, kun se oli 485:ss\u00e4, my\u00f6s Murron tuoreen el\u00e4m\u00e4kertakirjan lukenut Jokinen hymyilee.<\/p>\n<p><img decoding=\"async\" alt=\"Jussi Jokinen.\" src=\"https:\/\/www.europesays.com\/fi\/wp-content\/uploads\/2025\/11\/39-5217555be2dff880f4f.jpeg\" loading=\"lazy\" class=\"aw-1l9m598 hKVVvP\"\/><\/p>\n<p>Avaa kuvien katselu<\/p>\n<p>Jussi Jokinen edusti NHL:ss\u00e4 13 vuoden aikana per\u00e4ti yhdeks\u00e4\u00e4 seuraa, joista viimeinen oli Vancouver Canucks kaudella 2017\u201318. Kuva: All Over Press<\/p>\n<p class=\"aw-1gybjub aw-1p7kakr kEtdKx cEmitX yle__article__paragraph\">H\u00e4nen oman urheilu-uransa rajuin vastoink\u00e4yminen tuli 25-vuotiaana, Suomesta ja \u0161okeeraavan puhelinsoiton muodossa. Rakas is\u00e4, poikansa urheilemisen \u00e4iti <strong class=\"aw-ak79eh KyCXm yle__article__strong\">Maria Kluukerin<\/strong> kanssa mahdollistanut <strong class=\"aw-ak79eh KyCXm yle__article__strong\">Keijo Jokinen<\/strong> oli t\u00e4ysin yll\u00e4tt\u00e4en kuollut.<\/p>\n<p class=\"aw-1gybjub aw-1p7kakr kEtdKx cEmitX yle__article__paragraph\">\u2013 Silloinen seurani Carolina Hurricanes osoittautui karmealla hetkell\u00e4 eritt\u00e4in vastuuntuntoiseksi ty\u00f6nantajaksi. Sain l\u00e4hte\u00e4 Suomeen ilman lukkoon ly\u00f6ty\u00e4 paluup\u00e4iv\u00e4\u00e4 l\u00e4heisteni tueksi. Psykologi <strong class=\"aw-ak79eh KyCXm yle__article__strong\">Tuomas Gr\u00f6nman<\/strong> (entinen NHL-j\u00e4\u00e4kiekkoilija) on ollut minulle t\u00e4rkeimpi\u00e4 ihmisi\u00e4, ja olin tosi iloinen siit\u00e4, miten avoimesti Wilma on kertonut henkisist\u00e4kin haasteistaan. N\u00e4iss\u00e4 asioissa on menty paljon eteenp\u00e4in, mutta matkaa on viel\u00e4.<\/p>\n<p class=\"aw-1gybjub aw-1p7kakr kEtdKx cEmitX yle__article__paragraph\">\u2013 Oma tytt\u00f6ni on kasiluokalla ja olen miettinyt, millaista olisi kuljettaa h\u00e4nt\u00e4 arkena treeneihin 150 kilometri\u00e4 suuntaansa. Sit\u00e4 hommaa is\u00e4ni teki, kun k\u00e4vin Kalajoelta K\u00e4rppien treeneiss\u00e4. Arvostus is\u00e4\u00e4 ja \u00e4iti\u00e4 kohtaan on \u00e4\u00e4ret\u00f6n.<\/p>\n<p>Mitalistikollegoita ladulla<\/p>\n<p class=\"aw-1gybjub aw-1p7kakr kEtdKx cEmitX yle__article__paragraph\">Pelaajana Jokinen on kokenut kahdet olympiakisat (2006 ja 2014) ja saavuttanut hopeaa sek\u00e4 pronssia. Uran suurimpia pettymyksi\u00e4 oli, kun valmennus ei valinnut tulikuumaa hy\u00f6kk\u00e4\u00e4j\u00e4\u00e4 Vancouverin olympiakisoihin 2010.<\/p>\n<p><img decoding=\"async\" alt=\"Krista P\u00e4rm\u00e4koski maalissa istumassa sukset jalassaan ja sauvat k\u00e4dess\u00e4.\" src=\"https:\/\/www.europesays.com\/fi\/wp-content\/uploads\/2025\/11\/39-156140269298d2a9de29.jpeg\" loading=\"lazy\" class=\"aw-1l9m598 hKVVvP\"\/><\/p>\n<p>Avaa kuvien katselu<\/p>\n<p>Kuusamon maailmancupissa hiiht\u00e4\u00e4 per\u00e4ti nelj\u00e4 suomalaista, jotka saavuttivat Jussi Jokisen kanssa samassa omypiajoukkueessa mitalin Sot\u0161issa 2014: uransa p\u00e4\u00e4ttymisest\u00e4 ilmoittanut Krista P\u00e4rm\u00e4koski (kuvassa), Anne Kyll\u00f6nen, Kerttu Niskanen ja Iivo Niskanen. Kuva: Vesa Moilanen \/ Lehtikuva<\/p>\n<p class=\"aw-1gybjub aw-1p7kakr kEtdKx cEmitX yle__article__paragraph\">Sot\u0161issa 2014 Jokinen sai kaulaansa pronssimitalin. Rukan laduilla riitt\u00e4\u00e4 suomalaisia mitalistikollegoita kyseisist\u00e4 kisoista: <strong class=\"aw-ak79eh KyCXm yle__article__strong\">Krista P\u00e4rm\u00e4koski<\/strong>, <strong class=\"aw-ak79eh KyCXm yle__article__strong\">Anne Kyll\u00f6nen<\/strong>, <strong class=\"aw-ak79eh KyCXm yle__article__strong\">Kerttu Niskanen<\/strong> ja <strong class=\"aw-ak79eh KyCXm yle__article__strong\">Iivo<\/strong> <strong class=\"aw-ak79eh KyCXm yle__article__strong\">Niskanen<\/strong>. Ex-pariskunta <strong class=\"aw-ak79eh KyCXm yle__article__strong\">Toni Roponen<\/strong> ja <strong class=\"aw-ak79eh KyCXm yle__article__strong\">Riitta-Liisa Lassila<\/strong> kuuluu Oulussa asuvan Jokisen kaveripiiriin, estejuoksun Euroopan mestari <strong class=\"aw-ak79eh KyCXm yle__article__strong\">Topi Raitanen<\/strong> golfkavereihin.<\/p>\n<p class=\"aw-1gybjub aw-1p7kakr kEtdKx cEmitX yle__article__paragraph\">J\u00e4\u00e4kiekko kuuluu yh\u00e4 arkeen: Jokinen valmentaa veljens\u00e4, ex-liigapelaaja <strong class=\"aw-ak79eh KyCXm yle__article__strong\">Juho Jokisen<\/strong> kanssa oman poikansa juniorijoukkuetta K\u00e4rpiss\u00e4.<\/p>\n","protected":false},"excerpt":{"rendered":"\u201dJussin tuki Rion ja Tokion v\u00e4lisell\u00e4 olympiadilla oli monella tavalla tosi t\u00e4rke\u00e4\u00e4. Tuona aikana kuroin monesti isoksi repe\u00e4v\u00e4\u00e4&hellip;\n","protected":false},"author":2,"featured_media":103663,"comment_status":"","ping_status":"","sticky":false,"template":"","format":"standard","meta":{"footnotes":""},"categories":[158],"tags":[33,31,30,2095,1143,19649,786,1697,5535,159,32,160,2815],"class_list":{"0":"post-103662","1":"post","2":"type-post","3":"status-publish","4":"format-standard","5":"has-post-thumbnail","7":"category-urheilu","8":"tag-fi","9":"tag-finland","10":"tag-finnish","11":"tag-hiihto","12":"tag-jaakiekko","13":"tag-jussi-jokinen","14":"tag-kuusamo","15":"tag-nhl","16":"tag-seivashyppy","17":"tag-sports","18":"tag-suomi","19":"tag-urheilu","20":"tag-wilma-murto"},"share_on_mastodon":{"url":"https:\/\/pubeurope.com\/@fi\/115636804471273326","error":""},"_links":{"self":[{"href":"https:\/\/www.europesays.com\/fi\/wp-json\/wp\/v2\/posts\/103662","targetHints":{"allow":["GET"]}}],"collection":[{"href":"https:\/\/www.europesays.com\/fi\/wp-json\/wp\/v2\/posts"}],"about":[{"href":"https:\/\/www.europesays.com\/fi\/wp-json\/wp\/v2\/types\/post"}],"author":[{"embeddable":true,"href":"https:\/\/www.europesays.com\/fi\/wp-json\/wp\/v2\/users\/2"}],"replies":[{"embeddable":true,"href":"https:\/\/www.europesays.com\/fi\/wp-json\/wp\/v2\/comments?post=103662"}],"version-history":[{"count":0,"href":"https:\/\/www.europesays.com\/fi\/wp-json\/wp\/v2\/posts\/103662\/revisions"}],"wp:featuredmedia":[{"embeddable":true,"href":"https:\/\/www.europesays.com\/fi\/wp-json\/wp\/v2\/media\/103663"}],"wp:attachment":[{"href":"https:\/\/www.europesays.com\/fi\/wp-json\/wp\/v2\/media?parent=103662"}],"wp:term":[{"taxonomy":"category","embeddable":true,"href":"https:\/\/www.europesays.com\/fi\/wp-json\/wp\/v2\/categories?post=103662"},{"taxonomy":"post_tag","embeddable":true,"href":"https:\/\/www.europesays.com\/fi\/wp-json\/wp\/v2\/tags?post=103662"}],"curies":[{"name":"wp","href":"https:\/\/api.w.org\/{rel}","templated":true}]}}