{"id":103664,"date":"2025-11-30T04:39:08","date_gmt":"2025-11-30T04:39:08","guid":{"rendered":"https:\/\/www.europesays.com\/fi\/103664\/"},"modified":"2025-11-30T04:39:08","modified_gmt":"2025-11-30T04:39:08","slug":"tanaan-tvssa-parempi-kuin-tuntematon-sotilas-vuoden-1989-sotaelokuva-on-kestanyt-hyvin-aikaa","status":"publish","type":"post","link":"https:\/\/www.europesays.com\/fi\/103664\/","title":{"rendered":"T\u00e4n\u00e4\u00e4n tv:ss\u00e4: Parempi kuin Tuntematon sotilas? Vuoden 1989 sotaelokuva on kest\u00e4nyt hyvin aikaa"},"content":{"rendered":"<p>Suomen talvisota alkoi 30. marraskuuta vuonna 1939. Talvisodan muiston kunniaksi esitet\u00e4\u00e4n televisiossa vuonna 1989 valmistunut Talvisota. <strong>Pekka Parikan<\/strong> kuudella Jussi-patsaalla palkittu elokuva perustuu<strong> Antti Tuurin<\/strong> samannimiseen romaaniin. <strong>Pekka Parikan<\/strong> kuudella Jussi-patsaalla palkittu elokuva perustuu<strong> Antti Tuurin<\/strong> samannimiseen romaaniin.<\/p>\n<p>Talvisota kertoo kauhavalaisista sotilaista ja heid\u00e4n toiminnastaan 30. marraskuuta vuonna 1939 alkaneessa sodassa, joka kesti 105 p\u00e4iv\u00e4\u00e4 ja p\u00e4\u00e4ttyi 13. maaliskuuta vuonna 1940. Elokuvan keskushahmoja ovat Hakalan veljekset Martti (<strong>Taneli M\u00e4kel\u00e4<\/strong>) ja Paavo (<strong>Konsta M\u00e4kel\u00e4<\/strong>), jotka l\u00e4htev\u00e4t muiden kauhavalaisten joukossa ylim\u00e4\u00e4r\u00e4isiin kertausharjoituksiin.<\/p>\n<p>Kun neuvostojoukot hy\u00f6kk\u00e4\u00e4v\u00e4t rajan yli, lakeuden miehet joutuvat Taipaleenjoella taisteluihin monikymmenkertaista vihollista vastaan ankarassa pakkasessa.<\/p>\n<p>Isolla budjetilla tuotettu Talvisota on eeppinen sotaelokuva, joka ei ole menett\u00e4nyt tehoaan vuosien varrella. Tuntematon sotilas -filmatisointien ohella se on suomalaisen sotaelokuvan huippuja. Elokuva sai teattereissa per\u00e4ti 628 767 katsojaa.<\/p>\n<p>Lue my\u00f6s: <a href=\"https:\/\/www.episodi.fi\/uutiset\/neljan-tahden-sotaelokuva-vie-katsojan-tapahtumien-keskelle\/\" title=\"Nelj\u00e4n t\u00e4hden sotaelokuva vie katsojan tapahtumien keskelle\" class=\"underline-custom !font-montserrat !font-bold !underline-offset-4 !decoration-4 !decoration-episodi-blue !text-md\" rel=\"nofollow noopener\" target=\"_blank\">Nelj\u00e4n t\u00e4hden sotaelokuva vie katsojan tapahtumien keskelle<\/a><\/p>\n<p>Hakalan veljeksi\u00e4 esitt\u00e4vien Taneli M\u00e4kel\u00e4n ja Konsta M\u00e4kel\u00e4n lis\u00e4ksi elokuvassa n\u00e4yttelev\u00e4t muun muassa <strong>Vesa Vierikko, Timo Torikka, Pirkko H\u00e4m\u00e4l\u00e4inen, Martti Suosalo<\/strong> ja<strong> Samuli Edelmann<\/strong>.<\/p>\n<p>Talvisota esitet\u00e4\u00e4n TV2-kanavalla sunnuntaina 30.11.2025 klo 20.00. Areenassa viikon ajan. Katso traileri alta.<\/p>\n<p><img loading=\"lazy\" decoding=\"async\" alt=\"YouTube video\" width=\"480\" height=\"360\" data-pin-nopin=\"true\" nopin=\"nopin\" class=\"perfmatters-lazy\" src=\"https:\/\/www.europesays.com\/fi\/wp-content\/uploads\/2025\/11\/1764477548_130_hqdefault.jpg\"\/><\/p>\n<p>Lue my\u00f6s: <a href=\"https:\/\/www.episodi.fi\/uutiskirje\/?uutiskirjemainos=tekstilinkkimainos\" title=\"Tilaa Episodin uutiskirje ja voit voittaa leffalippuja! Nappaa tv-vinkit suoraan s\u00e4hk\u00f6postiin t\u00e4st\u00e4.\" class=\"underline-custom !font-montserrat !font-bold !underline-offset-4 !decoration-4 !decoration-episodi-blue !text-md\" rel=\"nofollow noopener\" target=\"_blank\">Tilaa Episodin uutiskirje ja voit voittaa leffalippuja! Nappaa katseluvinkit suoraan s\u00e4hk\u00f6postiin t\u00e4st\u00e4.<\/a><\/p>\n","protected":false},"excerpt":{"rendered":"Suomen talvisota alkoi 30. marraskuuta vuonna 1939. Talvisodan muiston kunniaksi esitet\u00e4\u00e4n televisiossa vuonna 1989 valmistunut Talvisota. Pekka Parikan&hellip;\n","protected":false},"author":2,"featured_media":103665,"comment_status":"","ping_status":"","sticky":false,"template":"","format":"standard","meta":{"footnotes":""},"categories":[130],"tags":[137,33,31,30,32,139,109,913],"class_list":{"0":"post-103664","1":"post","2":"type-post","3":"status-publish","4":"format-standard","5":"has-post-thumbnail","7":"category-viihde","8":"tag-entertainment","9":"tag-fi","10":"tag-finland","11":"tag-finnish","12":"tag-suomi","13":"tag-tv-ohjelmat","14":"tag-viihde","15":"tag-yle-areena"},"share_on_mastodon":{"url":"https:\/\/pubeurope.com\/@fi\/115636808123224282","error":""},"_links":{"self":[{"href":"https:\/\/www.europesays.com\/fi\/wp-json\/wp\/v2\/posts\/103664","targetHints":{"allow":["GET"]}}],"collection":[{"href":"https:\/\/www.europesays.com\/fi\/wp-json\/wp\/v2\/posts"}],"about":[{"href":"https:\/\/www.europesays.com\/fi\/wp-json\/wp\/v2\/types\/post"}],"author":[{"embeddable":true,"href":"https:\/\/www.europesays.com\/fi\/wp-json\/wp\/v2\/users\/2"}],"replies":[{"embeddable":true,"href":"https:\/\/www.europesays.com\/fi\/wp-json\/wp\/v2\/comments?post=103664"}],"version-history":[{"count":0,"href":"https:\/\/www.europesays.com\/fi\/wp-json\/wp\/v2\/posts\/103664\/revisions"}],"wp:featuredmedia":[{"embeddable":true,"href":"https:\/\/www.europesays.com\/fi\/wp-json\/wp\/v2\/media\/103665"}],"wp:attachment":[{"href":"https:\/\/www.europesays.com\/fi\/wp-json\/wp\/v2\/media?parent=103664"}],"wp:term":[{"taxonomy":"category","embeddable":true,"href":"https:\/\/www.europesays.com\/fi\/wp-json\/wp\/v2\/categories?post=103664"},{"taxonomy":"post_tag","embeddable":true,"href":"https:\/\/www.europesays.com\/fi\/wp-json\/wp\/v2\/tags?post=103664"}],"curies":[{"name":"wp","href":"https:\/\/api.w.org\/{rel}","templated":true}]}}