{"id":103668,"date":"2025-11-30T04:43:07","date_gmt":"2025-11-30T04:43:07","guid":{"rendered":"https:\/\/www.europesays.com\/fi\/103668\/"},"modified":"2025-11-30T04:43:07","modified_gmt":"2025-11-30T04:43:07","slug":"vaite-trump-sekaantuu-toisen-valtion-vaaleihin","status":"publish","type":"post","link":"https:\/\/www.europesays.com\/fi\/103668\/","title":{"rendered":"V\u00e4ite: Trump sekaantuu toisen valtion vaaleihin"},"content":{"rendered":"<p>Presidentinvaalit k\u00e4yd\u00e4\u00e4n sunnuntaina.<\/p>\n<p class=\"article-body mb-nof-24 px-nof-16\">Hondurasissa valtapuolueen presidenttiehdokas syytt\u00e4\u00e4 Yhdysvaltain presidentti <a class=\"article-personlink\" href=\"https:\/\/www.is.fi\/haku\/?query=Donald%20Trumpin\" rel=\"nofollow noopener\" target=\"_blank\">Donald Trumpin<\/a> sekaantuvan Hondurasin vaaleihin. Maassa j\u00e4rjestet\u00e4\u00e4n presidentinvaalit sunnuntaina.<\/p>\n<p class=\"article-body mb-nof-24 px-nof-16\">Istuvan presidentin <a class=\"article-personlink\" href=\"https:\/\/www.is.fi\/haku\/?query=Xiomara%20Castron\" rel=\"nofollow noopener\" target=\"_blank\">Xiomara Castron<\/a> Libre-puoluetta edustava vasemmistolainen <a class=\"article-personlink\" href=\"https:\/\/www.is.fi\/haku\/?query=Rixi%20Moncada\" rel=\"nofollow noopener\" target=\"_blank\">Rixi Moncada<\/a> kuvaili Trumpin toimia vaalien alla interventionistisiksi.<\/p>\n<p class=\"article-body mb-nof-24 px-nof-16\">Trump <a class=\"article-genericlink\" href=\"https:\/\/truthsocial.com\/@realDonaldTrump\/posts\/115618236412963848\" rel=\"nofollow noopener\" target=\"_blank\">sanoi<\/a> ensin keskiviikkona tukevansa oikeistolaista <a class=\"article-personlink\" href=\"https:\/\/www.is.fi\/haku\/?query=Nasry%20Asfuraa\" rel=\"nofollow noopener\" target=\"_blank\">Nasry Asfuraa<\/a>, joka on yksi kolmesta k\u00e4rkiehdokkaasta. Perjantaina Trump <a class=\"article-genericlink\" href=\"https:\/\/truthsocial.com\/@realDonaldTrump\/posts\/115629406693931908\" rel=\"nofollow noopener\" target=\"_blank\">uhkasi<\/a> lis\u00e4ksi leikata Yhdysvaltojen tukea Hondurasille, jos Asfura h\u00e4vi\u00e4\u00e4 vaalit.<\/p>\n<p class=\"article-body mb-nof-24 px-nof-16\">Trump ilmoitti my\u00f6s, ett\u00e4 h\u00e4n armahtaa Asfuran kanssa samaa puoluetta edustavan entisen presidentin <a class=\"article-personlink\" href=\"https:\/\/www.is.fi\/haku\/?query=Juan%20Orlando%20Hernandezin\" rel=\"nofollow noopener\" target=\"_blank\">Juan Orlando Hernandezin<\/a>.<\/p>\n<p class=\"article-body mb-nof-24 px-nof-16\">Entinen hondurasilaisjohtaja istuu Yhdysvalloissa 45 vuoden vankeustuomiota huumerikoksista. H\u00e4net tuomittiin viime vuonna.<\/p>\n<p class=\"article-body mb-nof-24 px-nof-16\">Hernandez johti Hondurasia vuosina 2014\u20132022. H\u00e4net luovutettiin Yhdysvaltoihin vain joitakin viikkoja virkakautensa p\u00e4\u00e4ttymisen j\u00e4lkeen.<\/p>\n<p class=\"article-body mb-nof-24 px-nof-16\">\u2013\u2009(Hernandezia) on monien suuresti arvostamieni ihmisten mukaan kohdeltu eritt\u00e4in ankarasti ja ep\u00e4oikeudenmukaisesti, Trump sanoi Truth Social -viestipalvelussaan, mutta ei tarkentanut asiaa t\u00e4m\u00e4n enemp\u00e4\u00e4.<\/p>\n<p class=\"article-body mb-nof-24 px-nof-16\">Trumpin poliittiset vastustajat Yhdysvalloissa arvostelivat presidentin p\u00e4\u00e4t\u00f6st\u00e4 armahtaa Hernandez, mink\u00e4 lis\u00e4ksi ratkaisua kritisoi ainakin Kolumbian presidentti <a class=\"article-personlink\" href=\"https:\/\/www.is.fi\/haku\/?query=Gustavo%20Petro\" rel=\"nofollow noopener\" target=\"_blank\">Gustavo Petro<\/a>.<\/p>\n<p class=\"article-body mb-nof-24 px-nof-16\">Armahdusta arvosteltiin muun muassa siksi, ett\u00e4 Yhdysvalloilla on samaan aikaan Latinalaisen Amerikan alueella k\u00e4ynniss\u00e4 kiistelty huumekaupan vastainen operaatio.<\/p>\n<p class=\"article-body mb-nof-24 px-nof-16\">Yhdysvallat on syyskuun alun j\u00e4lkeen iskenyt Karibianmerell\u00e4 ja Tyynell\u00e4merell\u00e4 useisiin aluksiin, joita Trumpin hallinto sanoo k\u00e4ytetyn huumeiden salakuljettamiseen. Ainakin osan aluksista on v\u00e4itetty olevan kytk\u00f6ksiss\u00e4 venezuelalaisiin huumerikollisiin.<\/p>\n<p class=\"article-body mb-nof-24 px-nof-16\">Yhdysvallat on kertonut surmanneensa iskuissa yhteens\u00e4 yli 80 ihmist\u00e4. Yhdysvallat ei ole julkistanut tarkempia todisteita surmaamiensa ihmisten yhteyksist\u00e4 huumeiden salakuljetukseen.<\/p>\n<p class=\"article-body mb-nof-24 px-nof-16\">Asiantuntijoiden mukaan iskut ovat kansainv\u00e4lisen oikeuden vastaisia. Surmaamisen sijaan v\u00e4itetyille huumeiden salakuljettajillekin tulisi tarjota mahdollisuus oikeudenk\u00e4yntiin.<\/p>\n","protected":false},"excerpt":{"rendered":"Presidentinvaalit k\u00e4yd\u00e4\u00e4n sunnuntaina. Hondurasissa valtapuolueen presidenttiehdokas syytt\u00e4\u00e4 Yhdysvaltain presidentti Donald Trumpin sekaantuvan Hondurasin vaaleihin. Maassa j\u00e4rjestet\u00e4\u00e4n presidentinvaalit sunnuntaina.&hellip;\n","protected":false},"author":2,"featured_media":103669,"comment_status":"","ping_status":"","sticky":false,"template":"","format":"standard","meta":{"footnotes":""},"categories":[14],"tags":[22,23,26,27,33,31,30,17,34,24,25,28,29,15,18,21,32,19,20,56,16,59,60,61],"class_list":{"0":"post-103668","1":"post","2":"type-post","3":"status-publish","4":"format-standard","5":"has-post-thumbnail","7":"category-ulkomaat","8":"tag-breaking-news","9":"tag-breakingnews","10":"tag-featured-news","11":"tag-featurednews","12":"tag-fi","13":"tag-finland","14":"tag-finnish","15":"tag-headlines","16":"tag-ilta-sanomat","17":"tag-latest-news","18":"tag-latestnews","19":"tag-main-news","20":"tag-mainnews","21":"tag-news","22":"tag-otsikot","23":"tag-paauutiset","24":"tag-suomi","25":"tag-top-stories","26":"tag-topstories","27":"tag-ulkomaat","28":"tag-uutiset","29":"tag-world","30":"tag-world-news","31":"tag-worldnews"},"share_on_mastodon":{"url":"https:\/\/pubeurope.com\/@fi\/115636824093114760","error":""},"_links":{"self":[{"href":"https:\/\/www.europesays.com\/fi\/wp-json\/wp\/v2\/posts\/103668","targetHints":{"allow":["GET"]}}],"collection":[{"href":"https:\/\/www.europesays.com\/fi\/wp-json\/wp\/v2\/posts"}],"about":[{"href":"https:\/\/www.europesays.com\/fi\/wp-json\/wp\/v2\/types\/post"}],"author":[{"embeddable":true,"href":"https:\/\/www.europesays.com\/fi\/wp-json\/wp\/v2\/users\/2"}],"replies":[{"embeddable":true,"href":"https:\/\/www.europesays.com\/fi\/wp-json\/wp\/v2\/comments?post=103668"}],"version-history":[{"count":0,"href":"https:\/\/www.europesays.com\/fi\/wp-json\/wp\/v2\/posts\/103668\/revisions"}],"wp:featuredmedia":[{"embeddable":true,"href":"https:\/\/www.europesays.com\/fi\/wp-json\/wp\/v2\/media\/103669"}],"wp:attachment":[{"href":"https:\/\/www.europesays.com\/fi\/wp-json\/wp\/v2\/media?parent=103668"}],"wp:term":[{"taxonomy":"category","embeddable":true,"href":"https:\/\/www.europesays.com\/fi\/wp-json\/wp\/v2\/categories?post=103668"},{"taxonomy":"post_tag","embeddable":true,"href":"https:\/\/www.europesays.com\/fi\/wp-json\/wp\/v2\/tags?post=103668"}],"curies":[{"name":"wp","href":"https:\/\/api.w.org\/{rel}","templated":true}]}}