{"id":103670,"date":"2025-11-30T04:44:13","date_gmt":"2025-11-30T04:44:13","guid":{"rendered":"https:\/\/www.europesays.com\/fi\/103670\/"},"modified":"2025-11-30T04:44:13","modified_gmt":"2025-11-30T04:44:13","slug":"aarioikeistolainen-ryhma-on-levinnyt-jo-ouluun-asti-nain-toimii-active-club","status":"publish","type":"post","link":"https:\/\/www.europesays.com\/fi\/103670\/","title":{"rendered":"\u00c4\u00e4rioikeistolainen ryhm\u00e4 on levinnyt jo Ouluun asti \u2013 N\u00e4in toimii Active Club"},"content":{"rendered":"<p class=\"article__paragraph\">\n      Elokuussa 2023 Telegram-kanavalle ilmestyi viesti, jossa maalailtiin uudenlaista, urheilullisten nuorten miesten kansallismielist\u00e4 toimintaa. &#8221;Ryhmittym\u00e4 perustaa toimintansa katutason kansallismieliselle aktivismille, vastakulttuurin luomiselle, fyysiselle kehitykselle sek\u00e4 veljeskunnan muodostamiselle&#8221;, viestiss\u00e4 kirjoitettiin.\n    <\/p>\n<p class=\"article__paragraph\">\n      Keskusrikospoliisin mukaan havaintoja Active Clubista on jo vuodesta 2022 l\u00e4htien, mutta varsinaisesti sen katsotaan aloittaneen Suomessa tuolloin syksyll\u00e4 2023.\n    <\/p>\n<p>    <img decoding=\"async\" class=\"responsive-image article__image-image lozad\"   src=\"https:\/\/www.europesays.com\/fi\/wp-content\/uploads\/2025\/11\/1764477850_342_j6sXAKrO1jEcCy_qwwNGKM-VW6eEqLpZhe9vWnFU9HJtQkh1QR48bwq6pZOYFSJ4l0j_gBDfHeKJlkBcCWWOp-J9R0IevlF1z6X1.jpeg\" alt=\"N\u00e4ytt\u00f6kaappaus Active Club Finlandin ensimm\u00e4isest\u00e4 julkisesta julkaisusta Telegram-kanavallaan elokuussa 2023. Kansainv\u00e4lisen \u00e4\u00e4rioikeistoverkoston Active Clubin (AC) katsotaan levinneen tuolloin Suomeen.\"\/><\/p>\n<p>\n                N\u00e4ytt\u00f6kaappaus Active Club Finlandin ensimm\u00e4isest\u00e4 julkisesta julkaisusta Telegram-kanavallaan elokuussa 2023. Kansainv\u00e4lisen \u00e4\u00e4rioikeistoverkoston Active Clubin (AC) katsotaan levinneen tuolloin Suomeen.\n              <\/p>\n<p>\n                Kuva: Handout\n              <\/p>\n<p class=\"article__paragraph\">\n      STT on seurannut verkoston Telegram-kanavia vuoden 2023 loppupuolelta l\u00e4htien. Telegramin perusteella paikallisia kerhoja on perustettu jo kahdeksan.\n    <\/p>\n<p class=\"article__paragraph\">\n      Ne toimivat Turussa, Tampereella, Oulussa, Jyv\u00e4skyl\u00e4ss\u00e4, Kokkolassa sek\u00e4 Uudellamaalla, P\u00e4ij\u00e4t-H\u00e4meess\u00e4 ja Satakunnassa.<strong> <\/strong>Aktiivisimpia ovat Tampereen ja Turun kanavat.\n    <\/p>\n<p class=\"article__paragraph\">\n      Jyv\u00e4skyl\u00e4n yliopiston v\u00e4it\u00f6skirjatutkijan Katri-Maaria Kyll\u00f6sen mukaan Active Clubin ja sen liepeill\u00e4 toimivan Club\u20098 -verkoston toimintaan osallistuu Suomessa sosiaalisen median julkaisujen perusteella ainakin noin 50 j\u00e4sent\u00e4.\n    <\/p>\n<p class=\"article__paragraph\">\n      Maailmalla Active Club -verkoston on katsottu edustavan jopa <a href=\"https:\/\/gnet-research.org\/wp-content\/uploads\/2024\/07\/GNET-44d-Accelerationism-Active-Club-Network_web.pdf\" rel=\"nofollow noopener\" target=\"_blank\">akselerationismia<\/a> \u2013 ideologiaa, joka t\u00e4ht\u00e4\u00e4 yhteiskunnan romauttamiseen terrori-iskuilla. Suojelupoliisin (supo) arvion mukaan Active Club ei kuitenkaan muodosta Suomessa terroristista uhkaa. Kyse on supon mukaan yleist\u00e4 j\u00e4rjestyst\u00e4 ja turvallisuutta uhkaavasta ekstremistisest\u00e4 toiminnasta.\n    <\/p>\n<p class=\"article__paragraph\">\n      \u2013\u2009Suojelupoliisi seuraa erilaisiin ekstremistisiin \u00e4\u00e4riliikkeisiin liittyvi\u00e4 kehityskulkuja ja pyrkii ennakoimaan ilmi\u00f6it\u00e4, jotka voivat kehitty\u00e4 kansallisen turvallisuuden uhkaksi, sanoo STT:lle supon erikoistutkija Anna Santaholma.\n    <\/p>\n<p>      &#8221;Kyky\u00e4 toimia vastustajia vastaan&#8221;<\/p>\n<p class=\"article__paragraph\">\n      Active Clubin Telegram-kanavilla jaetaan s\u00e4\u00e4nn\u00f6llisesti kuvia ja videoita kamppailuharjoituksista ja muusta treenaamisesta. Katuaktivismista kuvatun materiaalin perusteella j\u00e4senet ovat esimerkiksi poistaneet lipputangoista sateenkaarilippuja ja liimanneet julkisille paikoille valkoista ylivaltaa mainostavia tarroja.\n    <\/p>\n<p>    <img decoding=\"async\" class=\"responsive-image article__image-image lozad\"   src=\"https:\/\/www.europesays.com\/fi\/wp-content\/uploads\/2025\/11\/1764477850_877_1i3uhw6pSEVmhicR65kfcV1wk1mIExCXG978KiGaLk_S5NvGPLEYBt9Q_UoI9qJWmdg8qc0oTCks7iBlCScyiHld6clodpnBPhxY.jpeg\" alt=\"N\u00e4ytt\u00f6kaappaus Active Clubin Tampereen paikallisj\u00e4rjest\u00f6n Telegram-kanavan julkaisusta kes\u00e4kuulta 2025. Kuvassa aktivistit esittelev\u00e4t v\u00e4hemmist\u00f6vastaisia tarroja.\"\/><\/p>\n<p>\n                N\u00e4ytt\u00f6kaappaus Active Clubin Tampereen paikallisj\u00e4rjest\u00f6n Telegram-kanavan julkaisusta kes\u00e4kuulta 2025. Kuvassa aktivistit esittelev\u00e4t v\u00e4hemmist\u00f6vastaisia tarroja.\n              <\/p>\n<p>\n                Kuva: Handout\n              <\/p>\n<p class=\"article__paragraph\">\n      Viime aikoina Uudenmaan ulkopuolella toimivien paikallisryhmien kanavilla on mainostettu rasistisen ja fasistisen sinimustan liikkeen (SML) itsen\u00e4isyysp\u00e4iv\u00e4n Suomi her\u00e4\u00e4 -mielenosoitusta.\n    <\/p>\n<p>    <img decoding=\"async\" class=\"responsive-image article__image-image lozad\"   src=\"https:\/\/www.europesays.com\/fi\/wp-content\/uploads\/2025\/11\/1764477851_22_xgOyqZ_dGuzf-8gyUs3sKLR5hWLeQi67--266yn_3UWS7CNOpaLBJ1yrKzXF6UUdjqBAczYszoqZz8Q5Dq3xWJ3cG9hsufjOyEnO.jpeg\" alt=\"N\u00e4ytt\u00f6kaappaus Club 8 -verkoston Telegram-kanavan julkaisusta marraskuulta 2025. Julkaisussa mainostetaan itsen\u00e4isyysp\u00e4iv\u00e4n mielenosoituksen mustaa blokkia. Kuvassa naamioitunut ja verkoston logoilla sonnustautunut aktivisti.\"\/><\/p>\n<p>\n                N\u00e4ytt\u00f6kaappaus Club 8 -verkoston Telegram-kanavan julkaisusta marraskuulta 2025. Julkaisussa mainostetaan itsen\u00e4isyysp\u00e4iv\u00e4n mielenosoituksen mustaa blokkia. Kuvassa naamioitunut ja verkoston logoilla sonnustautunut aktivisti.\n              <\/p>\n<p>\n                Kuva: Handout\n              <\/p>\n<p class=\"article__paragraph\">\n      Kyll\u00f6nen sanoo STT:lle, ett\u00e4 Active Club edustaa niin sanottua nationalismi 3.0 -strategiaa, jonka tarkoitus on juurruttaa \u00e4\u00e4rioikeistolaisia arvoja yhteiskuntaan. Ideologialtaan Active Clubit ovat \u00e4\u00e4rioikeistolaisia ja etnonationalistisia, ja ne jakavat kanavillaan muun muassa v\u00e4kivaltaista ja v\u00e4hemmist\u00f6j\u00e4 ep\u00e4inhimillist\u00e4v\u00e4\u00e4 sis\u00e4lt\u00f6\u00e4.\n    <\/p>\n<p class=\"article__paragraph\">\n      Yhteiset kamppailuharjoitukset ovat verkoston matalan kynnyksen toimintaa, johon on helppo l\u00e4hte\u00e4 mukaan.\n    <\/p>\n<p class=\"article__paragraph\">\n      \u2013\u2009Ei tarvitse v\u00e4ltt\u00e4m\u00e4tt\u00e4 keskustella ideologiasta. Motiivi on houkutella uusia j\u00e4seni\u00e4 \u00e4\u00e4rioikeistolaiseen toimintaan urheilun, katuaktivismin ja estetiikan kautta, Kyll\u00f6nen sanoo.\n    <\/p>\n<p>    <img decoding=\"async\" class=\"responsive-image article__image-image lozad\"   src=\"https:\/\/www.europesays.com\/fi\/wp-content\/uploads\/2025\/11\/1764477851_310_smQsRD5Rhy_8cJYL55cEZAjht8bPyX5MkKTbE-bzB7Dc_WlePiuc-yLcmggsACaVAOaYuviz2YGAnIyWrOU6eo3onTGIJLM6Cb3L.jpeg\" alt=\"N\u00e4ytt\u00f6kaappaus Active Clubin Turun paikallisj\u00e4rjest\u00f6n Telegram-kanavan julkaisusta syyskuulta 2025. Kuva tappeluharjoituksista.\"\/><\/p>\n<p>\n                N\u00e4ytt\u00f6kaappaus Active Clubin Turun paikallisj\u00e4rjest\u00f6n Telegram-kanavan julkaisusta syyskuulta 2025. Kuva tappeluharjoituksista.\n              <\/p>\n<p>\n                Kuva: Handout\n              <\/p>\n<p class=\"article__paragraph\">\n      Harjoittelemalla rakennetaan h\u00e4nen mukaansa my\u00f6s valmiutta v\u00e4kivaltaan.\n    <\/p>\n<p class=\"article__paragraph\">\n      \u2013\u2009Pid\u00e4n hyvinkin huolestuttavana sit\u00e4, jos \u00e4\u00e4rioikeistolaiset arvot normalisoituvat ja v\u00e4kivallan oikeuttamisen narratiivi yleistyy. Se on yhteiskunnallinen ongelma.\n    <\/p>\n<p>    <img decoding=\"async\" class=\"responsive-image article__image-image lozad\"   src=\"https:\/\/www.europesays.com\/fi\/wp-content\/uploads\/2025\/11\/1764477852_128_eAOIcTGXky-syjTJQFL6RLK5OKBsX0UkUqMHJPFLVcZBXAQR2MNZ6t_Ne3Xv67G4H_JuF-u5c12-J97FacZTqRGnSWn9fEcuodfX.jpeg\" alt=\"N\u00e4ytt\u00f6kaappaus Active Clubin Turun paikallisj\u00e4rjest\u00f6n Telegram-kanavan julkaisusta syyskuulta 2025. Kuva tappeluharjoituksista.\"\/><\/p>\n<p>\n                N\u00e4ytt\u00f6kaappaus Active Clubin Turun paikallisj\u00e4rjest\u00f6n Telegram-kanavan julkaisusta syyskuulta 2025. Kuva tappeluharjoituksista.\n              <\/p>\n<p>\n                Kuva: Handout\n              <\/p>\n<p class=\"article__paragraph\">\n      My\u00f6s supon Santaholma sanoo, ett\u00e4 toisaalta kyse on itsens\u00e4 kehitt\u00e4misest\u00e4 ja toisaalta v\u00e4kivallan harjoittelemisesta.\n    <\/p>\n<p class=\"article__paragraph\">\n      \u2013\u2009Harjoitetaan taitoja, jotta voitaisiin valmistautua valkoisen rodun puolustamiseen muualta tulleita vastaan.\n    <\/p>\n<p class=\"article__paragraph\">\n      \u2013\u2009Me n\u00e4emme uhkia siin\u00e4, ett\u00e4 esimerkiksi mielenosoitusten yhteydess\u00e4 kamppailulajiharjoittelu antaa kyvykkyytt\u00e4 toimia ideologisia vastustajia vastaan.\n    <\/p>\n<p>      Osastoja maailmanlaajuisesti liki 200<\/p>\n<p class=\"article__paragraph\">\n      Active Clubin kasvu on ollut kansainv\u00e4lisesti ripe\u00e4\u00e4. Verkosto perustettiin Yhdysvalloissa vuonna 2020. T\u00e4m\u00e4n vuoden hein\u00e4kuun lopulla julkaistun <a href=\"https:\/\/globalextremism.org\/post\/active-club-chapters-growing-globally\/?internal=true\" rel=\"nofollow noopener\" target=\"_blank\">raportin<\/a> mukaan aktiivisia osastoja on 187 yhteens\u00e4 27 maassa.\n    <\/p>\n<p class=\"article__paragraph\">\n      Kyll\u00f6nen sanoo, ett\u00e4 verkosto levisi Suomessa nopeasti. Santaholma uskoo sen pyrkiv\u00e4n kasvattamaan t\u00e4\u00e4ll\u00e4 yh\u00e4 j\u00e4senm\u00e4\u00e4r\u00e4\u00e4ns\u00e4.\n    <\/p>\n<p class=\"article__paragraph\">\n      Active Clubilla on yhteyksi\u00e4 muihin \u00e4\u00e4rioikeistolaisiin ryhmiin Suomessa, kuten sinimustaan liikkeeseen. Kev\u00e4\u00e4ll\u00e4 takaisin puoluerekisteriin p\u00e4\u00e4sseess\u00e4 SML:ss\u00e4 on muun muassa lakkautetun uusnatsij\u00e4rjest\u00f6 Pohjoismaisen vastarintaliikkeen j\u00e4senin\u00e4 olleita.\n    <\/p>\n<p>    <img decoding=\"async\" class=\"responsive-image article__image-image lozad\"   src=\"https:\/\/www.europesays.com\/fi\/wp-content\/uploads\/2025\/11\/1764477852_358_x2-fWjpsZM5EBbI53N8g1znswCQVQcGT5Ppd2fPRuM5bw6nTws5YbEkabmno0wS0txorBXQrYMMbcl_iKuZxplAXz0xIO6wZicGI.jpeg\" alt=\"N\u00e4ytt\u00f6kaappaus Active Club Finlandin Telegram-kanavan julkaisusta lokakuulta 2023. Kuvassa Active Club Francen ja Active Club Finlandin aktivistit jossain p\u00e4in Ukrainaa.\"\/><\/p>\n<p>\n                N\u00e4ytt\u00f6kaappaus Active Club Finlandin Telegram-kanavan julkaisusta lokakuulta 2023. Kuvassa Active Club Francen ja Active Club Finlandin aktivistit jossain p\u00e4in Ukrainaa.\n              <\/p>\n<p>\n                Kuva: Handout\n              <\/p>\n<p class=\"article__paragraph\">\n      Active Clubin liepeill\u00e4 toimii my\u00f6s Club\u20098 -verkosto, joka on kertonut &#8221;uudelleenbr\u00e4nd\u00e4\u00e4v\u00e4ns\u00e4 skinhead-alakulttuuria&#8221;. Se aloitti Active Clubin tavoin toimintansa vuonna 2023.\n    <\/p>\n<p>    <img decoding=\"async\" class=\"responsive-image article__image-image lozad\"   src=\"https:\/\/www.europesays.com\/fi\/wp-content\/uploads\/2025\/11\/1764477852_452_AbrKq3d63CHqdpjCJVpNuwch4esjgGBD_LoY64LFjc8Si1ZUrd0UD_W-vkIXBfciIQmqGzAUjsHqtBH2tZJd3BZ91eOnA8WOu2uE.jpeg\" alt=\"N\u00e4ytt\u00f6kaappaus Club 8 -verkoston Telegram-kanavan julkaisusta lokakuulta 2025. Kuva tappelutreeneist\u00e4, lipussa natsisymboli wolfsangel\"\/><\/p>\n<p>\n                N\u00e4ytt\u00f6kaappaus Club 8 -verkoston Telegram-kanavan julkaisusta lokakuulta 2025. Kuva tappelutreeneist\u00e4, lipussa natsisymboli wolfsangel\n              <\/p>\n<p>\n                Kuva: Handout\n              <\/p>\n<p class=\"article__paragraph\">\n      Kyll\u00f6sen mukaan Club\u20098 toimii eri puolilla Suomea, mutta sill\u00e4 ei ole erillisi\u00e4 paikallisosastoja. V\u00e4hemmist\u00f6ihin kohdistuvaa vihaa Club\u20098:n kanavalla ei jaeta. Se k\u00e4ytt\u00e4\u00e4 kuitenkin logoa, jossa on tunnettu natsisymboli.\n    <\/p>\n<p class=\"article__paragraph\">\n      Kanavallaan Club\u20098 julkaisee kuvamateriaalia kamppailuista ja muusta treenaamisesta sek\u00e4 katuaktivismista. Julkaisujen perusteella se treenaa yhdess\u00e4 Active Clubin kanssa.\n    <\/p>\n<p>    <img decoding=\"async\" class=\"responsive-image article__image-image lozad\"   src=\"https:\/\/www.europesays.com\/fi\/wp-content\/uploads\/2025\/11\/1764477853_968_W9AOStJiQYwt9EZ3CGvHSXQTCvrE_-bhe_dascPfbYEs3LpMSYErwNBEJ8TbuYbyRuHUDlWw3UkIsjDSuOdgNYIa0V1l9d-iVJWT.jpeg\" alt=\"Suomessa toimivan \u00e4\u00e4rioikeistolaisen Club 8 -verkoston j\u00e4seni\u00e4 - \u00c4\u00e4rioikeistolainen Suomi Her\u00e4\u00e4 -kulkueen marssissa.\"\/><\/p>\n<p>\n                Suomessa toimivan \u00e4\u00e4rioikeistolaisen Club 8 -verkoston j\u00e4seni\u00e4 &#8211; \u00c4\u00e4rioikeistolainen Suomi Her\u00e4\u00e4 -kulkueen marssissa.\n              <\/p>\n<p>\n                Kuva: Vesa Moilanen \/ Lehtikuva\n              <\/p>\n<p>      Suomesta yhteyksi\u00e4 my\u00f6s ulkomaille<\/p>\n<p class=\"article__paragraph\">\n      Suomen Active Club on verkostoitunut my\u00f6s kansainv\u00e4lisesti.\n    <\/p>\n<p class=\"article__paragraph\">\n      \u2013\u2009Yhteydet ovat aktiivisia paitsi verkossa my\u00f6s reaalimaailmassa. Kamppailutoimintaan liittyy erilaisia tapahtumia, joissa muodostetaan kontakteja. Ryhm\u00e4t my\u00f6s tekev\u00e4t vierailuja toisiin maihin, Santaholma sanoo.\n    <\/p>\n<p class=\"article__paragraph\">\n      Suomen Active Club on toiminut my\u00f6s Viron j\u00e4rjest\u00f6n kanssa, jolla <a href=\"https:\/\/globalextremism.org\/post\/active-club-chapters-growing-globally\/?internal=true\" rel=\"nofollow noopener\" target=\"_blank\">ep\u00e4ill\u00e4\u00e4n<\/a> olevan yhteyksi\u00e4 Ukrainan ultranationalistiseen Azov-prikaatiin. Telegram-kanavalla on kerrottu ainakin yhden suomalaisen Active Clubin j\u00e4senen olleen Ukrainassa.\n    <\/p>\n<p class=\"article__paragraph\">\n      Supo on tunnistanut yksitt\u00e4isi\u00e4 \u00e4\u00e4rioikeistotoimijoita, jotka ovat l\u00e4hteneet Ukrainaan ja tulleet takaisin.\n    <\/p>\n<p class=\"article__paragraph\">\n      \u2013\u2009Alueella on varmasti hankittu kokemusta ja koulutusta ja kansainv\u00e4lisi\u00e4 kontakteja, joita voidaan hy\u00f6dynt\u00e4\u00e4 omassa toiminnassa. N\u00e4ist\u00e4 henkil\u00f6ist\u00e4 ei t\u00e4ll\u00e4 hetkell\u00e4 aiheudu terrorismin uhkaa Suomelle, Santaholma sanoo.\n    <\/p>\n","protected":false},"excerpt":{"rendered":"Elokuussa 2023 Telegram-kanavalle ilmestyi viesti, jossa maalailtiin uudenlaista, urheilullisten nuorten miesten kansallismielist\u00e4 toimintaa. &#8221;Ryhmittym\u00e4 perustaa toimintansa katutason kansallismieliselle&hellip;\n","protected":false},"author":2,"featured_media":103008,"comment_status":"","ping_status":"","sticky":false,"template":"","format":"standard","meta":{"footnotes":""},"categories":[12],"tags":[22,23,26,27,33,31,30,17,24,25,28,29,15,18,21,32,19,20,16],"class_list":{"0":"post-103670","1":"post","2":"type-post","3":"status-publish","4":"format-standard","5":"has-post-thumbnail","7":"category-suomi","8":"tag-breaking-news","9":"tag-breakingnews","10":"tag-featured-news","11":"tag-featurednews","12":"tag-fi","13":"tag-finland","14":"tag-finnish","15":"tag-headlines","16":"tag-latest-news","17":"tag-latestnews","18":"tag-main-news","19":"tag-mainnews","20":"tag-news","21":"tag-otsikot","22":"tag-paauutiset","23":"tag-suomi","24":"tag-top-stories","25":"tag-topstories","26":"tag-uutiset"},"share_on_mastodon":{"url":"https:\/\/pubeurope.com\/@fi\/115636828229377816","error":""},"_links":{"self":[{"href":"https:\/\/www.europesays.com\/fi\/wp-json\/wp\/v2\/posts\/103670","targetHints":{"allow":["GET"]}}],"collection":[{"href":"https:\/\/www.europesays.com\/fi\/wp-json\/wp\/v2\/posts"}],"about":[{"href":"https:\/\/www.europesays.com\/fi\/wp-json\/wp\/v2\/types\/post"}],"author":[{"embeddable":true,"href":"https:\/\/www.europesays.com\/fi\/wp-json\/wp\/v2\/users\/2"}],"replies":[{"embeddable":true,"href":"https:\/\/www.europesays.com\/fi\/wp-json\/wp\/v2\/comments?post=103670"}],"version-history":[{"count":0,"href":"https:\/\/www.europesays.com\/fi\/wp-json\/wp\/v2\/posts\/103670\/revisions"}],"wp:featuredmedia":[{"embeddable":true,"href":"https:\/\/www.europesays.com\/fi\/wp-json\/wp\/v2\/media\/103008"}],"wp:attachment":[{"href":"https:\/\/www.europesays.com\/fi\/wp-json\/wp\/v2\/media?parent=103670"}],"wp:term":[{"taxonomy":"category","embeddable":true,"href":"https:\/\/www.europesays.com\/fi\/wp-json\/wp\/v2\/categories?post=103670"},{"taxonomy":"post_tag","embeddable":true,"href":"https:\/\/www.europesays.com\/fi\/wp-json\/wp\/v2\/tags?post=103670"}],"curies":[{"name":"wp","href":"https:\/\/api.w.org\/{rel}","templated":true}]}}