{"id":103673,"date":"2025-11-30T04:57:12","date_gmt":"2025-11-30T04:57:12","guid":{"rendered":"https:\/\/www.europesays.com\/fi\/103673\/"},"modified":"2025-11-30T04:57:12","modified_gmt":"2025-11-30T04:57:12","slug":"nina-tapio-sai-lampohalvauksen-amazing-race-kisassa","status":"publish","type":"post","link":"https:\/\/www.europesays.com\/fi\/103673\/","title":{"rendered":"Nina Tapio sai l\u00e4mp\u00f6halvauksen Amazing Race -kisassa"},"content":{"rendered":"<p>Kolme kiertuetta, Amazing Race, remontti ja paljon muuta. Nina Tapio on arjen kiireist\u00e4 huolimatta l\u00f6yt\u00e4nyt keinot maadoittua ja p\u00e4\u00e4st\u00e4 suorituspaineistaan irti. Nyt h\u00e4n kertoo, mill\u00e4 keinoilla se onnistuu.<\/p>\n<p class=\"article-body mb-nof-24 px-nof-16\">\u2013 Oletan, ett\u00e4 olen terve koko t\u00e4m\u00e4n vuoden. Taudit eiv\u00e4t kerke\u00e4 iske\u00e4, kun on niin paljon kaikkea.<\/p>\n<p class=\"article-body mb-nof-24 px-nof-16\"><a class=\"article-personlink\" href=\"https:\/\/www.is.fi\/haku\/?query=Nina%20Tapio\" rel=\"nofollow noopener\" target=\"_blank\">Nina Tapio<\/a>, 53, naurahtaa p\u00e4\u00e4t\u00f6kselleen. Aikaa sairastelulle ei ole: k\u00e4ynniss\u00e4 ovat olleet 90-luvun henke\u00e4 huokuva Ys\u00e4ri AllStars- ja Euroviisut kautta aikojen -kiertueet, ja pian starttaa my\u00f6s Toiveena joulu -kiertue yhdess\u00e4 digihaitaristi <a class=\"article-personlink\" href=\"https:\/\/www.is.fi\/haku\/?query=Netta%20Skogin\" rel=\"nofollow noopener\" target=\"_blank\">Netta Skogin<\/a> kanssa.<\/p>\n<p class=\"article-body mb-nof-24 px-nof-16\">\u2013 Kyll\u00e4 sit\u00e4 joutuu olemaan aika paljon pois kotoa. Onnen tunne kun p\u00e4\u00e4see kotiin saa miettim\u00e4\u00e4n, ett\u00e4 onko pakko taas l\u00e4hte\u00e4. Reissaaminen on kivaa mutta v\u00e4lill\u00e4 raskastakin, Tapio summaa.<\/p>\n<p class=\"article-body mb-nof-24 px-nof-16\">Reissaamista helpottaa se, ett\u00e4 Tapion puoliso pit\u00e4\u00e4 kotia pystyss\u00e4. Kiireisin kiertueaika osuu loppuvuoteen, jolloin koti on Tapiolle v\u00e4lill\u00e4 vain nopea pys\u00e4kki.<\/p>\n<p class=\"article-body mb-nof-24 px-nof-16\">\u2013 Selke\u00e4sti h\u00e4n on pit\u00e4nyt enemm\u00e4n huolta kodista, pyykeist\u00e4 ja tiskeist\u00e4. Siksi koti n\u00e4ytt\u00e4\u00e4 kodilta eik\u00e4 tavarajunan j\u00e4tt\u00f6paikalta.<\/p>\n<p><img decoding=\"async\" src=\"https:\/\/www.europesays.com\/fi\/wp-content\/uploads\/2025\/11\/1764478629_113_978.jpg\" alt=\"Nina Tapio tuli tunnetuksi Taikapeili-duosta. Viime vuosien aikana h\u00e4n on l\u00f6yt\u00e4nyt itsens\u00e4 my\u00f6s sooloesiintyj\u00e4n\u00e4.\" class=\"_Img_1rerz_1\" style=\"aspect-ratio:0.6666666666666666\" loading=\"eager\"\/><\/p>\n<p class=\"article-picture-caption\">Nina Tapio tuli tunnetuksi Taikapeili-duosta. Viime vuosien aikana h\u00e4n on l\u00f6yt\u00e4nyt itsens\u00e4 my\u00f6s sooloesiintyj\u00e4n\u00e4. Kuva:\u00a0Joonas Salo<\/p>\n<p class=\"article-body mb-nof-24 px-nof-16\">Tiukasta aikataulusta saa musiikkialalla olla iloinen. Tilanne voisi olla hyvin erilainen, ja sit\u00e4 se joitain vuosia sitten olikin. Korona verotti Tapion keikoista ison osan.<\/p>\n<p class=\"article-body mb-nof-24 px-nof-16\">Viimeaikaiset tv-esiintymiset ovat tuoneet keikkam\u00e4\u00e4riin selv\u00e4\u00e4 nostetta. Tapio esiintyi tuoreimmalla T\u00e4hdet, t\u00e4hdet -kaudella, ja h\u00e4net n\u00e4hd\u00e4\u00e4n Amazing Race -ohjelman parhaillaan py\u00f6riv\u00e4ll\u00e4 kolmannella kaudella.<\/p>\n<p class=\"article-body mb-nof-24 px-nof-16\">Tapio l\u00e4hti kisaan tytt\u00e4rens\u00e4 <a class=\"article-personlink\" href=\"https:\/\/www.is.fi\/haku\/?query=Elsa%20Forsbergin\" rel=\"nofollow noopener\" target=\"_blank\">Elsa Forsbergin<\/a>, 25, kanssa. Selv\u00e4\u00e4 oli se, ett\u00e4 kilpakumppani olisi jompikumpi h\u00e4nen aikuisista lapsistaan. Kun esikoinen, <a class=\"article-personlink\" href=\"https:\/\/www.is.fi\/haku\/?query=Ada%20Forsberg\" rel=\"nofollow noopener\" target=\"_blank\">Ada Forsberg<\/a>, 28, ei pystynyt l\u00e4htem\u00e4\u00e4n, muuttui valinta helpoksi.<\/p>\n<p class=\"article-body mb-nof-24 px-nof-16\">Amazing Race oli kokemus, jota ei voi rahalla ostaa, kertoo Nina Tapio. Kaksikko p\u00e4\u00e4si n\u00e4kem\u00e4\u00e4n ymp\u00e4ri maailmaa upeita paikkoja, joihin ei v\u00e4ltt\u00e4m\u00e4tt\u00e4 tulisi muuten l\u00e4hdetty\u00e4.<\/p>\n<p class=\"article-body mb-nof-24 px-nof-16\">Parasta oli se, ett\u00e4 mukana ei ollut puhelinta. N\u00e4in kokemuksesta sai kaiken irti. Perheeseen sai silloin t\u00e4ll\u00f6in ottaa yhteytt\u00e4 tuotannon puhelimella.<\/p>\n<p class=\"article-body mb-nof-24 px-nof-16\">Matkaan mahtui my\u00f6s mutkia, joista Tapio ei t\u00e4ss\u00e4 vaiheessa voi viel\u00e4 kertoa kovin tarkasti.<\/p>\n<p class=\"article-body mb-nof-24 px-nof-16\">\u2013 Sain esimerkiksi l\u00e4mp\u00f6halvauksen siell\u00e4. Pikkasen hidasti tekemist\u00e4, siell\u00e4 oli l\u00e4\u00e4k\u00e4rit paikalla ja muuta.<\/p>\n<p><img decoding=\"async\" src=\"https:\/\/www.europesays.com\/fi\/wp-content\/uploads\/2025\/11\/1764478629_143_978.jpg\" alt=\"Nina Tapio osallistui Amazing Race -ohjelmaan tytt\u00e4rens\u00e4 Elsa Forsbergin kanssa.\" class=\"_Img_1rerz_1\" style=\"aspect-ratio:1.5011727912431587\" loading=\"eager\"\/><\/p>\n<p class=\"article-picture-caption\">Nina Tapio osallistui Amazing Race -ohjelmaan tytt\u00e4rens\u00e4 Elsa Forsbergin kanssa. Kuva:\u00a0Nelonen<\/p>\n<p><img decoding=\"async\" src=\"https:\/\/www.europesays.com\/fi\/wp-content\/uploads\/2025\/11\/1764478629_830_978.jpg\" alt=\"Nina Tapio ja Elsa Forsberg kuvattuna Amazing Race -ohjelman lehdist\u00f6tilaisuudessa lokakuussa.\" class=\"_Img_1rerz_1\" style=\"aspect-ratio:1.5\" loading=\"eager\"\/><\/p>\n<p class=\"article-picture-caption\">Nina Tapio ja Elsa Forsberg kuvattuna Amazing Race -ohjelman lehdist\u00f6tilaisuudessa lokakuussa. Kuva:\u00a0Aleksi Jalava \/ IS<\/p>\n<p><img decoding=\"async\" src=\"https:\/\/www.europesays.com\/fi\/wp-content\/uploads\/2025\/11\/1764478630_190_978.jpg\" alt=\"Elsa Forsberg ja Nina Tapio reissun p\u00e4\u00e4ll\u00e4 sirkka-aterialla Amazing Race -kilpaohjelmassa.\" class=\"_Img_1rerz_1\" style=\"aspect-ratio:1.5011727912431587\" loading=\"eager\"\/><\/p>\n<p class=\"article-picture-caption\">Elsa Forsberg ja Nina Tapio reissun p\u00e4\u00e4ll\u00e4 sirkka-aterialla Amazing Race -kilpaohjelmassa. Kuva:\u00a0Nelonen<\/p>\n<p class=\"article-body mb-nof-24 px-nof-16\">Tapio kertoo my\u00f6s, ettei h\u00e4n ole ainoa, joka on kisassa t\u00f6rm\u00e4nnyt terveyshuoliin. Kilpailuasetelma, kiire ja innostuminen voivat johtaa yll\u00e4tt\u00e4v\u00e4n helposti huonoon vointiin.<\/p>\n<p class=\"article-body mb-nof-24 px-nof-16\">\u2013 Siell\u00e4 on ollut ihmisi\u00e4 tiputuksessa sek\u00e4 vatsatautia ja muuta.<\/p>\n<p class=\"article-body mb-nof-24 px-nof-16\">\u2013 Minun kohdallani syyn\u00e4 oli selke\u00e4sti nesteytys, kuumuus ja rasitus, yhdess\u00e4 se vaan oli liikaa.<\/p>\n<p class=\"article-body mb-nof-24 px-nof-16\">Ikimuistoiselta reissulta oli ihanaa palata my\u00f6s kotiin.<\/p>\n<p class=\"article-body mb-nof-24 px-nof-16\">Kotijoukoissa odottivat 13-vuotias <a class=\"article-personlink\" href=\"https:\/\/www.is.fi\/haku\/?query=Vilho\" rel=\"nofollow noopener\" target=\"_blank\">Vilho<\/a>, vanhin tyt\u00e4r Ada sek\u00e4 Tapion nykyinen kumppani.<\/p>\n<p class=\"article-body mb-nof-24 px-nof-16\">Tapio tuli \u00e4idiksi 25-vuotiaana mutta aloitti vauva-arjen uudelleen Vilhon kanssa nelikymppisen\u00e4.<\/p>\n<p class=\"article-body mb-nof-24 px-nof-16\">\u2013 Kyll\u00e4 25 ja 40 on eri juttu. Nuorempana suhtautui huolettomammin, ett\u00e4 kaikki j\u00e4rjestyy, lapset syntyv\u00e4t tervein\u00e4 ja kaikki menee hyvin. Nelikymppisen\u00e4 on el\u00e4nyt jo el\u00e4m\u00e4\u00e4 ja tiet\u00e4\u00e4, ett\u00e4 kaikkea voi sattua. Ja tietysti olin v\u00e4syneempi, kun piti valvoa.<\/p>\n<p><img decoding=\"async\" src=\"https:\/\/www.europesays.com\/fi\/wp-content\/uploads\/2025\/11\/1764478630_479_978.jpg\" alt=\"Nina Tapiolle Amazing Race -kilpailuun osallistuminen oli rahaakin arvokkaampi kokemus. T\u00e4rke\u00e4\u00e4 oli se, ett\u00e4 h\u00e4n sai jakaa sen tytt\u00e4rens\u00e4 kanssa.\" class=\"_Img_1rerz_1\" style=\"aspect-ratio:0.7494791666666667\" loading=\"eager\"\/><\/p>\n<p class=\"article-picture-caption\">Nina Tapiolle Amazing Race -kilpailuun osallistuminen oli rahaakin arvokkaampi kokemus. T\u00e4rke\u00e4\u00e4 oli se, ett\u00e4 h\u00e4n sai jakaa sen tytt\u00e4rens\u00e4 kanssa. Kuva:\u00a0Joonas Salo<\/p>\n<p><img decoding=\"async\" src=\"https:\/\/www.europesays.com\/fi\/wp-content\/uploads\/2025\/11\/1764478630_776_978.jpg\" alt=\"Tapio kertoo, ett\u00e4 my\u00f6s h\u00e4nen 13-vuotias lapsensa Vilho olisi l\u00e4htenyt mielell\u00e4\u00e4n mukaan kilpaan.\" class=\"_Img_1rerz_1\" style=\"aspect-ratio:0.7494791666666667\" loading=\"eager\"\/><\/p>\n<p class=\"article-picture-caption\">Tapio kertoo, ett\u00e4 my\u00f6s h\u00e4nen 13-vuotias lapsensa Vilho olisi l\u00e4htenyt mielell\u00e4\u00e4n mukaan kilpaan. Kuva:\u00a0Joonas Salo<\/p>\n<p class=\"article-body mb-nof-24 px-nof-16\">Voisi ajatella, ett\u00e4 suuret ik\u00e4erot vaikuttaisivat sisaruksiin et\u00e4\u00e4nnytt\u00e4v\u00e4sti, mutta Tapion mukaan tilanne on p\u00e4invastainen.<\/p>\n<p class=\"article-body mb-nof-24 px-nof-16\">\u2013 Vilho rakastaa siskojaan, jumaloi heit\u00e4. Ja Ada ja Elsa ihanasti jaksavat h\u00f6p\u00f6tell\u00e4.<\/p>\n<p class=\"article-body mb-nof-24 px-nof-16\">Tapio, puoliso ja osan ajasta my\u00f6s Vilho asustavat vanhassa puutalossa, jonka Tapio osti vuonna 2020.<\/p>\n<p class=\"article-body mb-nof-24 px-nof-16\">Tuolloin talo oli kaukana siit\u00e4, mit\u00e4 se on nyt.<\/p>\n<p class=\"article-body mb-nof-24 px-nof-16\">\u2013 Yst\u00e4v\u00e4ni, joka on remonttimies, tuli taloon sis\u00e4lle ja sanoi, ett\u00e4 ihan oikeasti, t\u00e4m\u00e4nk\u00f6 olet mennyt ostamaan. Sanoin, ett\u00e4 olen!<\/p>\n<blockquote class=\"citation\">\n<p>\u201d<\/p>\n<p>Opettelen, ett\u00e4 arvoni ihmisen\u00e4 ei riipu siit\u00e4, kuinka hyvin laulan keikalla tai hoidan ty\u00f6ni.<\/p>\n<\/blockquote>\n<p class=\"article-body mb-nof-24 px-nof-16\">Koska talon remontti osui koronapandemian kanssa samaan aikaan, Tapio remontoi kodin pitk\u00e4lti itse. H\u00e4nell\u00e4 oli ennest\u00e4\u00e4n jonkinmoista remonttikokemusta, mutta my\u00f6s yst\u00e4v\u00e4st\u00e4 oli paljon apua.<\/p>\n<p class=\"article-body mb-nof-24 px-nof-16\">\u2013 Paklasin ja tasoitin seini\u00e4, hioin, laitoin ikkunat ja ovet uusiksi, tapetoin sek\u00e4 maalasin seini\u00e4, katot ja listat. Kaakeloin jopa pannuhuoneen.<\/p>\n<p class=\"article-body mb-nof-24 px-nof-16\">\u2013 Sitten kun remontti oli edennyt, niin t\u00e4m\u00e4 samainen remonttimiesyst\u00e4v\u00e4ni sanoikin, ett\u00e4 kyll\u00e4 h\u00e4n nyt ymm\u00e4rt\u00e4\u00e4, mit\u00e4 n\u00e4in t\u00e4ss\u00e4.<\/p>\n<p class=\"article-body mb-nof-24 px-nof-16\">Remontti on tuskin koskaan t\u00e4ysin valmis, mutta tuntuu hyv\u00e4lt\u00e4 n\u00e4hd\u00e4, ett\u00e4 oma tekeminen tuottaa tulosta. Talon laittaminen uuteen uskoon oli korona-ajan keikkataukojen keskell\u00e4 jopa terapeuttista.<\/p>\n<p><img decoding=\"async\" src=\"https:\/\/www.europesays.com\/fi\/wp-content\/uploads\/2025\/11\/1764478630_460_978.jpg\" alt=\"Korona vei keikkaty\u00f6t alta, mutta Tapio ei j\u00e4\u00e4nyt paikalleen. H\u00e4n k\u00e4ytti kaiken energiansa uuden kodin remontoimiseen.\" class=\"_Img_1rerz_1\" style=\"aspect-ratio:0.75\" loading=\"eager\"\/><\/p>\n<p class=\"article-picture-caption\">Korona vei keikkaty\u00f6t alta, mutta Tapio ei j\u00e4\u00e4nyt paikalleen. H\u00e4n k\u00e4ytti kaiken energiansa uuden kodin remontoimiseen. Kuva:\u00a0Joonas Salo<\/p>\n<p><img decoding=\"async\" src=\"https:\/\/www.europesays.com\/fi\/wp-content\/uploads\/2025\/11\/1764478631_404_978.jpg\" alt=\"Viime aikoina Nina Tapio on opetellut olemaan paikallaan ja rauhoittumaan. Joskus kotonakin nimitt\u00e4in tuntuu, ett\u00e4 pit\u00e4isi suorittaa.\" class=\"_Img_1rerz_1\" style=\"aspect-ratio:0.75\" loading=\"eager\"\/><\/p>\n<p class=\"article-picture-caption\">Viime aikoina Nina Tapio on opetellut olemaan paikallaan ja rauhoittumaan. Joskus kotonakin nimitt\u00e4in tuntuu, ett\u00e4 pit\u00e4isi suorittaa. Kuva:\u00a0Joonas Salo<\/p>\n<p class=\"article-body mb-nof-24 px-nof-16\">Nyt Tapio yritt\u00e4\u00e4 opetella siihen, ettei kotona tarvitse olla jatkuvasti tekem\u00e4ss\u00e4 jotain.<\/p>\n<p class=\"article-body mb-nof-24 px-nof-16\">\u2013 Puolison kanssa aina keskustellaan, ja h\u00e4n ihanasti kannustaa, ett\u00e4 ei sinun tarvitse tehd\u00e4 mit\u00e4\u00e4n.<\/p>\n<p class=\"article-body mb-nof-24 px-nof-16\">\u2013 Olen tajunnut, ett\u00e4 pit\u00e4\u00e4 hyv\u00e4ksy\u00e4 itsens\u00e4 ja arvostaa itse\u00e4\u00e4n niin\u00e4 p\u00e4ivin\u00e4, kun lompustelet kumisaappaat jalassa m\u00f6kill\u00e4 etk\u00e4 tee mit\u00e4\u00e4n.<\/p>\n<p class=\"article-body mb-nof-24 px-nof-16\">Aivojen nollaamiseen auttaa parhaiten ulkoilu. Luonnossa oleminen on Tapion mukaan oiva keino rauhoittua ja saada energiaa ty\u00f6ss\u00e4 jaksamiseen.<\/p>\n<p class=\"article-body mb-nof-24 px-nof-16\">Muitakin hyv\u00e4ksi todettuja keinoja l\u00f6ytyy.<\/p>\n<p class=\"article-body mb-nof-24 px-nof-16\">\u2013 Jos on useampi vapaap\u00e4iv\u00e4, tykk\u00e4\u00e4n tehd\u00e4 tuhannen palan palapelej\u00e4. Se on semmoista aivojumppaa. Menen kellariin, laitan takkaan tulen ja teen palapeli\u00e4 ja kuuntelen \u00e4\u00e4nikirjaa.<\/p>\n<p class=\"article-body mb-nof-24 px-nof-16\">\u2013 Yksitt\u00e4iset vapaap\u00e4iv\u00e4t voivat olla aika zombip\u00e4ivi\u00e4, usein on helppo vain tuijotella jotain sarjaa.<\/p>\n<p><img decoding=\"async\" src=\"https:\/\/www.europesays.com\/fi\/wp-content\/uploads\/2025\/11\/1764478631_499_978.jpg\" alt=\"Nina Tapion mukaan ajat ovat muuttuneet hurjasti siit\u00e4, kun h\u00e4n aloitti 90-luvun puolella ty\u00f6n musiikin parissa.\" class=\"_Img_1rerz_1\" style=\"aspect-ratio:0.6666666666666666\" loading=\"eager\"\/><\/p>\n<p class=\"article-picture-caption\">Nina Tapion mukaan ajat ovat muuttuneet hurjasti siit\u00e4, kun h\u00e4n aloitti 90-luvun puolella ty\u00f6n musiikin parissa. Kuva:\u00a0Joonas Salo<\/p>\n<p><img decoding=\"async\" src=\"https:\/\/www.europesays.com\/fi\/wp-content\/uploads\/2025\/11\/1764478631_639_978.jpg\" alt=\"Ajat rakkaan yst\u00e4v\u00e4n Hanna-Riikka Siitosen kanssa nostattavat pintaan kauniita muistoja.\" class=\"_Img_1rerz_1\" style=\"aspect-ratio:0.6666666666666666\" loading=\"eager\"\/><\/p>\n<p class=\"article-picture-caption\">Ajat rakkaan yst\u00e4v\u00e4n Hanna-Riikka Siitosen kanssa nostattavat pintaan kauniita muistoja. Kuva:\u00a0Joonas Salo<\/p>\n<p class=\"article-body mb-nof-24 px-nof-16\">Tapio uskoo, ett\u00e4 ty\u00f6- ja arkimin\u00e4n kietoutuminen on peruja Taikapeili-yhtyeen ajoilta. Menestyksek\u00e4s duo muodostui Tapiosta ja h\u00e4nen rakkaasta yst\u00e4v\u00e4st\u00e4\u00e4n, edesmenneest\u00e4 <a class=\"article-personlink\" href=\"https:\/\/www.is.fi\/haku\/?query=Hanna-Riikka%20Siitosesta\" rel=\"nofollow noopener\" target=\"_blank\">Hanna-Riikka Siitosesta<\/a>.<\/p>\n<p class=\"article-body mb-nof-24 px-nof-16\">Tapio ja Siitonen olivat suosion alkaessa reilun parinkymmenen vuoden i\u00e4ss\u00e4.<\/p>\n<p class=\"article-body mb-nof-24 px-nof-16\">\u2013 Ty\u00f6st\u00e4 sai eniten palautetta. Ei kotona tulla v\u00e4ltt\u00e4m\u00e4tt\u00e4 sanomaan, ett\u00e4 olet t\u00e4n\u00e4\u00e4n ollut tosi hyv\u00e4 \u00e4iti. Ett\u00e4 hyv\u00e4, kun laitoin sen ruoan valmiiksi ja vaatteet ovat puhtaat.<\/p>\n<p class=\"article-body mb-nof-24 px-nof-16\">\u2013\u2009Opettelen, ett\u00e4 arvoni ihmisen\u00e4 ei riipu siit\u00e4, kuinka hyvin laulan keikalla tai hoidan ty\u00f6ni.<\/p>\n<p class=\"article-body mb-nof-24 px-nof-16\">P\u00e4\u00e4asiassa Taikapeili-ajat tuovat mieleen l\u00e4mpimi\u00e4 muistoja ja esimerkkej\u00e4 siit\u00e4, miten ajat ovat muuttuneet.<\/p>\n<p class=\"article-body mb-nof-24 px-nof-16\">\u2013 Olen iloinen, ett\u00e4 silloin ei ollut k\u00e4nnykk\u00e4kameroita. Pystyi heitt\u00e4ytym\u00e4\u00e4n vapaalle, ja vaikka ihmiset tunnistivat, heille ei j\u00e4\u00e4nyt todistusaineistoa muuta kuin n\u00e4ky verkkokalvoilla.<\/p>\n<p><img decoding=\"async\" src=\"https:\/\/www.europesays.com\/fi\/wp-content\/uploads\/2025\/11\/1764478632_418_978.jpg\" alt=\"Taikapeilin N\u00e4hd\u00e4\u00e4n taas -levy sai kultalevyn vuonna 1995.\" class=\"_Img_1rerz_1\" style=\"aspect-ratio:1.3379790940766552\" loading=\"eager\"\/><\/p>\n<p class=\"article-picture-caption\">Taikapeilin N\u00e4hd\u00e4\u00e4n taas -levy sai kultalevyn vuonna 1995. Kuva:\u00a0Mauri Ratilainen<\/p>\n<p><img decoding=\"async\" src=\"https:\/\/www.europesays.com\/fi\/wp-content\/uploads\/2025\/11\/1764478632_835_978.jpg\" alt=\"Taikapeilin Nina Tapio ja Hanna-RIikka Siitonen kuvattuna huhtikuussa 1999.\" class=\"_Img_1rerz_1\" style=\"aspect-ratio:1.4403600900225055\" loading=\"eager\"\/><\/p>\n<p class=\"article-picture-caption\">Taikapeilin Nina Tapio ja Hanna-RIikka Siitonen kuvattuna huhtikuussa 1999. Kuva:\u00a0PIA INBERG<\/p>\n<p><img decoding=\"async\" src=\"https:\/\/www.europesays.com\/fi\/wp-content\/uploads\/2025\/11\/1764478632_513_978.jpg\" alt=\"Nina Tapio ja Hanna-Riikka Siitonen kuvattuna helmikuussa 2006.\" class=\"_Img_1rerz_1\" style=\"aspect-ratio:1.5\" loading=\"eager\"\/><\/p>\n<p class=\"article-picture-caption\">Nina Tapio ja Hanna-Riikka Siitonen kuvattuna helmikuussa 2006. Kuva:\u00a0Ulla-Maija L\u00e4hteenm\u00e4ki<\/p>\n<p class=\"article-body mb-nof-24 px-nof-16\">Yksi muutos on tapahtunut musiikkimaailman k\u00e4yt\u00e4nn\u00f6n asioissa.<\/p>\n<p class=\"article-body mb-nof-24 px-nof-16\">Tapio kertoo, ett\u00e4 keikkojen j\u00e4lkeen h\u00e4n ja Siitonen k\u00e4viv\u00e4t itse hakemassa keikkapalkkiot k\u00e4teisen\u00e4 j\u00e4rjest\u00e4jilt\u00e4. Nykyp\u00e4iv\u00e4n\u00e4 tilanne kuulostaa k\u00e4sitt\u00e4m\u00e4tt\u00f6m\u00e4lt\u00e4.<\/p>\n<p class=\"article-body mb-nof-24 px-nof-16\">\u2013 Olihan se v\u00e4h\u00e4n n\u00f6yryytt\u00e4v\u00e4\u00e4. Onneksi meid\u00e4n keikat myiv\u00e4t hyvin. Ei ollut sit\u00e4 tilannetta, ett\u00e4 kapakka tai keikkapaikka ei olisi saanut rahaa. Sittenh\u00e4n se olisi viel\u00e4 kurjempaa.<\/p>\n<p class=\"article-body mb-nof-24 px-nof-16\">Kiertueilla k\u00e4teist\u00e4 kertyi usealta keikalta, ja matka jatkui setelikassin kanssa.<\/p>\n<p class=\"article-body mb-nof-24 px-nof-16\">\u2013 Muistan reissuja, kun matkustettiin junalla ja meill\u00e4 oli putkikassissa 75\u202f000 markkaa. Mietimme, ett\u00e4 toivottavasti kukaan ei tule meid\u00e4n hyttiin varastamaan n\u00e4it\u00e4.<\/p>\n<p class=\"article-body mb-nof-24 px-nof-16\">90-luvun lopun ja 2000-luvun alun musiikkibisnes oli ty\u00f6ymp\u00e4rist\u00f6n\u00e4 hyvin erilainen. Tapio kertoo, ett\u00e4 h\u00e4n ja Siitonen kokivat tyt\u00f6ttely\u00e4, mutta he olivat toistensa turvana ja suhtautuivat kommentointiin v\u00e4linpit\u00e4m\u00e4tt\u00f6m\u00e4sti.<\/p>\n<p class=\"article-body mb-nof-24 px-nof-16\">\u2013 Oli niit\u00e4kin tilanteita, joissa sanottiin, ett\u00e4 aijaa, rahaako pit\u00e4isi saada, tuus nyt v\u00e4h\u00e4n t\u00e4nne juttelemaan ja et s\u00e4 nyt ottais v\u00e4h\u00e4n juomaa mun kanssa, Tapio muistelee.<\/p>\n<p class=\"article-body mb-nof-24 px-nof-16\">Suurin muutos Taikapeili-aikoihin on se, ett\u00e4 Hanna-Riikka Siitosta ei en\u00e4\u00e4 ole. H\u00e4n kuoli kilpirauhassy\u00f6p\u00e4\u00e4n vuonna 2018.<\/p>\n<p class=\"article-body mb-nof-24 px-nof-16\">Siitonen on Tapion menossa mukana yh\u00e4. Ys\u00e4ri AllStars -kiertueella kuullaan jopa h\u00e4nen \u00e4\u00e4nt\u00e4\u00e4n.<\/p>\n<p class=\"article-body mb-nof-24 px-nof-16\">Siitosen perhe on Tapiolle l\u00e4heinen, vaikka he eiv\u00e4t ehdi usein arjessa n\u00e4kem\u00e4\u00e4n. Juhannukset vietet\u00e4\u00e4n perinteisesti yhdess\u00e4, ja viime kev\u00e4\u00e4n\u00e4 he k\u00e4viv\u00e4t yhdess\u00e4 Kreikassa.<\/p>\n<p class=\"article-body mb-nof-24 px-nof-16\">Siitosen ja <a class=\"article-personlink\" href=\"https:\/\/www.is.fi\/haku\/?query=Janne%20Virtasen\" rel=\"nofollow noopener\" target=\"_blank\">Janne Virtasen<\/a> tyt\u00e4r <a class=\"article-personlink\" href=\"https:\/\/www.is.fi\/haku\/?query=Vieno%20Virtanen\" rel=\"nofollow noopener\" target=\"_blank\">Vieno Virtanen<\/a> on Tapion pojalle kuin sisko.<\/p>\n<p class=\"article-body mb-nof-24 px-nof-16\">\u2013 Heill\u00e4 on kuusi vuotta ik\u00e4eroa, mutta he ovat olleet pienest\u00e4 pit\u00e4en l\u00e4heisi\u00e4. Kun Vilho syntyi, Vieno otti h\u00e4net pikkuveljeksi.<\/p>\n<p><img decoding=\"async\" src=\"https:\/\/www.europesays.com\/fi\/wp-content\/uploads\/2025\/11\/1764478630_479_978.jpg\" alt=\"Urallaan Tapio on saavuttanut hurjasti, mutta siit\u00e4 huolimatta h\u00e4nell\u00e4 on unelmia niin ty\u00f6n kuin vapaa-ajankin suhteen.\" class=\"_Img_1rerz_1\" style=\"aspect-ratio:0.7494791666666667\" loading=\"eager\"\/><\/p>\n<p class=\"article-picture-caption\">Urallaan Tapio on saavuttanut hurjasti, mutta siit\u00e4 huolimatta h\u00e4nell\u00e4 on unelmia niin ty\u00f6n kuin vapaa-ajankin suhteen. Kuva:\u00a0Joonas Salo<\/p>\n<p><img decoding=\"async\" src=\"https:\/\/www.europesays.com\/fi\/wp-content\/uploads\/2025\/11\/1764478632_987_978.jpg\" alt=\"Joulun aika on Nina Tapiolle keikkojen vuoksi kiireist\u00e4, mutta h\u00e4n haluaa silti keskitty\u00e4 my\u00f6s pys\u00e4htymiseen.\" class=\"_Img_1rerz_1\" style=\"aspect-ratio:0.75\" loading=\"eager\"\/><\/p>\n<p class=\"article-picture-caption\">Joulun aika on Nina Tapiolle keikkojen vuoksi kiireist\u00e4, mutta h\u00e4n haluaa silti keskitty\u00e4 my\u00f6s pys\u00e4htymiseen. Kuva:\u00a0Joonas Salo<\/p>\n<p class=\"article-body mb-nof-24 px-nof-16\">Loppuvuosi on tiukka rutistus, mutta vuotta ei ole j\u00e4ljell\u00e4 paljoa. Tapio haaveilee, ett\u00e4 kiertueiden j\u00e4lkeen olisi mukava keskitty\u00e4 konserttityyppisiin esiintymisiin.<\/p>\n<p class=\"article-body mb-nof-24 px-nof-16\">Unelmia l\u00f6ytyy muitakin. Niit\u00e4 on mukava py\u00f6ritell\u00e4 p\u00e4\u00e4ss\u00e4\u00e4n, vaikka ne eiv\u00e4t toteutuisi.<\/p>\n<p class=\"article-body mb-nof-24 px-nof-16\">\u2013 Unelmointi on ihanaa. Ja kyll\u00e4 m\u00e4 realistisesti my\u00f6s ymm\u00e4rr\u00e4n, ett\u00e4 kaikki unelmat eiv\u00e4t toteudu \u2013 mutta osa toteutuu.<\/p>\n<p class=\"article-body mb-nof-24 px-nof-16\">Millaisia unelmia Tapiolla on?<\/p>\n<p class=\"article-body mb-nof-24 px-nof-16\">\u2013 Haluan j\u00e4rven rannalta kansakoulun, miss\u00e4 on 12 p\u00f6ntt\u00f6unia. Ulkomaillekin haluaisin muuttaa. Haluaisin Italiasta tai Kreikasta talon. Espanjakin k\u00e4y.<\/p>\n<p class=\"article-body mb-nof-24 px-nof-16\">\u2013 Mutta edelleen yrit\u00e4n opetella enemm\u00e4n rauhoittumaan.<\/p>\n","protected":false},"excerpt":{"rendered":"Kolme kiertuetta, Amazing Race, remontti ja paljon muuta. Nina Tapio on arjen kiireist\u00e4 huolimatta l\u00f6yt\u00e4nyt keinot maadoittua ja&hellip;\n","protected":false},"author":2,"featured_media":103674,"comment_status":"","ping_status":"","sticky":false,"template":"","format":"standard","meta":{"footnotes":""},"categories":[136],"tags":[407,137,33,31,30,34,408,32,109],"class_list":{"0":"post-103673","1":"post","2":"type-post","3":"status-publish","4":"format-standard","5":"has-post-thumbnail","7":"category-julkkikset","8":"tag-celebrities","9":"tag-entertainment","10":"tag-fi","11":"tag-finland","12":"tag-finnish","13":"tag-ilta-sanomat","14":"tag-julkkikset","15":"tag-suomi","16":"tag-viihde"},"share_on_mastodon":{"url":"https:\/\/pubeurope.com\/@fi\/115636879270338359","error":""},"_links":{"self":[{"href":"https:\/\/www.europesays.com\/fi\/wp-json\/wp\/v2\/posts\/103673","targetHints":{"allow":["GET"]}}],"collection":[{"href":"https:\/\/www.europesays.com\/fi\/wp-json\/wp\/v2\/posts"}],"about":[{"href":"https:\/\/www.europesays.com\/fi\/wp-json\/wp\/v2\/types\/post"}],"author":[{"embeddable":true,"href":"https:\/\/www.europesays.com\/fi\/wp-json\/wp\/v2\/users\/2"}],"replies":[{"embeddable":true,"href":"https:\/\/www.europesays.com\/fi\/wp-json\/wp\/v2\/comments?post=103673"}],"version-history":[{"count":0,"href":"https:\/\/www.europesays.com\/fi\/wp-json\/wp\/v2\/posts\/103673\/revisions"}],"wp:featuredmedia":[{"embeddable":true,"href":"https:\/\/www.europesays.com\/fi\/wp-json\/wp\/v2\/media\/103674"}],"wp:attachment":[{"href":"https:\/\/www.europesays.com\/fi\/wp-json\/wp\/v2\/media?parent=103673"}],"wp:term":[{"taxonomy":"category","embeddable":true,"href":"https:\/\/www.europesays.com\/fi\/wp-json\/wp\/v2\/categories?post=103673"},{"taxonomy":"post_tag","embeddable":true,"href":"https:\/\/www.europesays.com\/fi\/wp-json\/wp\/v2\/tags?post=103673"}],"curies":[{"name":"wp","href":"https:\/\/api.w.org\/{rel}","templated":true}]}}