{"id":103677,"date":"2025-11-30T05:04:09","date_gmt":"2025-11-30T05:04:09","guid":{"rendered":"https:\/\/www.europesays.com\/fi\/103677\/"},"modified":"2025-11-30T05:04:09","modified_gmt":"2025-11-30T05:04:09","slug":"al-tapparan-emil-sylvegard-joutui-leikkaukseen-%e2%88%92-sivussa-usean-viikon-ajan-jatkoaika-com","status":"publish","type":"post","link":"https:\/\/www.europesays.com\/fi\/103677\/","title":{"rendered":"AL: Tapparan Emil Sylveg\u00e5rd joutui leikkaukseen \u2212 sivussa usean viikon ajan &#8211; Jatkoaika.com"},"content":{"rendered":"<ol>\n<li><a href=\"https:\/\/news.google.com\/rss\/articles\/CBMixwFBVV95cUxQRC1NaWpXS1NzLUticzlGc04xeERtWmFnd1pkdFVYNVAxV2ZkZEVvSlQ4dkZ0S1dUUnBuM2dCRXF4Q1RzTDFvVUJGTjNTbF9PMzF2anhiLVFpTDNYZnU1ejZyOXJ1REtLMGZaSUFDbC12Tkk3SkZpaU9FRUJ0eEpPdUVTR1Nnc0p0Q2VEbUNkdWhGbWdaamVJRDh5TXZxczdybGNZOGZYYmhuYm4zNGloMEFlSXoyM0RFQlpfOHNFUWctaWtUT2NV?oc=5\" target=\"_blank\" rel=\"nofollow noopener\">AL: Tapparan Emil Sylveg\u00e5rd joutui leikkaukseen \u2212 sivussa usean viikon ajan<\/a>&nbsp;&nbsp;Jatkoaika.com<\/li>\n<li><a href=\"https:\/\/news.google.com\/rss\/articles\/CBMiY0FVX3lxTE1vSG1sYkRjYXV0XzM3VldWY2FLNnhWMWxmS2dLM1hQY1JkWEZFZnc2V1MyT0JwN0VQc2N0MlhwSDBadzdhTXdiVmVkX1pnZ2VKcHFNa0dmaU9mNThNYk5ad0l4RQ?oc=5\" target=\"_blank\" rel=\"nofollow noopener\">Tapparalle takaisku \u2013 hy\u00f6kk\u00e4\u00e4j\u00e4j\u00e4rk\u00e4le joutuu leikkaukseen<\/a>&nbsp;&nbsp;Aamulehti<\/li>\n<li><a href=\"https:\/\/news.google.com\/rss\/articles\/CBMisAFBVV95cUxNN0dqdjBNcUFKN0NaMUNnWG00Y0VRSWpIbXk4clJhTXB1dFlfa1pRVUlNdndmdlZueFpiaWNqOUQ3Y25VNGpYSHhfdEQwQjhMQTE1Zm1IZ1lxYmx0eWFPZ1RyNEVyMlE4bFZoRkw3M19IM25OazJXNHpKSl8xS2ZDcWpZWEZ3WjRhUENqSG9QRU12R29PVzN5dE1PdEQwdUtBMUVLdzZzS3VNdzdXUGdkSQ?oc=5\" target=\"_blank\" rel=\"nofollow noopener\">Tapparalle paha takaisku! AL: Maajoukkuemies leikkaukseen \u2013 edess\u00e4 pitk\u00e4 huili<\/a>&nbsp;&nbsp;SuomiKiekko<\/li>\n<li><a href=\"https:\/\/news.google.com\/rss\/articles\/CBMibEFVX3lxTE9ocWxXQndjRG4xekxWMm4zb1BfNVlTbzk5a3dlS2xBUEFEbkxieW4yX2hVOUFmR0lXbkg1YVFjTkRvSkQxd183Y0Y3UXlHN1FjZXMwNVBIRkJjbjh3MHJqeGo2WVR2NXQzSVdHUw?oc=5\" target=\"_blank\" rel=\"nofollow noopener\">AL: Tapparalle synke\u00e4 uutinen<\/a>&nbsp;&nbsp;KiekkoUutiset.fi<\/li>\n<li><a href=\"https:\/\/news.google.com\/rss\/articles\/CBMinAFBVV95cUxNX2JvMFdKM3hfd2J4TG0tanRVMDZOVDVYQU5lc0lYVGdPMm5HWWM3QUN4cWxlbnRKMTJ3MmtULUpJVTI2dk5VOWxCcGhGUjQyUkJ3SHBldHZSd3RISFZoZUlnNVVOdEx6MFZVbWhVelZXRzBoVktNNng2aGtEdE1qZEFua2hUaFdSNktqNGhjNnJ4U2puY2h3TjI2NWw?oc=5\" target=\"_blank\" rel=\"nofollow noopener\">AL: Tapparalle raju takaisku \u2013 maajoukkuemies leikkausp\u00f6yd\u00e4lle<\/a>&nbsp;&nbsp;leijonat.com<\/li>\n<\/ol>\n","protected":false},"excerpt":{"rendered":"AL: Tapparan Emil Sylveg\u00e5rd joutui leikkaukseen \u2212 sivussa usean viikon ajan&nbsp;&nbsp;Jatkoaika.com Tapparalle takaisku \u2013 hy\u00f6kk\u00e4\u00e4j\u00e4j\u00e4rk\u00e4le joutuu leikkaukseen&nbsp;&nbsp;Aamulehti Tapparalle&hellip;\n","protected":false},"author":2,"featured_media":103678,"comment_status":"","ping_status":"","sticky":false,"template":"","format":"standard","meta":{"footnotes":""},"categories":[158],"tags":[19654,33,31,30,159,32,160],"class_list":{"0":"post-103677","1":"post","2":"type-post","3":"status-publish","4":"format-standard","5":"has-post-thumbnail","7":"category-urheilu","8":"tag-al-tapparan-emil-sylvegard-joutui-leikkaukseen--sivussa-usean-viikon-ajan-liiga-29-11-2025-uutiset-jatkoaika-com-kaikki-jaakiekosta","9":"tag-fi","10":"tag-finland","11":"tag-finnish","12":"tag-sports","13":"tag-suomi","14":"tag-urheilu"},"share_on_mastodon":{"url":"https:\/\/pubeurope.com\/@fi\/115636906469360796","error":""},"_links":{"self":[{"href":"https:\/\/www.europesays.com\/fi\/wp-json\/wp\/v2\/posts\/103677","targetHints":{"allow":["GET"]}}],"collection":[{"href":"https:\/\/www.europesays.com\/fi\/wp-json\/wp\/v2\/posts"}],"about":[{"href":"https:\/\/www.europesays.com\/fi\/wp-json\/wp\/v2\/types\/post"}],"author":[{"embeddable":true,"href":"https:\/\/www.europesays.com\/fi\/wp-json\/wp\/v2\/users\/2"}],"replies":[{"embeddable":true,"href":"https:\/\/www.europesays.com\/fi\/wp-json\/wp\/v2\/comments?post=103677"}],"version-history":[{"count":0,"href":"https:\/\/www.europesays.com\/fi\/wp-json\/wp\/v2\/posts\/103677\/revisions"}],"wp:featuredmedia":[{"embeddable":true,"href":"https:\/\/www.europesays.com\/fi\/wp-json\/wp\/v2\/media\/103678"}],"wp:attachment":[{"href":"https:\/\/www.europesays.com\/fi\/wp-json\/wp\/v2\/media?parent=103677"}],"wp:term":[{"taxonomy":"category","embeddable":true,"href":"https:\/\/www.europesays.com\/fi\/wp-json\/wp\/v2\/categories?post=103677"},{"taxonomy":"post_tag","embeddable":true,"href":"https:\/\/www.europesays.com\/fi\/wp-json\/wp\/v2\/tags?post=103677"}],"curies":[{"name":"wp","href":"https:\/\/api.w.org\/{rel}","templated":true}]}}