{"id":103681,"date":"2025-11-30T05:08:15","date_gmt":"2025-11-30T05:08:15","guid":{"rendered":"https:\/\/www.europesays.com\/fi\/103681\/"},"modified":"2025-11-30T05:08:15","modified_gmt":"2025-11-30T05:08:15","slug":"tt-suomessa-valmistetaan-pian-myrkkya-jota-ilman-maailma-kuolisi-nalkaan","status":"publish","type":"post","link":"https:\/\/www.europesays.com\/fi\/103681\/","title":{"rendered":"T&#038;T: Suomessa valmistetaan pian myrkky\u00e4, jota ilman maailma kuolisi n\u00e4lk\u00e4\u00e4n"},"content":{"rendered":"<p class=\"ai-optimize-6 ai-optimize-introduction\">Poriin suunnitellaan tehdasta, joka valmistaa myrkyllist\u00e4 vanadiinipentoksidia. Myrkyll\u00e4 on niin merkitt\u00e4v\u00e4 rooli nykyajan ruokatuotannossa, ett\u00e4 ilman sit\u00e4 ihmiskunta kuolisi n\u00e4lk\u00e4\u00e4n. Asiasta kertoo <a href=\"https:\/\/www.tekniikkatalous.fi\/uutiset\/a\/b884a702-4201-466b-ba89-93a10bdbf95d\" target=\"_blank\" rel=\"noopener nofollow\">Tekniikka &amp; Talous<\/a>.<\/p>\n<p class=\"ai-optimize-6 ai-optimize-introduction\">Valtion alainen Business Finland my\u00f6nsi marraskuun puoliv\u00e4liss\u00e4 hankkeelle noin 49 miljoonan euron rahoituksen. K\u00e4yt\u00e4nn\u00f6ss\u00e4 valtio tulee rahoittamaan hankkeen rakentamisesta noin 12 prosenttia.<\/p>\n<p class=\"ai-optimize-7\">Tehtaan rakentavan Novanan mukaan laitos tuottaisi noin 9\u00a0000 tonnia vanadiinipentoksidia vuodessa. Yrityksen tiedotteen mukaan se vastaisi noin 60 prosenttia kansainv\u00e4lisest\u00e4 tuotannosta ja 60 prosenttia Euroopan tarvitsemasta vanadiinista.<\/p>\n<p class=\"ai-optimize-8\">\u2013 Vanadiinilaitos on erinomainen esimerkki siit\u00e4, miten Suomi voi vahvistaa asemaansa kest\u00e4v\u00e4n teollisuuden edell\u00e4k\u00e4vij\u00e4n\u00e4. Business Finlandin investointiavustus tukee paitsi uutta teknologiaa ja kiertotaloutta, my\u00f6s Euroopan omavaraisuutta kriittisiss\u00e4 raaka-aineissa. Hanke edist\u00e4\u00e4 vihre\u00e4\u00e4 siirtym\u00e4\u00e4 ja luo merkitt\u00e4vi\u00e4 mahdollisuuksia suomalaiselle teollisuudelle ja osaamiselle, sanoo hankejohtaja <strong>Sini Uuttu<\/strong> Business Finlandista tiedotteessa.<\/p>\n<p class=\"ai-optimize-9\">Laitoksen rakentaminen alkaa rahoituksen varmistuttua ja kest\u00e4\u00e4 arviolta 2,5\u20133 vuotta. Hankkeen toteutuminen ei ole viel\u00e4 varmistunut.<\/p>\n<p class=\"ai-optimize-10\">Vanadiini on siirtym\u00e4metalleihin kuuluva metalli. Vaikka aine on myrkyllinen, se on korvaamattoman t\u00e4rke\u00e4 esimerkiksi ruokatuotannossa. T\u00e4m\u00e4 perustuu siihen, ett\u00e4 vanadiiniteollisuudella on merkitt\u00e4v\u00e4 rooli esimerkiksi keinolannoitteen tuotannossa.<\/p>\n","protected":false},"excerpt":{"rendered":"Poriin suunnitellaan tehdasta, joka valmistaa myrkyllist\u00e4 vanadiinipentoksidia. Myrkyll\u00e4 on niin merkitt\u00e4v\u00e4 rooli nykyajan ruokatuotannossa, ett\u00e4 ilman sit\u00e4 ihmiskunta&hellip;\n","protected":false},"author":2,"featured_media":103682,"comment_status":"","ping_status":"","sticky":false,"template":"","format":"standard","meta":{"footnotes":""},"categories":[76],"tags":[79,77,33,31,30,900,32,78,1053],"class_list":{"0":"post-103681","1":"post","2":"type-post","3":"status-publish","4":"format-standard","5":"has-post-thumbnail","7":"category-talous","8":"tag-business","9":"tag-economy","10":"tag-fi","11":"tag-finland","12":"tag-finnish","13":"tag-ruoka","14":"tag-suomi","15":"tag-talous","16":"tag-teollisuus"},"share_on_mastodon":{"url":"https:\/\/pubeurope.com\/@fi\/115636922401311340","error":""},"_links":{"self":[{"href":"https:\/\/www.europesays.com\/fi\/wp-json\/wp\/v2\/posts\/103681","targetHints":{"allow":["GET"]}}],"collection":[{"href":"https:\/\/www.europesays.com\/fi\/wp-json\/wp\/v2\/posts"}],"about":[{"href":"https:\/\/www.europesays.com\/fi\/wp-json\/wp\/v2\/types\/post"}],"author":[{"embeddable":true,"href":"https:\/\/www.europesays.com\/fi\/wp-json\/wp\/v2\/users\/2"}],"replies":[{"embeddable":true,"href":"https:\/\/www.europesays.com\/fi\/wp-json\/wp\/v2\/comments?post=103681"}],"version-history":[{"count":0,"href":"https:\/\/www.europesays.com\/fi\/wp-json\/wp\/v2\/posts\/103681\/revisions"}],"wp:featuredmedia":[{"embeddable":true,"href":"https:\/\/www.europesays.com\/fi\/wp-json\/wp\/v2\/media\/103682"}],"wp:attachment":[{"href":"https:\/\/www.europesays.com\/fi\/wp-json\/wp\/v2\/media?parent=103681"}],"wp:term":[{"taxonomy":"category","embeddable":true,"href":"https:\/\/www.europesays.com\/fi\/wp-json\/wp\/v2\/categories?post=103681"},{"taxonomy":"post_tag","embeddable":true,"href":"https:\/\/www.europesays.com\/fi\/wp-json\/wp\/v2\/tags?post=103681"}],"curies":[{"name":"wp","href":"https:\/\/api.w.org\/{rel}","templated":true}]}}