{"id":103693,"date":"2025-11-30T05:30:08","date_gmt":"2025-11-30T05:30:08","guid":{"rendered":"https:\/\/www.europesays.com\/fi\/103693\/"},"modified":"2025-11-30T05:30:08","modified_gmt":"2025-11-30T05:30:08","slug":"suvi-minkkinen-ja-tero-seppala-eivat-kilpaile-paraatimatkallaan","status":"publish","type":"post","link":"https:\/\/www.europesays.com\/fi\/103693\/","title":{"rendered":"Suvi Minkkinen ja Tero Sepp\u00e4l\u00e4 eiv\u00e4t kilpaile paraatimatkallaan"},"content":{"rendered":"<p>T\u00e4\u00e4lt\u00e4 l\u00f6yd\u00e4t \u00d6stersundin sekaviestien l\u00e4ht\u00f6listat ja kaikkien joukkueiden kokoonpanot.<\/p>\n<p><a onclick=\"gtag(&#039;event&#039;,&#039;click&#039;,{&#039;event_category&#039; : &#039;tekstilinkki&#039;,&#039;event_label&#039; : &#039;\/uutiset\/ampumahiihto-sekaviestit-ostersund-lahtolistat-29-11-2025 -&gt; \/ampumahiihto\/maailmancup&#039;})\" class=\"linkki-tekstissa\" href=\"https:\/\/etusuora.com\/ampumahiihto\/maailmancup\" title=\"Ampumahiihdon maailmancup 2025-2026\" rel=\"nofollow noopener\" target=\"_blank\">Ampumahiihdon maailmancup<\/a> jatkuu sunnuntaina \u00d6stersundissa sekaviesteill\u00e4. Kahden urheilijan parisekaviesti alkaa kello 15.15 ja nelj\u00e4n urheilijan sekaviesti kello 17.30.<\/p>\n<p>Suomelle parisekaviesti on ollut usein menestyksek\u00e4s matka. <strong>Tero Sepp\u00e4l\u00e4<\/strong> ja <strong>Suvi Minkkinen<\/strong> voittivat Tukoholman olympiastadionilla j\u00e4rjestetyn kutsukilpailun maaliskuussa ja ampumahiihdon maailmancupin parisekaviestin tammikuussa Oberhofissa. <\/p>\n<p>Pokljukan maailmancupissa sama pari oli my\u00f6s viime maaliskuussa palkintopallilla, kolmansia. Lis\u00e4ksi Minkkinen on kerran ollut samalla matkalla palkintopallilla maailmancupissa <strong>Otto Inveniuksen<\/strong> kanssa ja kerran nelj\u00e4s <strong>Tuomas Harjulan<\/strong> kanssa. <\/p>\n<p>Nyt Suomen maajoukkue on kuitenkin asettanut huippuparin mukaan sekaviestiin. Parisekaviestiss\u00e4 Suomea edustava<strong>t Olli Hiidensalo<\/strong> ja <strong>Venla Lehtonen<\/strong>.<\/p>\n<p>Ratkaisu on sin\u00e4ns\u00e4 ymm\u00e4rrett\u00e4v\u00e4, sill\u00e4 sekaviesti on mukana <a onclick=\"gtag(&#039;event&#039;,&#039;click&#039;,{&#039;event_category&#039; : &#039;tekstilinkki&#039;,&#039;event_label&#039; : &#039;\/uutiset\/ampumahiihto-sekaviestit-ostersund-lahtolistat-29-11-2025 -&gt; \/talviolympialaiset\/ampumahiihto&#039;})\" class=\"linkki-tekstissa\" href=\"https:\/\/etusuora.com\/talviolympialaiset\/ampumahiihto\" title=\"Ampumahiihto Milanon talviolympialaisissa 2026\" rel=\"nofollow noopener\" target=\"_blank\">ampumahiihdon olympialaisissa<\/a> helmikuussa, kun taas parisekaviesti ei ole. N\u00e4in ollen on luonnollista, ett\u00e4 Suomi hakee paras rykmentti\u00e4 kilpailuun, jossa sill\u00e4 on jopa pieni mitalimahdollisuus.<\/p>\n<p>Suomi kilpailee sekaviestin j\u00e4rjestyksess\u00e4 Tuomas Harjula &#8211; Tero Sepp\u00e4l\u00e4 &#8211; Inka H\u00e4m\u00e4l\u00e4inen &#8211; Suvi Minkkinen. Alta l\u00f6yd\u00e4t kaikki joukkueet molempiin kilpailuihin. <\/p>\n<p>Joukkueet parisekaviesti<br \/>\n<br \/>\n<a class=\"linkki-tekstissa show640\" href=\"https:\/\/etusuora.com\/tiedostot\/single-mixed-relay-ostersund-2025.pdf\" target=\"_blank\" rel=\"nofollow noopener\">\u00d6stersund parisekaviesti l\u00e4ht\u00f6lista<\/a>Joukkueet sekaviesti 4 x 6 km<br \/>\n<br \/>\n<a class=\"linkki-tekstissa show640\" href=\"https:\/\/etusuora.com\/tiedostot\/mixed-relay-ostersund-2025.pdf\" target=\"_blank\" rel=\"nofollow noopener\">\u00d6stersund sekaviesti l\u00e4ht\u00f6lista<\/a><\/p>\n<p><strong>Katso my\u00f6s:<\/strong> <a onclick=\"gtag(&#039;event&#039;,&#039;click&#039;,{&#039;event_category&#039; : &#039;tekstilinkki&#039;,&#039;event_label&#039; : &#039;\/uutiset\/ampumahiihto-sekaviestit-ostersund-lahtolistat-29-11-2025 -&gt; \/ampumahiihto\/maailmancup\/ostersund&#039;})\" class=\"linkki-tekstissa\" href=\"https:\/\/etusuora.com\/ampumahiihto\/maailmancup\/ostersund\" title=\"\u00d6stersund maailmancup 2025\" rel=\"nofollow noopener\" target=\"_blank\">\u00d6stersundin maailmancupin ohjelma ja tulokset<\/a><br \/>&#13;<\/p>\n","protected":false},"excerpt":{"rendered":"T\u00e4\u00e4lt\u00e4 l\u00f6yd\u00e4t \u00d6stersundin sekaviestien l\u00e4ht\u00f6listat ja kaikkien joukkueiden kokoonpanot. Ampumahiihdon maailmancup jatkuu sunnuntaina \u00d6stersundissa sekaviesteill\u00e4. Kahden urheilijan parisekaviesti&hellip;\n","protected":false},"author":2,"featured_media":66873,"comment_status":"","ping_status":"","sticky":false,"template":"","format":"standard","meta":{"footnotes":""},"categories":[158],"tags":[33,31,30,159,32,160],"class_list":{"0":"post-103693","1":"post","2":"type-post","3":"status-publish","4":"format-standard","5":"has-post-thumbnail","7":"category-urheilu","8":"tag-fi","9":"tag-finland","10":"tag-finnish","11":"tag-sports","12":"tag-suomi","13":"tag-urheilu"},"share_on_mastodon":{"url":"https:\/\/pubeurope.com\/@fi\/115637008891863645","error":""},"_links":{"self":[{"href":"https:\/\/www.europesays.com\/fi\/wp-json\/wp\/v2\/posts\/103693","targetHints":{"allow":["GET"]}}],"collection":[{"href":"https:\/\/www.europesays.com\/fi\/wp-json\/wp\/v2\/posts"}],"about":[{"href":"https:\/\/www.europesays.com\/fi\/wp-json\/wp\/v2\/types\/post"}],"author":[{"embeddable":true,"href":"https:\/\/www.europesays.com\/fi\/wp-json\/wp\/v2\/users\/2"}],"replies":[{"embeddable":true,"href":"https:\/\/www.europesays.com\/fi\/wp-json\/wp\/v2\/comments?post=103693"}],"version-history":[{"count":0,"href":"https:\/\/www.europesays.com\/fi\/wp-json\/wp\/v2\/posts\/103693\/revisions"}],"wp:featuredmedia":[{"embeddable":true,"href":"https:\/\/www.europesays.com\/fi\/wp-json\/wp\/v2\/media\/66873"}],"wp:attachment":[{"href":"https:\/\/www.europesays.com\/fi\/wp-json\/wp\/v2\/media?parent=103693"}],"wp:term":[{"taxonomy":"category","embeddable":true,"href":"https:\/\/www.europesays.com\/fi\/wp-json\/wp\/v2\/categories?post=103693"},{"taxonomy":"post_tag","embeddable":true,"href":"https:\/\/www.europesays.com\/fi\/wp-json\/wp\/v2\/tags?post=103693"}],"curies":[{"name":"wp","href":"https:\/\/api.w.org\/{rel}","templated":true}]}}