{"id":103694,"date":"2025-11-30T05:31:12","date_gmt":"2025-11-30T05:31:12","guid":{"rendered":"https:\/\/www.europesays.com\/fi\/103694\/"},"modified":"2025-11-30T05:31:12","modified_gmt":"2025-11-30T05:31:12","slug":"kommentti-venaja-kayttaa-nurnbergin-oikeudenkaynteja-propagandassaan-ja-unohtaa-samalla-omat-rikoksensa","status":"publish","type":"post","link":"https:\/\/www.europesays.com\/fi\/103694\/","title":{"rendered":"Kommentti: Ven\u00e4j\u00e4 k\u00e4ytt\u00e4\u00e4 N\u00fcrnbergin oikeudenk\u00e4yntej\u00e4 propagandassaan \u2013 ja unohtaa samalla omat rikoksensa"},"content":{"rendered":"<p>Moskovaan pystytettiin kopio N\u00fcrnbergin kuuluisasta oikeussalista numero 600. Ven\u00e4j\u00e4 oikeuttaa nyt hy\u00f6kk\u00e4yssotaansa N\u00fcrnbergin tuomioiden avulla, kirjoittaa erikoistoimittaja Jouko Juonala.<\/p>\n<p class=\"article-body mb-nof-24 px-nof-16\">N\u00fcrnbergin oikeudenk\u00e4ynnit saavat taas maailmanlaajuista huomiota. <a class=\"article-personlink\" href=\"https:\/\/www.is.fi\/haku\/?query=Russel%20Crowe\" rel=\"nofollow noopener\" target=\"_blank\">Russel Crowe<\/a> on p\u00e4\u00e4t\u00e4hti uudessa ison rahan Hollywood-elokuvassa, joka kertoo <a class=\"article-personlink\" href=\"https:\/\/www.is.fi\/haku\/?query=Hermann%20G%C3%B6ringin\" rel=\"nofollow noopener\" target=\"_blank\">Hermann G\u00f6ringin<\/a> ja amerikkalaisen psykiatrin vankilakeskusteluista prosessin aikana.<\/p>\n<p class=\"article-body mb-nof-24 px-nof-16\">Elokuvan ensi-ilta ajoitettiin l\u00e4helle oikeudenk\u00e4yntien alkamisen 80-vuotisp\u00e4iv\u00e4\u00e4. Korkeimmat kiinni saadut natsijohtajat joutuivat 20. marraskuuta 1945 tuomarien eteen N\u00fcrnbergin oikeustalon istuntosalissa numero 600.<\/p>\n<p class=\"article-body mb-nof-24 px-nof-16\">Vuosip\u00e4iv\u00e4 noteerattiin my\u00f6s Moskovassa. Siell\u00e4 pidettiin samaan aikaan korkean tason seminaari, joka avasi kiinnostavalla tavalla ven\u00e4l\u00e4ist\u00e4 historiantulkintaa ja N\u00fcrnbergin tuomioiden k\u00e4ytt\u00f6\u00e4 Ven\u00e4j\u00e4n valtiollisen propagandan v\u00e4lineen\u00e4. Osa seminaarin puheista pidettiin istuntosali 600:sta rakennetussa kopiossa Moskovan maneesissa.<\/p>\n<p class=\"article-body mb-nof-24 px-nof-16\">Seminaarin johto\u00adajatuksena oli, ettei natsirikoksilla ole vanhentumisp\u00e4iv\u00e4\u00e4. Siksi my\u00f6s t\u00e4m\u00e4n p\u00e4iv\u00e4n natsit pit\u00e4\u00e4 saada tuomiolle. Viesti oli, ett\u00e4 N\u00fcrnbergin prosessi j\u00e4i kesken ja ett\u00e4 \u201ddenatsifikaatiota\u201d pit\u00e4\u00e4 jatkaa.<\/p>\n<blockquote class=\"citation\">\n<p>\u201d<\/p>\n<p>Seminaarin johto\u00adajatuksena oli, ettei natsirikoksilla ole vanhentumisp\u00e4iv\u00e4\u00e4.<\/p>\n<\/blockquote>\n<p class=\"article-body mb-nof-24 px-nof-16\">Lue lis\u00e4\u00e4: <a class=\"article-genericlink\" href=\"https:\/\/www.is.fi\/tv-ja-elokuvat\/art-2000011641536.html\" rel=\"nofollow noopener\" target=\"_blank\">Hollywood-t\u00e4hden hyyt\u00e4v\u00e4 rooli natsijohtajana on pakko n\u00e4hd\u00e4<\/a><\/p>\n<p><img decoding=\"async\" src=\"https:\/\/www.europesays.com\/fi\/wp-content\/uploads\/2025\/11\/1764321848_798_468.jpg\" alt=\"Russel Crowe esitt\u00e4\u00e4 valtakunnanmarsalkka Hermann G\u00f6ringi\u00e4 uudessa elokuvassa, joka kertoo natsijohtajien oikeudenk\u00e4ynnist\u00e4 N\u00fcrnbergiss\u00e4.\" class=\"_Img_1rerz_1\" style=\"aspect-ratio:1.5\" loading=\"eager\"\/><\/p>\n<p class=\"article-picture-caption\">Russel Crowe esitt\u00e4\u00e4 valtakunnanmarsalkka Hermann G\u00f6ringi\u00e4 uudessa elokuvassa, joka kertoo natsijohtajien oikeudenk\u00e4ynnist\u00e4 N\u00fcrnbergiss\u00e4. Kuva:\u00a0Scott Garfield<\/p>\n<p class=\"article-body mb-nof-24 px-nof-16\">Puheenvuoroista Ven\u00e4j\u00e4n historiallisen seuran j\u00e4rjest\u00e4m\u00e4ss\u00e4 seminaarissa ja politiikan ykk\u00f6skaartin lausunnoista N\u00fcrnberg-vuosip\u00e4iv\u00e4n\u00e4 k\u00e4y selv\u00e4sti ilmi, miss\u00e4 Moskova n\u00e4kee natsien haamuja. Ukrainassa tietenkin. Ja l\u00e4ntisess\u00e4 Euroopassa.<\/p>\n<p class=\"article-body mb-nof-24 px-nof-16\">Presidentti <a class=\"article-personlink\" href=\"https:\/\/www.is.fi\/haku\/?query=Vladimir%20Putinin\" rel=\"nofollow noopener\" target=\"_blank\">Vladimir Putinin<\/a> edustaja <a class=\"article-personlink\" href=\"https:\/\/www.is.fi\/haku\/?query=Dmitri%20Peskov\" rel=\"nofollow noopener\" target=\"_blank\">Dmitri Peskov<\/a> vakuutti, ett\u00e4 ukrainalaiset \u201duusnatsit\u201d joutuvat viel\u00e4 jonakin p\u00e4iv\u00e4n\u00e4 tuomiolle. Viel\u00e4 sen aika ei kuitenkaan ole, sill\u00e4 \u201derityissotilas\u00adoperaatio\u201d Ukrainassa on k\u00e4ynniss\u00e4.<\/p>\n<p class=\"article-body mb-nof-24 px-nof-16\">Vastuuseen on pantava my\u00f6s ne l\u00e4nsijohtajat, jotka ovat aseistaneet Ukrainaa ja tukeneet sen \u201duusnatsihallintoa\u201d, sanoi duuman puhemies <a class=\"article-personlink\" href=\"https:\/\/www.is.fi\/haku\/?query=Vjatsheslav%20Volodin\" rel=\"nofollow noopener\" target=\"_blank\">Vjatsheslav Volodin<\/a> omassa vuosip\u00e4iv\u00e4n lausunnossaan.<\/p>\n<p class=\"article-body mb-nof-24 px-nof-16\">\u2013 Koska he ovat menett\u00e4neet muistinsa, virkist\u00e4k\u00e4\u00e4mme heid\u00e4n muistiaan. Se, mit\u00e4 <a class=\"article-personlink\" href=\"https:\/\/www.is.fi\/haku\/?query=Ursula%20von%20der%20Leyen\" rel=\"nofollow noopener\" target=\"_blank\">Ursula von der Leyen<\/a> tekee yhdess\u00e4 <a class=\"article-personlink\" href=\"https:\/\/www.is.fi\/haku\/?query=Merzin\" rel=\"nofollow noopener\" target=\"_blank\">Merzin <\/a>ja <a class=\"article-personlink\" href=\"https:\/\/www.is.fi\/haku\/?query=Macronin\" rel=\"nofollow noopener\" target=\"_blank\">Macronin <\/a>kanssa, ei ehk\u00e4 eroa lainkaan siit\u00e4, mit\u00e4 natsirikolliset tekiv\u00e4t, Volodin sanoi uutistoimisto Tassin mukaan.<\/p>\n<p class=\"article-body mb-nof-24 px-nof-16\">Lue lis\u00e4\u00e4: <a class=\"article-genericlink\" href=\"https:\/\/www.is.fi\/ulkomaat\/art-2000011645254.html\" rel=\"nofollow noopener\" target=\"_blank\">Maria Zaharova haukkui talvisodan sankarin Simo H\u00e4yh\u00e4n<\/a><\/p>\n<p><img decoding=\"async\" src=\"https:\/\/www.europesays.com\/fi\/wp-content\/uploads\/2025\/11\/1764480671_902_468.jpg\" alt=\"Seminaarin puhujien joukossa oli muun muassa Ven\u00e4j\u00e4n ulkoministeri\u00f6n edustaja Marija Zaharova.\" class=\"_Img_1rerz_1\" style=\"aspect-ratio:1.5\" loading=\"eager\"\/><\/p>\n<p class=\"article-picture-caption\">Seminaarin puhujien joukossa oli muun muassa Ven\u00e4j\u00e4n ulkoministeri\u00f6n edustaja Marija Zaharova. Kuva:\u00a0Sergei Bulkin \/ ZUMA<\/p>\n<p class=\"article-body mb-nof-24 px-nof-16\">N\u00fcrnbergin oikeudenk\u00e4ynnit loivat nykyisen kansainv\u00e4lisen oikeuden perustan. Kansainv\u00e4lisen rikostuomio\u00adistuimen ICC:n peruskirja muistuttaa N\u00fcrnbergin tuomio\u00adistuimen peruskirjaa.<\/p>\n<p class=\"article-body mb-nof-24 px-nof-16\">Natsirikolliset asetettiin syytteeseen rikoksista rauhaa vastaan eli hy\u00f6kk\u00e4yssodan aloittamisesta, sotarikoksista, rikoksista ihmisyytt\u00e4 vastaan sek\u00e4 salaliitosta n\u00e4iden rikosten tekemiseksi. K\u00e4sitteet rikoksista rauhaa vastaan ja rikoksista ihmisyytt\u00e4 vastaan luotiin syytteiden nostamista varten. Rikoksiin ihmisyytt\u00e4 vastaan luettiin muun muassa kansanmurha, orjuuttaminen ja v\u00e4est\u00f6n pakkosiirrot.<\/p>\n<p class=\"article-body mb-nof-24 px-nof-16\">Putin korosti tervehdyksess\u00e4\u00e4n seminaarille, ett\u00e4 N\u00fcrnbergin normit ja peri\u00adaatteet ovat relevantteja viel\u00e4 t\u00e4n\u00e4\u00e4n.<\/p>\n<p class=\"article-body mb-nof-24 px-nof-16\">\u2013 Ne auttavat meit\u00e4 vastustamaan p\u00e4\u00e4tt\u00e4v\u00e4isesti yrityksi\u00e4 v\u00e4\u00e4ristell\u00e4 historiallisia tosi\u00adasioita, Putin lausui.<\/p>\n<p class=\"article-body mb-nof-24 px-nof-16\">Putin ja virallinen Ven\u00e4j\u00e4 haluavat nimen\u00adomaan korostaa sit\u00e4, ett\u00e4 Neuvostoliitto oli toisen maailmansodan suurin uhri ja k\u00e4rsij\u00e4 ja ett\u00e4 puna-armeija oli Euroopan suurin vapauttaja. Kaikki muu on v\u00e4\u00e4ristely\u00e4.<\/p>\n<p><img decoding=\"async\" src=\"https:\/\/www.europesays.com\/fi\/wp-content\/uploads\/2025\/11\/1764480671_264_468.jpg\" alt=\"Kopio istuntosalista numero 600 on rakennettu ven\u00e4l\u00e4isen elokuvan lavasteista. Yksi puhujista oli ulkomaantiedustelun johtaja Sergei Naryshkin.\" class=\"_Img_1rerz_1\" style=\"aspect-ratio:1.5\" loading=\"eager\"\/><\/p>\n<p class=\"article-picture-caption\">Kopio istuntosalista numero 600 on rakennettu ven\u00e4l\u00e4isen elokuvan lavasteista. Yksi puhujista oli ulkomaantiedustelun johtaja Sergei Naryshkin. Kuva:\u00a0Sergei Bulkin \/ ZUMA<\/p>\n<p class=\"article-body mb-nof-24 px-nof-16\">Kuvaavaa oli, ettei seminaarin ohjelmassa mainittu <a class=\"article-genericlink\" href=\"https:\/\/www.themoscowtimes.com\/2025\/11\/24\/russias-nuremberg-revival-is-about-the-future-not-the-past-a91224\" rel=\"nofollow noopener\" target=\"_blank\">The Moscow Timesin mukaan<\/a> lainkaan holokaustia tai juutalaisia. Puheita ei pidetty my\u00f6sk\u00e4\u00e4n niin sanotusta Molotovin-Ribbentropin sopimuksesta ja sen salaisesta lis\u00e4p\u00f6yt\u00e4kirjasta, jossa sovittiin Neuvostoliiton ja Saksan etupiireist\u00e4 Euroopassa. Liitto <a class=\"article-personlink\" href=\"https:\/\/www.is.fi\/haku\/?query=Stalinin\" rel=\"nofollow noopener\" target=\"_blank\">Stalinin <\/a>kanssa antoi <a class=\"article-personlink\" href=\"https:\/\/www.is.fi\/haku\/?query=Hitlerille\" rel=\"nofollow noopener\" target=\"_blank\">Hitlerille <\/a>mahdollisuuden hy\u00f6k\u00e4t\u00e4 Puolaan ja aloittaa toisen maailmansodan.<\/p>\n<p class=\"article-body mb-nof-24 px-nof-16\">Neuvostoliitto miehitti pian Saksan hy\u00f6kk\u00e4yksen j\u00e4lkeen Puolan it\u00e4\u00adosat ja hy\u00f6kk\u00e4si marraskuun lopussa 1939 Suomeen. Neuvostoliiton turvallisuuspalvelun py\u00f6velit murhasivat Puolassa yli 20\u202f000 upseeria ja \u00e4lymyst\u00f6n edustajaa. Heid\u00e4t haudattiin joukkohautoihin Katynissa.<\/p>\n<p class=\"article-body mb-nof-24 px-nof-16\">Neuvostoliiton edustajat peitteliv\u00e4t jo N\u00fcrnbergiss\u00e4 sek\u00e4 Molotovin-Ribbentropin sopimusta ett\u00e4 Katynin joukkomurhaa, josta Moskova syytti natsi-Saksaa.<\/p>\n<p class=\"article-body mb-nof-24 px-nof-16\">Sama meno jatkuu vuonna 2025. Molotovin-Ribbentropin sopimusta pidet\u00e4\u00e4n Ven\u00e4j\u00e4ll\u00e4 puolustuksellisena ja osana 1930-luvun reaalipolitiikkaa. Sen osuutta maailmansodan syttymiseen ei tunnusteta. Lis\u00e4ksi ainakin kaksi seminaarin asiantuntijoista kiist\u00e4\u00e4 edelleen Neuvostoliiton syyllisyyden Katynin joukkomurhaan, kertoi The Moscow Times.<\/p>\n<blockquote class=\"citation\">\n<p>\u201d<\/p>\n<p>Kysymys rikollisten tuomitsemisesta on t\u00e4rke\u00e4 ja periaatteellinen.<\/p>\n<\/blockquote>\n<p><img decoding=\"async\" src=\"https:\/\/www.europesays.com\/fi\/wp-content\/uploads\/2025\/11\/1764480672_520_468.jpg\" alt=\"Natsi-Saksan johtajat syytettyjen penkill\u00e4 N\u00fcrnbergiss\u00e4 marraskuussa 1945.\" class=\"_Img_1rerz_1\" style=\"aspect-ratio:1.2435233160621761\" loading=\"eager\"\/><\/p>\n<p class=\"article-picture-caption\">Natsi-Saksan johtajat syytettyjen penkill\u00e4 N\u00fcrnbergiss\u00e4 marraskuussa 1945. Kuva:\u00a0Mondadori Portfolio, Zuma Press<\/p>\n<p class=\"article-body mb-nof-24 px-nof-16\">Ven\u00e4j\u00e4 k\u00e4y edelleen hy\u00f6kk\u00e4yssotaa Ukrainassa eik\u00e4 suostu sopimaan tulitauosta.<\/p>\n<p class=\"article-body mb-nof-24 px-nof-16\">Pysyv\u00e4\u00e4kin rauhaa hierotaan, mutta kiistely sen ehdoista on kiivasta.<\/p>\n<p class=\"article-body mb-nof-24 px-nof-16\">Saksa antautui liittoutuneille ehdoitta toukokuussa 1945. Saman vuoden lokakuussa alkoi N\u00fcrnbergin prosessi, joka jatkui 13:na erillisen\u00e4 oikeudenk\u00e4yntin\u00e4 huhtikuuhun 1949 saakka.<\/p>\n<p class=\"article-body mb-nof-24 px-nof-16\">Ent\u00e4 jos Ukrainaan saadaan rauha?<\/p>\n<p class=\"article-body mb-nof-24 px-nof-16\">Julkisuuteen vuotaneessa 28-kohtaisessa rauhan\u00adehdotuksessa on pyk\u00e4l\u00e4, joka toteutuessaan antaisi armahduksen sotarikoksista ja takaisi, ettei oikeudenk\u00e4yntej\u00e4 j\u00e4rjestett\u00e4isi tulevaisuudessakaan. Se sopisi Ven\u00e4j\u00e4lle mutta ei Ukrainalle. Genevess\u00e4 laadittu 19-kohtainen vasta\u00adehdotus vaatii sotarikollisten tuomitsemista kansainv\u00e4lisen oikeuden mukaisesti.<\/p>\n<p class=\"article-body mb-nof-24 px-nof-16\">Neuvottelut jatkuvat.<\/p>\n<p><img decoding=\"async\" src=\"https:\/\/www.europesays.com\/fi\/wp-content\/uploads\/2025\/11\/1764480672_144_468.jpg\" alt=\"N\u00fcrnbergin oikeustalo lokakuussa 1946, kun natsijohtajille luettiin tuomiot. Syytetyist\u00e4 12 tuomittiin kuolemaan, seitsem\u00e4n eripituisiin vankeusrangaistuksiin ja kolme vapautettiin.\" class=\"_Img_1rerz_1\" style=\"aspect-ratio:1.328719723183391\" loading=\"eager\"\/><\/p>\n<p class=\"article-picture-caption\">N\u00fcrnbergin oikeustalo lokakuussa 1946, kun natsijohtajille luettiin tuomiot. Syytetyist\u00e4 12 tuomittiin kuolemaan, seitsem\u00e4n eripituisiin vankeusrangaistuksiin ja kolme vapautettiin. Kuva:\u00a0Dpa, Zuma Press<\/p>\n<p class=\"article-body mb-nof-24 px-nof-16\">Kysymys rikollisten tuomitsemisesta on t\u00e4rke\u00e4 ja periaatteellinen.<\/p>\n<p class=\"article-body mb-nof-24 px-nof-16\">N\u00fcrnbergiss\u00e4 syntynytt\u00e4 uutta kansainv\u00e4list\u00e4 oikeusk\u00e4yt\u00e4nt\u00f6\u00e4 oli keskeisesti luomassa neuvostoliittolainen juristi, juutalaissyntyinen <a class=\"article-personlink\" href=\"https:\/\/www.is.fi\/haku\/?query=Aron%20Moishe%20Trainin\" rel=\"nofollow noopener\" target=\"_blank\">Aron Moishe Trainin<\/a> (1883\u20131957). H\u00e4nen p\u00e4\u00e4\u00adargumenttejaan oli, ett\u00e4 valtion johtajien pit\u00e4isi kantaa henkil\u00f6kohtainen rikosvastuu ep\u00e4oikeudenmukaisen valloitussodan suunnittelusta ja k\u00e4ymisest\u00e4.<\/p>\n<p class=\"article-body mb-nof-24 px-nof-16\">Putin sanoi, ett\u00e4 N\u00fcrn\u00adbergin normit ja peri\u00adaatteet p\u00e4tev\u00e4t edelleen. Jos n\u00e4in on, h\u00e4net pit\u00e4isi asettaa ensimm\u00e4isen\u00e4 syytteeseen.<\/p>\n<p class=\"article-body mb-nof-24 px-nof-16\">My\u00f6s Ven\u00e4j\u00e4n rikoslaki kielt\u00e4\u00e4 hy\u00f6kk\u00e4yssodan. Siit\u00e4 voi saada 15 vuotta vankeutta.<\/p>\n<p class=\"article-body mb-nof-24 px-nof-16\">Siviilien ja sotavankien tappajat ja muut murhaajat sek\u00e4 lastenry\u00f6st\u00e4j\u00e4t pit\u00e4isi hekin saattaa vastuuseen teoistaan. Ukraina on rekister\u00f6inyt jo noin 180\u202f000 ep\u00e4ilty\u00e4 sotarikosta Ven\u00e4j\u00e4n hy\u00f6kk\u00e4yssodan aikana.<\/p>\n<p class=\"article-body mb-nof-24 px-nof-16\">Moskova voisi s\u00e4ilytt\u00e4\u00e4 tuon Maneesiin pystytetyn kulissi-oikeussalin. Ehk\u00e4 jonakin p\u00e4iv\u00e4n\u00e4 sill\u00e4 voi olla k\u00e4ytt\u00f6\u00e4.<\/p>\n","protected":false},"excerpt":{"rendered":"Moskovaan pystytettiin kopio N\u00fcrnbergin kuuluisasta oikeussalista numero 600. Ven\u00e4j\u00e4 oikeuttaa nyt hy\u00f6kk\u00e4yssotaansa N\u00fcrnbergin tuomioiden avulla, kirjoittaa erikoistoimittaja Jouko&hellip;\n","protected":false},"author":2,"featured_media":103695,"comment_status":"","ping_status":"","sticky":false,"template":"","format":"standard","meta":{"footnotes":""},"categories":[130],"tags":[137,33,31,30,34,32,109],"class_list":{"0":"post-103694","1":"post","2":"type-post","3":"status-publish","4":"format-standard","5":"has-post-thumbnail","7":"category-viihde","8":"tag-entertainment","9":"tag-fi","10":"tag-finland","11":"tag-finnish","12":"tag-ilta-sanomat","13":"tag-suomi","14":"tag-viihde"},"share_on_mastodon":{"url":"https:\/\/pubeurope.com\/@fi\/115637012784403318","error":""},"_links":{"self":[{"href":"https:\/\/www.europesays.com\/fi\/wp-json\/wp\/v2\/posts\/103694","targetHints":{"allow":["GET"]}}],"collection":[{"href":"https:\/\/www.europesays.com\/fi\/wp-json\/wp\/v2\/posts"}],"about":[{"href":"https:\/\/www.europesays.com\/fi\/wp-json\/wp\/v2\/types\/post"}],"author":[{"embeddable":true,"href":"https:\/\/www.europesays.com\/fi\/wp-json\/wp\/v2\/users\/2"}],"replies":[{"embeddable":true,"href":"https:\/\/www.europesays.com\/fi\/wp-json\/wp\/v2\/comments?post=103694"}],"version-history":[{"count":0,"href":"https:\/\/www.europesays.com\/fi\/wp-json\/wp\/v2\/posts\/103694\/revisions"}],"wp:featuredmedia":[{"embeddable":true,"href":"https:\/\/www.europesays.com\/fi\/wp-json\/wp\/v2\/media\/103695"}],"wp:attachment":[{"href":"https:\/\/www.europesays.com\/fi\/wp-json\/wp\/v2\/media?parent=103694"}],"wp:term":[{"taxonomy":"category","embeddable":true,"href":"https:\/\/www.europesays.com\/fi\/wp-json\/wp\/v2\/categories?post=103694"},{"taxonomy":"post_tag","embeddable":true,"href":"https:\/\/www.europesays.com\/fi\/wp-json\/wp\/v2\/tags?post=103694"}],"curies":[{"name":"wp","href":"https:\/\/api.w.org\/{rel}","templated":true}]}}