{"id":103696,"date":"2025-11-30T05:34:15","date_gmt":"2025-11-30T05:34:15","guid":{"rendered":"https:\/\/www.europesays.com\/fi\/103696\/"},"modified":"2025-11-30T05:34:15","modified_gmt":"2025-11-30T05:34:15","slug":"gasgrid-keraa-palautetta-maanomistajilta-kansallisen-vetyverkon-linjasta","status":"publish","type":"post","link":"https:\/\/www.europesays.com\/fi\/103696\/","title":{"rendered":"Gasgrid ker\u00e4\u00e4 palautetta maanomistajilta kansallisen vetyverkon linjasta"},"content":{"rendered":"<p>Gasgrid on k\u00e4ynnist\u00e4nyt kuulemisen maanomistajille osana suunnitelmiaan rakentaa kansallinen vedyn siirtoverkko. Verkko on suunniteltu kulkemaan Loimaan halki. Hanke on merkitt\u00e4v\u00e4 askel kohti uutta vetytaloutta ja hiilineutraalia energiainfrastruktuuria, jonka tavoitteena on yhdist\u00e4\u00e4 vety\u00e4 tuottavat ja sit\u00e4 hy\u00f6dynt\u00e4v\u00e4t toimijat saumattomaksi kokonaisuudeksi koko Suomessa.<\/p>\n<p>Tietojen ker\u00e4\u00e4minen<\/p>\n<p>T\u00e4ll\u00e4 hetkell\u00e4 Gasgrid ker\u00e4\u00e4 tietoa kahdella tavalla: s\u00e4hk\u00f6isen palautepalvelun kautta sek\u00e4 j\u00e4rjest\u00e4m\u00e4ll\u00e4 maanomistajatapaamisia. Esimerkiksi Loimaalla j\u00e4rjestettiin lokakuun lopussa tilaisuus, jossa maanomistajat p\u00e4\u00e4siv\u00e4t tutustumaan alustavaan reittiin ja keskustelemaan asiantuntijoiden kanssa. Palautteen ker\u00e4\u00e4minen on olennainen osa suunnittelua, ja Gasgrid pyrkii huomioimaan maanomistajien kokemukset ja paikallistuntemuksen ennen lopullisten linjausten tekemist\u00e4.<\/p>\n<p>Karttapalvelu<\/p>\n<p>Gasgrid on avannut my\u00f6s verkkopohjaisen karttapalvelun, jossa kansallisen vetyverkon alustavaa linjausta voi tarkastella yksityiskohtaisesti. Karttapalvelun kautta maanomistajat voivat j\u00e4tt\u00e4\u00e4 palautetta suoraan oman kiinteist\u00f6ns\u00e4 kohdalta ja tuoda esiin huomioita esimerkiksi maank\u00e4yt\u00f6st\u00e4, ymp\u00e4rist\u00f6n erityispiirteist\u00e4 tai mahdollisista kehityskohteista.<\/p>\n<p>Kansallisen vetyverkon alustavaan reittiin voit tutustua ja maanomistajat voivat j\u00e4tt\u00e4\u00e4 palautetta t\u00e4\u00e4ll\u00e4:\u00a0<a href=\"https:\/\/app.maptionnaire.com\/q\/6re6mnd2d3v9\" rel=\"nofollow noopener\" target=\"_blank\">Maptionnaire<\/a><\/p>\n<p>Ymp\u00e4rist\u00f6vaikutusten arviointiprosessi<\/p>\n<p>Ensi vuoden alussa k\u00e4ynnistyy ymp\u00e4rist\u00f6vaikutusten arviointiprosessin mukaiset viralliset kuulemiset, jolloin ELY-keskus j\u00e4rjest\u00e4\u00e4 avoimia yleis\u00f6tilaisuuksia ja tarjotaan mahdollisuus antaa lausuntoja virallisen prosessin kautta.<\/p>\n<p>Useimmin kysytyt kysymykset<\/p>\n<p>Gasgrid on ker\u00e4nnyt vastauksia usein kysyttyihin kysymyksiin:\u00a0<a href=\"https:\/\/gasgrid.fi\/rakentaminen\/suomen-kansallinen-vedyn-siirtoverkko\/#kysymyksi%C3%A4-ja-vastauksia\" rel=\"nofollow noopener\" target=\"_blank\">Suomen kansallinen vedyn siirtoverkko \u2013 Gasgrid<\/a><\/p>\n<p>Loimaan seudun vetylaaksohanke<\/p>\n<p>Loimaan seudun kunnilla on Loimaan seudun vetylaaksohanke, jolla selvitet\u00e4\u00e4n vetytalouden mahdollisuuksia alueelle:\u00a0<a href=\"https:\/\/www.loimaa.fi\/tyo-ja-yrittaminen\/sijoitu-loimaalle\/loimaan-seudun-vetylaakso-hanke\/\" rel=\"nofollow noopener\" target=\"_blank\">https:\/\/www.loimaa.fi\/tyo-ja-yrittaminen\/sijoitu-loimaalle\/loimaan-seudun-vetylaakso-hanke\/<\/a><\/p>\n","protected":false},"excerpt":{"rendered":"Gasgrid on k\u00e4ynnist\u00e4nyt kuulemisen maanomistajille osana suunnitelmiaan rakentaa kansallinen vedyn siirtoverkko. Verkko on suunniteltu kulkemaan Loimaan halki. Hanke&hellip;\n","protected":false},"author":2,"featured_media":103697,"comment_status":"","ping_status":"","sticky":false,"template":"","format":"standard","meta":{"footnotes":""},"categories":[76],"tags":[79,77,33,31,30,32,78],"class_list":{"0":"post-103696","1":"post","2":"type-post","3":"status-publish","4":"format-standard","5":"has-post-thumbnail","7":"category-talous","8":"tag-business","9":"tag-economy","10":"tag-fi","11":"tag-finland","12":"tag-finnish","13":"tag-suomi","14":"tag-talous"},"share_on_mastodon":{"url":"https:\/\/pubeurope.com\/@fi\/115637024443709926","error":""},"_links":{"self":[{"href":"https:\/\/www.europesays.com\/fi\/wp-json\/wp\/v2\/posts\/103696","targetHints":{"allow":["GET"]}}],"collection":[{"href":"https:\/\/www.europesays.com\/fi\/wp-json\/wp\/v2\/posts"}],"about":[{"href":"https:\/\/www.europesays.com\/fi\/wp-json\/wp\/v2\/types\/post"}],"author":[{"embeddable":true,"href":"https:\/\/www.europesays.com\/fi\/wp-json\/wp\/v2\/users\/2"}],"replies":[{"embeddable":true,"href":"https:\/\/www.europesays.com\/fi\/wp-json\/wp\/v2\/comments?post=103696"}],"version-history":[{"count":0,"href":"https:\/\/www.europesays.com\/fi\/wp-json\/wp\/v2\/posts\/103696\/revisions"}],"wp:featuredmedia":[{"embeddable":true,"href":"https:\/\/www.europesays.com\/fi\/wp-json\/wp\/v2\/media\/103697"}],"wp:attachment":[{"href":"https:\/\/www.europesays.com\/fi\/wp-json\/wp\/v2\/media?parent=103696"}],"wp:term":[{"taxonomy":"category","embeddable":true,"href":"https:\/\/www.europesays.com\/fi\/wp-json\/wp\/v2\/categories?post=103696"},{"taxonomy":"post_tag","embeddable":true,"href":"https:\/\/www.europesays.com\/fi\/wp-json\/wp\/v2\/tags?post=103696"}],"curies":[{"name":"wp","href":"https:\/\/api.w.org\/{rel}","templated":true}]}}