{"id":103701,"date":"2025-11-30T05:37:10","date_gmt":"2025-11-30T05:37:10","guid":{"rendered":"https:\/\/www.europesays.com\/fi\/103701\/"},"modified":"2025-11-30T05:37:10","modified_gmt":"2025-11-30T05:37:10","slug":"pakko-ei-ole-kuin-kuolla-mutta-siihen-ei-ole-varaa","status":"publish","type":"post","link":"https:\/\/www.europesays.com\/fi\/103701\/","title":{"rendered":"Pakko ei ole kuin kuolla, mutta siihen ei ole varaa"},"content":{"rendered":"<p>Pakko ei ole kuin kuolla, mutta siihen ei ole varaa | MTV Uutiset<a class=\"sr-only bg-component-bg-color focus:not-sr-only focus:absolute focus:left-0 focus:right-auto focus:top-0 focus:p-200\" href=\"#main\" data-sentry-component=\"SkipToContentLink\" data-sentry-source-file=\"SkipToContentLink.tsx\">Hypp\u00e4\u00e4 p\u00e4\u00e4sis\u00e4lt\u00f6\u00f6n<\/a>Sis\u00e4ll\u00f6t<\/p>\n<ul class=\"flex w-full flex-1 flex-wrap gap-800\">\n<li class=\"block flex-1 flex-nowrap xs:flex-initial\" data-testid=\"site-footer-section-item-component\" data-sentry-component=\"SiteFooterSectionItem\" data-sentry-source-file=\"SiteFooterSectionItem.tsx\">Tomi Einonen<br \/>Vastaava p\u00e4\u00e4toimittaja<\/li>\n<li class=\"block flex-1 flex-nowrap xs:flex-initial\" data-testid=\"site-footer-section-item-component\" data-sentry-component=\"SiteFooterSectionItem\" data-sentry-source-file=\"SiteFooterSectionItem.tsx\">Ilkka Ahtiainen<br \/>Uutisp\u00e4\u00e4toimittaja<\/li>\n<li class=\"block flex-1 flex-nowrap xs:flex-initial\" data-testid=\"site-footer-section-item-component\" data-sentry-component=\"SiteFooterSectionItem\" data-sentry-source-file=\"SiteFooterSectionItem.tsx\">Mona Haapsaari<br \/>Toimitusp\u00e4\u00e4llikk\u00f6<\/li>\n<li class=\"block flex-1 flex-nowrap xs:flex-initial\" data-testid=\"site-footer-section-item-component\" data-sentry-component=\"SiteFooterSectionItem\" data-sentry-source-file=\"SiteFooterSectionItem.tsx\">Teemu Niikko<br \/>Toimitusp\u00e4\u00e4llikk\u00f6, urheilu<\/li>\n<\/ul>\n<p>Liiketoiminta<\/p>\n<ul class=\"flex w-full flex-1 flex-wrap gap-800\">\n<li class=\"block flex-1 flex-nowrap xs:flex-initial\" data-testid=\"site-footer-section-item-component\" data-sentry-component=\"SiteFooterSectionItem\" data-sentry-source-file=\"SiteFooterSectionItem.tsx\">Iina Eloranta<br \/>VP, Channels and Digital Consumption<\/li>\n<\/ul>\n<p>SuomiAreena<\/p>\n<ul class=\"flex w-full flex-1 flex-wrap gap-800\">\n<li class=\"block flex-1 flex-nowrap xs:flex-initial\" data-testid=\"site-footer-section-item-component\" data-sentry-component=\"SiteFooterSectionItem\" data-sentry-source-file=\"SiteFooterSectionItem.tsx\">Jeremias Kontio<br \/>Vastaava tuottaja<\/li>\n<\/ul>\n<p><a class=\"flex flex-col items-center justify-center\" data-testid=\"Etusivu-navigation-bar-item\" role=\"link\" title=\"Etusivu linkki\" data-sentry-element=\"Link\" data-sentry-component=\"InternalLink\" data-sentry-source-file=\"InternalLink.tsx\" href=\"https:\/\/www.mtvuutiset.fi\/\" rel=\"nofollow noopener\" target=\"_blank\">Etusivu<\/a><a class=\"flex flex-col items-center justify-center\" data-testid=\"Videot-navigation-bar-item\" role=\"link\" title=\"Videot linkki\" data-sentry-element=\"Link\" data-sentry-component=\"InternalLink\" data-sentry-source-file=\"InternalLink.tsx\" href=\"https:\/\/www.mtvuutiset.fi\/videot\" rel=\"nofollow noopener\" target=\"_blank\">Videot<\/a><a class=\"flex flex-col items-center justify-center\" data-testid=\"Tuoreimmat-navigation-bar-item\" role=\"link\" title=\"Tuoreimmat linkki\" data-sentry-element=\"Link\" data-sentry-component=\"InternalLink\" data-sentry-source-file=\"InternalLink.tsx\" href=\"https:\/\/www.mtvuutiset.fi\/tuoreimmat\" rel=\"nofollow noopener\" target=\"_blank\">Tuoreimmat<\/a><a class=\"flex flex-col items-center justify-center\" data-testid=\"Luetuimmat-navigation-bar-item\" role=\"link\" title=\"Luetuimmat linkki\" data-sentry-element=\"Link\" data-sentry-component=\"InternalLink\" data-sentry-source-file=\"InternalLink.tsx\" href=\"https:\/\/www.mtvuutiset.fi\/luetuimmat\" rel=\"nofollow noopener\" target=\"_blank\">Luetuimmat<\/a>Odota<img alt=\"Pakko ei ole kuin kuolla, mutta toivottavasti sit\u00e4 ei aivan viel\u00e4 tapahdu, sill\u00e4 siihenk\u00e4\u00e4n ei tunnu olevan varaa. Kuvituskuva.\" data-testid=\"header-media-image\" class=\"h-full w-full object-cover transition duration-700 ease-in-out hover:scale-[1.05]\" fetchpriority=\"high\" loading=\"eager\" width=\"1024\" height=\"576\" decoding=\"async\" style=\"color:transparent;background-size:cover;background-position:50% 50%;background-repeat:no-repeat;background-image:url(&quot;data:image\/svg+xml;base64,Cjxzdmcgd2lkdGg9IjEwMjQiIGhlaWdodD0iNTc2IiB2ZXJzaW9uPSIxLjEiIHhtbG5zPSJodHRwOi8vd3d3LnczLm9yZy8yMDAwL3N2ZyIgeG1sbnM6eGxpbms9Imh0dHA6Ly93d3cudzMub3JnLzE5OTkveGxpbmsiPgogIDxkZWZzPgogICAgPGxpbmVhckdyYWRpZW50IGlkPSJnIj4KICAgICAgPHN0b3Agc3RvcC1jb2xvcj0iIzBCMTgyMyIgb2Zmc2V0PSIyMCUiIC8+CiAgICAgIDxzdG9wIHN0b3AtY29sb3I9IiMxQTI3MzIiIG9mZnNldD0iNTAlIiAvPgogICAgICA8c3RvcCBzdG9wLWNvbG9yPSIjMEIxODIzIiBvZmZzZXQ9IjcwJSIgLz4KICAgIDwvbGluZWFyR3JhZGllbnQ+CiAgPC9kZWZzPgogIDxyZWN0IHdpZHRoPSIxMDI0IiBoZWlnaHQ9IjU3NiIgZmlsbD0iIzBCMTgyMyIgLz4KICA8cmVjdCBpZD0iciIgd2lkdGg9IjEwMjQiIGhlaWdodD0iNTc2IiBmaWxsPSJ1cmwoI2cpIiAvPgogIDxhbmltYXRlIHhsaW5rOmhyZWY9IiNyIiBhdHRyaWJ1dGVOYW1lPSJ4IiBmcm9tPSItMTAyNCIgdG89IjEwMjQiIGR1cj0iMXMiIHJlcGVhdENvdW50PSJpbmRlZmluaXRlIiAgLz4KPC9zdmc+&quot;)\" src=\"https:\/\/www.europesays.com\/fi\/wp-content\/uploads\/2025\/11\/1764481029_772_image\"\/>Pakko ei ole kuin kuolla, mutta toivottavasti sit\u00e4 ei aivan viel\u00e4 tapahdu, sill\u00e4 siihenk\u00e4\u00e4n ei tunnu olevan varaa. Kuvituskuva.Kzenon COLOURBOXJulkaistu 37 minuuttia sitten<img alt=\"Toimittajan kuva\" data-testid=\"author-image\" data-sentry-element=\"Image\" data-sentry-source-file=\"NextImage.tsx\" fetchpriority=\"low\" loading=\"lazy\" decoding=\"async\" data-nimg=\"fill\" class=\"transition duration-700 ease-in-out hover:scale-[1.05] object-cover\" style=\"position:absolute;height:100%;width:100%;left:0;top:0;right:0;bottom:0;color:transparent;background-size:cover;background-position:50% 50%;background-repeat:no-repeat;background-image:url(&quot;data:image\/svg+xml;base64,Cjxzdmcgd2lkdGg9IjcyMCIgaGVpZ2h0PSI0MDUiIHZlcnNpb249IjEuMSIgeG1sbnM9Imh0dHA6Ly93d3cudzMub3JnLzIwMDAvc3ZnIiB4bWxuczp4bGluaz0iaHR0cDovL3d3dy53My5vcmcvMTk5OS94bGluayI+CiAgPGRlZnM+CiAgICA8bGluZWFyR3JhZGllbnQgaWQ9ImciPgogICAgICA8c3RvcCBzdG9wLWNvbG9yPSIjMEIxODIzIiBvZmZzZXQ9IjIwJSIgLz4KICAgICAgPHN0b3Agc3RvcC1jb2xvcj0iIzFBMjczMiIgb2Zmc2V0PSI1MCUiIC8+CiAgICAgIDxzdG9wIHN0b3AtY29sb3I9IiMwQjE4MjMiIG9mZnNldD0iNzAlIiAvPgogICAgPC9saW5lYXJHcmFkaWVudD4KICA8L2RlZnM+CiAgPHJlY3Qgd2lkdGg9IjcyMCIgaGVpZ2h0PSI0MDUiIGZpbGw9IiMwQjE4MjMiIC8+CiAgPHJlY3QgaWQ9InIiIHdpZHRoPSI3MjAiIGhlaWdodD0iNDA1IiBmaWxsPSJ1cmwoI2cpIiAvPgogIDxhbmltYXRlIHhsaW5rOmhyZWY9IiNyIiBhdHRyaWJ1dGVOYW1lPSJ4IiBmcm9tPSItNzIwIiB0bz0iNzIwIiBkdXI9IjFzIiByZXBlYXRDb3VudD0iaW5kZWZpbml0ZSIgIC8+Cjwvc3ZnPg==&quot;)\"   src=\"https:\/\/www.europesays.com\/fi\/wp-content\/uploads\/2025\/11\/1764481030_726_image\"\/><\/p>\n<p><strong class=\"typography-bold\">Hallituksen taloudenpidosta on vaikea n\u00e4hd\u00e4 todellisia vaikutuksia. Pakko ei ole kuin kuolla, mutta toivottavasti sit\u00e4 ei aivan viel\u00e4 tapahdu, sill\u00e4 siihenk\u00e4\u00e4n ei tunnu olevan rahaa, kirjoittaa MTV:n toimittaja Leo Kirjonen.<\/strong><\/p>\n<p>Pikkupoikana yritin luistaa ep\u00e4mieluisista askareista vastaamalla is\u00e4lle, ett\u00e4 pakko on vain kuolla.<\/p>\n<p>Vaikka lausahdusta tulikin k\u00e4ytetty\u00e4 vilpillisin keinoin, on kuolema v\u00e4\u00e4j\u00e4\u00e4m\u00e4tt\u00e4 meill\u00e4 jokaisella edess\u00e4.<\/p>\n<p>Kuten moni muukin Suomessa t\u00e4ll\u00e4 hetkell\u00e4, my\u00f6s kuolemisen kustannukset ovat kasvaneet. V\u00e4ltt\u00e4m\u00e4tt\u00f6mi\u00e4 kuluja Suomi.fi-oppaan <a class=\"underline\" data-testid=\"external-link\" href=\"https:\/\/www.suomi.fi\/oppaat\/laheisen-kuolema\/kuolemantapauksen-sattuessa\/hautajaiset\" rel=\"noopener noreferrer nofollow\" data-sentry-component=\"ExternalLink\" data-sentry-source-file=\"ExternalLink.tsx\" target=\"_blank\">mukaan<\/a> ovat arkku, vainajan kuljetukset sek\u00e4 hautapaikka. Lis\u00e4ksi kuluja voi koitua uurnasta, kukkalaitteista, muistokivest\u00e4, kuolinilmoituksesta sek\u00e4 muistotilaisuuden j\u00e4rjest\u00e4misest\u00e4.<\/p>\n<p>Joissain tapauksissa vainajalla voi olla oikeus ty\u00f6nantajan hautausavustukseen tai hautauskustannuksiin voi saada pakollisista tapaturma- tai liikennevakuutuksista<strong class=\"typography-bold\">. <\/strong>Vainajan l\u00e4heisill\u00e4 on mahdollisuus hakea avustusta my\u00f6s hyvinvointialueelta.<\/p>\n<p>Mik\u00e4li kuolinpes\u00e4st\u00e4 tai l\u00e4heisilt\u00e4 ei yksinkertaisesti euroja l\u00f6ydy, vastaa hautauskustannuksista yhteiskunta.<\/p>\n<p>Suomen Hautaustoimistojen liiton kunniapuheenjohtaja <strong class=\"typography-bold\">Kyllikki Forsius<\/strong> selvitti Viiden j\u00e4lkeen -ohjelman haastattelussa tavanomaisia kustannuksia, joita kuoleman ymp\u00e4rille rakentuu.<\/p>\n<p>Esimerkkilaskelmassa perinteisiss\u00e4 hautajaisissa arkun mukana kuopataan\u00a0helposti 6\u00a0000 euroa arkkuineen, tarjoiltavineen ja hautauskustannuksineen.<\/p>\n<p><strong class=\"typography-bold\">Leikkauksia perusteltiin tuloilla<\/strong><\/p>\n<p>Evankelis-luterilaisen kirkon rahoitusta v\u00e4hennettiin vuodesta 2025 alkaen 19,6 miljoonaa euroa ja ortodoksisen kirkon valtionavustusta 400\u00a0000 euroa.<\/p>\n<p>Valtioneuvoston sivuilla v\u00e4hennyksi\u00e4 perustellaan\u00a0tuloverotuksen muutosten ja sosiaaliturvarahastovaikutusten kanavoinnista johtuvalla kirkollisverotuottojen kasvulla.<\/p>\n<p>Kirkkohallitus vastusti leikkauksia. Kirkko ja Kaupunki &#8211;<a class=\"underline\" data-testid=\"external-link\" href=\"https:\/\/www.kirkkojakaupunki.fi\/-\/eduskunta-hyvaksyi-kirkon-saaman-rahoituksen-leikkaamisen-olemme-luonnollisesti-pettyneita-tilanteeseen-sanoo-kirkkoneuvos\" rel=\"noopener noreferrer nofollow\" target=\"_blank\" data-sentry-component=\"ExternalLink\" data-sentry-source-file=\"ExternalLink.tsx\">lehti kirjoitti<\/a> vuonna 2024, ett\u00e4 p\u00e4\u00e4t\u00f6s tulisi vaikuttamaan eniten hautaustoimeen, sill\u00e4 se on suurin kirkon lakis\u00e4\u00e4teisist\u00e4 teht\u00e4vist\u00e4.<\/p>\n<p>Valtionavun leikkaaminen onkin huomioitu ymp\u00e4ri Suomea.<\/p>\n<p>Hautaustoimen johtaja <strong class=\"typography-bold\">Sanna-Kaisa Rivasto<\/strong> Oulun seurakuntayhtym\u00e4st\u00e4 kertoo, ett\u00e4 maksuja on korotettu ja lis\u00e4\u00e4 on luvassa.<\/p>\n<p>\u2013\u00a0Koska valtionrahoitus on pienentynyt, on asiakasmaksuja jouduttu korottamaan. Korotuksilla on pyritty takaamaan se, ett\u00e4 maksutuotot kattaisivat 50 prosenttia hautaustoimen toimintakuluista, Rivasto kirjoittaa vastauksessaan.<\/p>\n<p>Valtioneuvoston ehdotuksessa leikkauksia perusteltiin nimenomaisesti kirkollisverotuottojen kasvulla. Rivaston mukaan laki kielt\u00e4\u00e4 verotuottojen k\u00e4yt\u00f6n hautauskustannusten kattamiseen.<\/p>\n<p>\u2013\u00a0Ihmiset eiv\u00e4t yleisesti tied\u00e4, ett\u00e4 verotuottoja ei saa k\u00e4ytt\u00e4\u00e4 hautaustoimen kustantamiseen. Ihmiset eiv\u00e4t my\u00f6sk\u00e4\u00e4n tied\u00e4 sit\u00e4, ett\u00e4 hautaukseen liittyvien hintojen tulee juuri t\u00e4st\u00e4 syyst\u00e4 olla yht\u00e4 suuria niin kirkkoon kuuluville kuin kirkkoon kuulumattomille.<\/p>\n<p>Valtionavustuksen perustelut leikkausten osalta vaikuttavat siis h\u00e4mment\u00e4vilt\u00e4.<\/p>\n<p>Hautaustoimen p\u00e4\u00e4llikk\u00f6 <strong class=\"typography-bold\">Jaana Nystr\u00f6m<\/strong> Mikkelin tuomiokirkkoseurakunnasta kertoo, ett\u00e4 ensi vuonna kustannukset nousevat.<\/p>\n<p>\u2013 Hautaustoimen asiakkailta peritt\u00e4vi\u00e4 hintoja on korotettava huomattavasti, Nystr\u00f6m kirjoittaa.<\/p>\n<p>Nystr\u00f6min mukaan seurakuntalaiset ovat kritisoineet tilannetta, mutta valtaosa on hyv\u00e4ksynyt hintojen korotukset valtion tekemien leikkausten vuoksi.<\/p>\n<p><strong class=\"typography-bold\">Pilkotut puut paloivat iloisesti takassa<\/strong><\/p>\n<p>Lapsena esitt\u00e4m\u00e4ni perustelu kotit\u00f6ist\u00e4 luistamiseen ei tietenk\u00e4\u00e4n mennyt l\u00e4pi. Yhteiseen pakolliseen toimeen oli osallistuttava.<\/p>\n<p>Puita oli pilkottava, jotta ne saatiin takkaan l\u00e4mp\u00f6\u00e4 tuomaan. Illalla oli mukava katsoa telkkaria is\u00e4n kainalossa, takkatulen loimutessa l\u00e4mpim\u00e4sti taustalla. Syy siihen, miksi puita oli pilkottava, valkeni n\u00e4in my\u00f6s pikkupojalle.<\/p>\n<p>Torstaina perustuslakivaliokunta antoi lausunnon toimeentulotukea koskevasta lakimuutoksesta, jossa tuen hakijan perusosaa voitaisiin <a class=\"underline\" data-testid=\"external-link\" href=\"https:\/\/www.mtvuutiset.fi\/artikkeli\/perustuslakivaliokunta-sallii-toimeentulotuen-jattileikkauksen-kyse-on-vakavista-ihmisoikeusloukkauksista\/9262070\" rel=\"noopener noreferrer nofollow\" data-sentry-component=\"ExternalLink\" data-sentry-source-file=\"ExternalLink.tsx\" target=\"_blank\">laskea puolella<\/a>.<\/p>\n<p>Terveyden ja hyvinvoinnin laitos on sanonut, ett\u00e4 hallituksen leikkaukset sosiaaliturvaan lis\u00e4\u00e4v\u00e4t pienituloisten m\u00e4\u00e4r\u00e4\u00e4 Suomessa <a class=\"underline\" data-testid=\"external-link\" href=\"https:\/\/www.mtvuutiset.fi\/videot\/video\/prog20995520\" rel=\"noopener noreferrer nofollow\" data-sentry-component=\"ExternalLink\" data-sentry-source-file=\"ExternalLink.tsx\" target=\"_blank\">arvioitua enemm\u00e4n<\/a>.<\/p>\n<p>Tilastokeskuksen <a class=\"underline\" data-testid=\"external-link\" href=\"https:\/\/stat.fi\/julkaisu\/cm49y0x3b1wpi07urvc30romg\" rel=\"noopener noreferrer nofollow\" data-sentry-component=\"ExternalLink\" data-sentry-source-file=\"ExternalLink.tsx\" target=\"_blank\">mukaan<\/a> pienituloisten m\u00e4\u00e4r\u00e4 on ollut vienossa kasvussa viime vuosina. Pienituloisiin asuntokuntiin kuului\u00a0736\u00a0800 henkil\u00f6\u00e4 vuonna 2023.<\/p>\n<p>Suomen 15\u201374-vuotiaiden ty\u00f6tt\u00f6myysasteen\u00a0trendi oli lokakuussa 10,3 prosenttia. Suomi joutui EU:n komission alij\u00e4\u00e4m\u00e4menettelyyn eli niin sanotulle tarkkailuluokalle.<\/p>\n<p>Eduskunnassa oli kuluneella viikolla l\u00e4hes t\u00e4ysi r\u00e4hin\u00e4 p\u00e4\u00e4ll\u00e4 valtion taloudenpidosta. Valtiovarainministeri <strong class=\"typography-bold\">Riikka Purra<\/strong> (ps.) arvosteli opposition vaihtoehtobudjetteja kovin sanoin.<\/p>\n<p>Syyllisi\u00e4 t\u00e4m\u00e4nhetkiseen Suomen heikkoon tilaan on spekuloitu niin <strong class=\"typography-bold\">Sanna Marinin<\/strong> hallituksen tekemist\u00e4 p\u00e4\u00e4t\u00f6ksist\u00e4 sek\u00e4 heikosta talouskasvusta.<\/p>\n<p>Julkisen velan odotetaan nousevan ensi vuonna yli 90 prosenttiin. Nyt velkasuhde on 88,1 prosenttia.<\/p>\n<p>Tehdyt sopeutukset ja s\u00e4\u00e4st\u00f6t eiv\u00e4t tunnu kohdistuvan oikeisiin paikkoihin. Toisin kuin is\u00e4n kanssa pilkotut puut, hallituksen tekemist\u00e4 toimista on vaikea n\u00e4hd\u00e4 niit\u00e4 todellisia vaikutuksia tai kunnollisia perusteluja.<\/p>\n<p>Pakko ei ole kuin kuolla, mutta toivottavasti sit\u00e4 ei aivan viel\u00e4 tapahdu, sill\u00e4 siihenk\u00e4\u00e4n ei tunnu olevan varaa.<\/p>\n","protected":false},"excerpt":{"rendered":"Pakko ei ole kuin kuolla, mutta siihen ei ole varaa | MTV UutisetHypp\u00e4\u00e4 p\u00e4\u00e4sis\u00e4lt\u00f6\u00f6nSis\u00e4ll\u00f6t Tomi EinonenVastaava p\u00e4\u00e4toimittaja Ilkka&hellip;\n","protected":false},"author":2,"featured_media":103702,"comment_status":"","ping_status":"","sticky":false,"template":"","format":"standard","meta":{"footnotes":""},"categories":[5],"tags":[22,23,26,27,33,31,30,17,24,25,28,29,15,18,21,32,19,20,16],"class_list":{"0":"post-103701","1":"post","2":"type-post","3":"status-publish","4":"format-standard","5":"has-post-thumbnail","7":"category-otsikot","8":"tag-breaking-news","9":"tag-breakingnews","10":"tag-featured-news","11":"tag-featurednews","12":"tag-fi","13":"tag-finland","14":"tag-finnish","15":"tag-headlines","16":"tag-latest-news","17":"tag-latestnews","18":"tag-main-news","19":"tag-mainnews","20":"tag-news","21":"tag-otsikot","22":"tag-paauutiset","23":"tag-suomi","24":"tag-top-stories","25":"tag-topstories","26":"tag-uutiset"},"share_on_mastodon":{"url":"https:\/\/pubeurope.com\/@fi\/115637036320710182","error":""},"_links":{"self":[{"href":"https:\/\/www.europesays.com\/fi\/wp-json\/wp\/v2\/posts\/103701","targetHints":{"allow":["GET"]}}],"collection":[{"href":"https:\/\/www.europesays.com\/fi\/wp-json\/wp\/v2\/posts"}],"about":[{"href":"https:\/\/www.europesays.com\/fi\/wp-json\/wp\/v2\/types\/post"}],"author":[{"embeddable":true,"href":"https:\/\/www.europesays.com\/fi\/wp-json\/wp\/v2\/users\/2"}],"replies":[{"embeddable":true,"href":"https:\/\/www.europesays.com\/fi\/wp-json\/wp\/v2\/comments?post=103701"}],"version-history":[{"count":0,"href":"https:\/\/www.europesays.com\/fi\/wp-json\/wp\/v2\/posts\/103701\/revisions"}],"wp:featuredmedia":[{"embeddable":true,"href":"https:\/\/www.europesays.com\/fi\/wp-json\/wp\/v2\/media\/103702"}],"wp:attachment":[{"href":"https:\/\/www.europesays.com\/fi\/wp-json\/wp\/v2\/media?parent=103701"}],"wp:term":[{"taxonomy":"category","embeddable":true,"href":"https:\/\/www.europesays.com\/fi\/wp-json\/wp\/v2\/categories?post=103701"},{"taxonomy":"post_tag","embeddable":true,"href":"https:\/\/www.europesays.com\/fi\/wp-json\/wp\/v2\/tags?post=103701"}],"curies":[{"name":"wp","href":"https:\/\/api.w.org\/{rel}","templated":true}]}}