{"id":103717,"date":"2025-11-30T06:02:08","date_gmt":"2025-11-30T06:02:08","guid":{"rendered":"https:\/\/www.europesays.com\/fi\/103717\/"},"modified":"2025-11-30T06:02:08","modified_gmt":"2025-11-30T06:02:08","slug":"rivitalo-tuhoutui-asuinkelvottomaksi-tulipalossa-polvijarvella","status":"publish","type":"post","link":"https:\/\/www.europesays.com\/fi\/103717\/","title":{"rendered":"Rivitalo tuhoutui asuinkelvottomaksi tulipalossa Polvij\u00e4rvell\u00e4"},"content":{"rendered":"<p>Pelastuslaitos sai h\u00e4lytyksen palosta lauantain ja sunnuntain v\u00e4lisen\u00e4 y\u00f6n\u00e4 klo 3.45.<\/p>\n<p class=\"article-body mb-nof-24 px-nof-16\">Rivitalo tuhoutui asuinkelvottomaksi y\u00f6ll\u00e4 sattuneessa tulipalossa Polvij\u00e4rvell\u00e4, tiedottaa Pohjois-Karjalan pelastuslaitos. Talossa oli 12 huoneistoa.<\/p>\n<p class=\"article-body mb-nof-24 px-nof-16\">Pelastuslaitos sai h\u00e4lytyksen tapahtuneesta kello 3.45. Palo oli levinnyt laajasti koko rakennukseen, kun pelastuslaitos saapui paikalle. Rakennus k\u00e4rsi kauttaaltaan merkitt\u00e4vi\u00e4 palo-, savu- ja sammutusvesivahinkoja.<\/p>\n<p class=\"article-body mb-nof-24 px-nof-16\">Palossa ei aiheutunut henkil\u00f6vahinkoja. Kaikki rakennuksen asukkaat tavoitettiin ja ensihoito tarkasti heid\u00e4t.<\/p>\n<p class=\"article-body mb-nof-24 px-nof-16\">Pelastuslaitos varmisti asunnot ja rajoitti palon levi\u00e4mist\u00e4. My\u00f6s viereiset rakennukset tarkistettiin, mutta palo ei ollut ehtinyt levit\u00e4 niihin.<\/p>\n<p class=\"article-body mb-nof-24 px-nof-16\">Palon sammuttaminen on siirtym\u00e4ss\u00e4 j\u00e4lkisammutusvaiheeseen. Sammutusty\u00f6t kest\u00e4v\u00e4t viel\u00e4 tunteja.<\/p>\n<p class=\"article-body mb-nof-24 px-nof-16\">Pelastuslaitos tutkii palon syttymissyyt\u00e4.<\/p>\n","protected":false},"excerpt":{"rendered":"Pelastuslaitos sai h\u00e4lytyksen palosta lauantain ja sunnuntain v\u00e4lisen\u00e4 y\u00f6n\u00e4 klo 3.45. Rivitalo tuhoutui asuinkelvottomaksi y\u00f6ll\u00e4 sattuneessa tulipalossa Polvij\u00e4rvell\u00e4,&hellip;\n","protected":false},"author":2,"featured_media":1024,"comment_status":"","ping_status":"","sticky":false,"template":"","format":"standard","meta":{"footnotes":""},"categories":[12],"tags":[22,23,26,27,33,31,30,17,34,24,25,28,29,15,18,21,32,19,20,16],"class_list":{"0":"post-103717","1":"post","2":"type-post","3":"status-publish","4":"format-standard","5":"has-post-thumbnail","7":"category-suomi","8":"tag-breaking-news","9":"tag-breakingnews","10":"tag-featured-news","11":"tag-featurednews","12":"tag-fi","13":"tag-finland","14":"tag-finnish","15":"tag-headlines","16":"tag-ilta-sanomat","17":"tag-latest-news","18":"tag-latestnews","19":"tag-main-news","20":"tag-mainnews","21":"tag-news","22":"tag-otsikot","23":"tag-paauutiset","24":"tag-suomi","25":"tag-top-stories","26":"tag-topstories","27":"tag-uutiset"},"share_on_mastodon":{"url":"https:\/\/pubeurope.com\/@fi\/115637134584233024","error":""},"_links":{"self":[{"href":"https:\/\/www.europesays.com\/fi\/wp-json\/wp\/v2\/posts\/103717","targetHints":{"allow":["GET"]}}],"collection":[{"href":"https:\/\/www.europesays.com\/fi\/wp-json\/wp\/v2\/posts"}],"about":[{"href":"https:\/\/www.europesays.com\/fi\/wp-json\/wp\/v2\/types\/post"}],"author":[{"embeddable":true,"href":"https:\/\/www.europesays.com\/fi\/wp-json\/wp\/v2\/users\/2"}],"replies":[{"embeddable":true,"href":"https:\/\/www.europesays.com\/fi\/wp-json\/wp\/v2\/comments?post=103717"}],"version-history":[{"count":0,"href":"https:\/\/www.europesays.com\/fi\/wp-json\/wp\/v2\/posts\/103717\/revisions"}],"wp:featuredmedia":[{"embeddable":true,"href":"https:\/\/www.europesays.com\/fi\/wp-json\/wp\/v2\/media\/1024"}],"wp:attachment":[{"href":"https:\/\/www.europesays.com\/fi\/wp-json\/wp\/v2\/media?parent=103717"}],"wp:term":[{"taxonomy":"category","embeddable":true,"href":"https:\/\/www.europesays.com\/fi\/wp-json\/wp\/v2\/categories?post=103717"},{"taxonomy":"post_tag","embeddable":true,"href":"https:\/\/www.europesays.com\/fi\/wp-json\/wp\/v2\/tags?post=103717"}],"curies":[{"name":"wp","href":"https:\/\/api.w.org\/{rel}","templated":true}]}}