{"id":103730,"date":"2025-11-30T06:28:08","date_gmt":"2025-11-30T06:28:08","guid":{"rendered":"https:\/\/www.europesays.com\/fi\/103730\/"},"modified":"2025-11-30T06:28:08","modified_gmt":"2025-11-30T06:28:08","slug":"tanaan-on-ensimmainen-adventti-tiedatko-mika-se-on","status":"publish","type":"post","link":"https:\/\/www.europesays.com\/fi\/103730\/","title":{"rendered":"T\u00e4n\u00e4\u00e4n on ensimm\u00e4inen adventti \u2013 tied\u00e4tk\u00f6, mik\u00e4 se on?"},"content":{"rendered":"<p><strong class=\"typography-bold\">Sunnuntaina vietet\u00e4\u00e4n ensimm\u00e4ist\u00e4 adventtia.<\/strong><\/p>\n<p>T\u00e4n\u00e4\u00e4n vietet\u00e4\u00e4n ensimm\u00e4ist\u00e4 adventtia, joka k\u00e4ynnist\u00e4\u00e4 adventtiajan ja uuden kirkkovuoden.<\/p>\n<p>Kirkoissa veisataan Hoosianna-hymni\u00e4, virsikirjan ensimm\u00e4ist\u00e4 virtt\u00e4. Hymnill\u00e4 on ik\u00e4\u00e4 runsaat 200 vuotta ja sen juuret ovat Suomen ja Ruotsin yhteisess\u00e4 historiassa. Suomen puolella Turun soitannollinen seura esitti sen tiett\u00e4v\u00e4sti ensimm\u00e4isen kerran vuonna 1807.<\/p>\n<p>Uudessa testamentissa esiintyv\u00e4 sana hoosianna on kreikkalainen muoto alun perin hepreankielisest\u00e4 sanasta, joka oli avunhuuto kuninkaalle tai Jumalalle. Hoosianna tarkoittaa sanoja auta ja pelasta.<\/p>\n","protected":false},"excerpt":{"rendered":"Sunnuntaina vietet\u00e4\u00e4n ensimm\u00e4ist\u00e4 adventtia. T\u00e4n\u00e4\u00e4n vietet\u00e4\u00e4n ensimm\u00e4ist\u00e4 adventtia, joka k\u00e4ynnist\u00e4\u00e4 adventtiajan ja uuden kirkkovuoden. Kirkoissa veisataan Hoosianna-hymni\u00e4, virsikirjan&hellip;\n","protected":false},"author":2,"featured_media":103731,"comment_status":"","ping_status":"","sticky":false,"template":"","format":"standard","meta":{"footnotes":""},"categories":[12],"tags":[22,23,26,27,33,31,30,17,24,25,28,29,15,18,21,32,19,20,16],"class_list":{"0":"post-103730","1":"post","2":"type-post","3":"status-publish","4":"format-standard","5":"has-post-thumbnail","7":"category-suomi","8":"tag-breaking-news","9":"tag-breakingnews","10":"tag-featured-news","11":"tag-featurednews","12":"tag-fi","13":"tag-finland","14":"tag-finnish","15":"tag-headlines","16":"tag-latest-news","17":"tag-latestnews","18":"tag-main-news","19":"tag-mainnews","20":"tag-news","21":"tag-otsikot","22":"tag-paauutiset","23":"tag-suomi","24":"tag-top-stories","25":"tag-topstories","26":"tag-uutiset"},"share_on_mastodon":{"url":"https:\/\/pubeurope.com\/@fi\/115637236744786762","error":""},"_links":{"self":[{"href":"https:\/\/www.europesays.com\/fi\/wp-json\/wp\/v2\/posts\/103730","targetHints":{"allow":["GET"]}}],"collection":[{"href":"https:\/\/www.europesays.com\/fi\/wp-json\/wp\/v2\/posts"}],"about":[{"href":"https:\/\/www.europesays.com\/fi\/wp-json\/wp\/v2\/types\/post"}],"author":[{"embeddable":true,"href":"https:\/\/www.europesays.com\/fi\/wp-json\/wp\/v2\/users\/2"}],"replies":[{"embeddable":true,"href":"https:\/\/www.europesays.com\/fi\/wp-json\/wp\/v2\/comments?post=103730"}],"version-history":[{"count":0,"href":"https:\/\/www.europesays.com\/fi\/wp-json\/wp\/v2\/posts\/103730\/revisions"}],"wp:featuredmedia":[{"embeddable":true,"href":"https:\/\/www.europesays.com\/fi\/wp-json\/wp\/v2\/media\/103731"}],"wp:attachment":[{"href":"https:\/\/www.europesays.com\/fi\/wp-json\/wp\/v2\/media?parent=103730"}],"wp:term":[{"taxonomy":"category","embeddable":true,"href":"https:\/\/www.europesays.com\/fi\/wp-json\/wp\/v2\/categories?post=103730"},{"taxonomy":"post_tag","embeddable":true,"href":"https:\/\/www.europesays.com\/fi\/wp-json\/wp\/v2\/tags?post=103730"}],"curies":[{"name":"wp","href":"https:\/\/api.w.org\/{rel}","templated":true}]}}