{"id":103738,"date":"2025-11-30T06:49:08","date_gmt":"2025-11-30T06:49:08","guid":{"rendered":"https:\/\/www.europesays.com\/fi\/103738\/"},"modified":"2025-11-30T06:49:08","modified_gmt":"2025-11-30T06:49:08","slug":"ville-virtasen-ja-eija-vilpaksen-poika-daniel-33-loistaa-kotimaisessa-uutuussarjassa-ilta-sanomat","status":"publish","type":"post","link":"https:\/\/www.europesays.com\/fi\/103738\/","title":{"rendered":"Ville Virtasen ja Eija Vilpaksen poika Daniel, 33, loistaa kotimaisessa uutuussarjassa &#8211; Ilta-Sanomat"},"content":{"rendered":"<ol>\n<li><a href=\"https:\/\/news.google.com\/rss\/articles\/CBMiZkFVX3lxTE93WWhlWkJ3Nk5yQmMyQm1ZZDhMTVJfMERvY2RrbE5HODJKcll5SWphMUJCc1ZDckFiZFRmOUZWWDNzVDVkSzFrSUZUOS1MWE0xSUxZVHBNSXpUVTBwdkF6WUVfTzF3QQ?oc=5\" target=\"_blank\" rel=\"nofollow noopener\">Ville Virtasen ja Eija Vilpaksen poika Daniel, 33, loistaa kotimaisessa uutuussarjassa<\/a>&nbsp;&nbsp;Ilta-Sanomat<\/li>\n<li><a href=\"https:\/\/news.google.com\/rss\/articles\/CBMi3AFBVV95cUxPaURoY083VHY2eEY0RzBwNE55VjR4MWFBbl84U3hqTnkwMm5XT2ZYb3IyUVZ0cmFsTDNVRTR1SmNRR19IQXdmSDl5OXhhMGdMSDdESEVEdDg4SHNVTHkyMUliOU1BdmUwSnR0dFpFWVgyUjhYdzdmRmRmSjdqY1pYR05UT2F5WmVGNF90cXRBZlA0SHVYQ1hpYlNjbnRraVRzSlo3b3UtVHROQVVEMDQxOUhqUmNiYVhVY0RrOWtsTUQxRUdfMHRUQXlrRzlnYjAwZFNhUVB0aTdUbFRp?oc=5\" target=\"_blank\" rel=\"nofollow noopener\">Kotimainen uutuussarja alkaa: L\u00e4hi\u00f6st\u00e4 ponnistava Riku haluaa tehd\u00e4 t\u00e4ydellisen rikoksen \u2013 ihastuminen sotkee suunnitelman<\/a>&nbsp;&nbsp;Voice.fi<\/li>\n<li><a href=\"https:\/\/news.google.com\/rss\/articles\/CBMisAFBVV95cUxNcWtQd1FKWmtscVg3VmJObV84eDdUNi01RWZiY1JGLWpLeThUTnJoR0VFVkhkR3c5UlBjNFNRZGZnNFV3ci0weXJBYlQzWjExSFNYS0dzRHlxaFc2eFlRT2t2Wl96WE9fbm1lVldVOHJaTkExVjUxWm9MekRsc3ZKSkl6QnNzVGYyaFNOeTFzSnVLMS1uN2NabndUNXMzSVR6SnY3c3FKUElITjRLLTBhRg?oc=5\" target=\"_blank\" rel=\"nofollow noopener\">Uusi kotimainen rikossarja alkaa t\u00e4n\u00e4\u00e4n \u2013 Sarjan oikeudet myyty jo Yhdysvaltoihin<\/a>&nbsp;&nbsp;Episodi.fi<\/li>\n<li><a href=\"https:\/\/news.google.com\/rss\/articles\/CBMiR0FVX3lxTFBPQ0pJamVfVG13SUt4d2FGTHpoY3hfeWVheEkyYmFMYnNBbEExU1ByLVVxUm5aLVVFLTJZX0xsZmhDb2FwN3M0?oc=5\" target=\"_blank\" rel=\"nofollow noopener\">Petos-sarjassa pikkurikollisten porukka korottaa panoksiaan \u2013 arvotavaravarkaus laajenee kidnappaussuunnitelmaksi<\/a>&nbsp;&nbsp;Seura.fi<\/li>\n<\/ol>\n","protected":false},"excerpt":{"rendered":"Ville Virtasen ja Eija Vilpaksen poika Daniel, 33, loistaa kotimaisessa uutuussarjassa&nbsp;&nbsp;Ilta-Sanomat Kotimainen uutuussarja alkaa: L\u00e4hi\u00f6st\u00e4 ponnistava Riku haluaa&hellip;\n","protected":false},"author":2,"featured_media":103739,"comment_status":"","ping_status":"","sticky":false,"template":"","format":"standard","meta":{"footnotes":""},"categories":[130],"tags":[137,33,31,30,34,32,109],"class_list":{"0":"post-103738","1":"post","2":"type-post","3":"status-publish","4":"format-standard","5":"has-post-thumbnail","7":"category-viihde","8":"tag-entertainment","9":"tag-fi","10":"tag-finland","11":"tag-finnish","12":"tag-ilta-sanomat","13":"tag-suomi","14":"tag-viihde"},"share_on_mastodon":{"url":"https:\/\/pubeurope.com\/@fi\/115637319338616475","error":""},"_links":{"self":[{"href":"https:\/\/www.europesays.com\/fi\/wp-json\/wp\/v2\/posts\/103738","targetHints":{"allow":["GET"]}}],"collection":[{"href":"https:\/\/www.europesays.com\/fi\/wp-json\/wp\/v2\/posts"}],"about":[{"href":"https:\/\/www.europesays.com\/fi\/wp-json\/wp\/v2\/types\/post"}],"author":[{"embeddable":true,"href":"https:\/\/www.europesays.com\/fi\/wp-json\/wp\/v2\/users\/2"}],"replies":[{"embeddable":true,"href":"https:\/\/www.europesays.com\/fi\/wp-json\/wp\/v2\/comments?post=103738"}],"version-history":[{"count":0,"href":"https:\/\/www.europesays.com\/fi\/wp-json\/wp\/v2\/posts\/103738\/revisions"}],"wp:featuredmedia":[{"embeddable":true,"href":"https:\/\/www.europesays.com\/fi\/wp-json\/wp\/v2\/media\/103739"}],"wp:attachment":[{"href":"https:\/\/www.europesays.com\/fi\/wp-json\/wp\/v2\/media?parent=103738"}],"wp:term":[{"taxonomy":"category","embeddable":true,"href":"https:\/\/www.europesays.com\/fi\/wp-json\/wp\/v2\/categories?post=103738"},{"taxonomy":"post_tag","embeddable":true,"href":"https:\/\/www.europesays.com\/fi\/wp-json\/wp\/v2\/tags?post=103738"}],"curies":[{"name":"wp","href":"https:\/\/api.w.org\/{rel}","templated":true}]}}