{"id":103744,"date":"2025-11-30T06:54:09","date_gmt":"2025-11-30T06:54:09","guid":{"rendered":"https:\/\/www.europesays.com\/fi\/103744\/"},"modified":"2025-11-30T06:54:09","modified_gmt":"2025-11-30T06:54:09","slug":"vuosaareen-suunnitellaan-jattihanketta-joka-voi-vahentaa-hiilidioksidipaastoja-olemme-innostuneita-paikalliset","status":"publish","type":"post","link":"https:\/\/www.europesays.com\/fi\/103744\/","title":{"rendered":"Vuosaareen suunnitellaan j\u00e4ttihanketta, joka voi v\u00e4hent\u00e4\u00e4 hiilidioksidip\u00e4\u00e4st\u00f6j\u00e4: &#8221;Olemme innostuneita&#8221; | Paikalliset"},"content":{"rendered":"<p>Vuosaaren satamaan suunnitellaan rakennettavaksi teollisen mittakaavan hiilidioksiditerminaali.<\/p>\n<p>Terminaali ja siihen liittyv\u00e4 nesteytyslaitoksen rakentaminen on osa Vantaan Energian mittavaa hankketta, jossa Suomeen luodaan aivan uusi hiilidioksidin talteenotton, hy\u00f6tyk\u00e4yt\u00f6n ja varastoinnin infrastruktuuria ja arvoketju.<\/p>\n<p>Hiilidioksidin nesteytyksen, v\u00e4livarastoinnin ja laivauksen on sovittu tapahtuvan Vuosaaren satamassa, Helsingin Satama kertoo tiedotteessaan.<\/p>\n<p><strong class=\"diks-storyline__impact\">Hiilidioksidi <\/strong>on tarkoitus ker\u00e4t\u00e4 talteen Vantaan Energian j\u00e4tevoimalalta, joka sijaitsee vain kuuden kilometrin p\u00e4\u00e4ss\u00e4 Vuosaaren satamasta.<\/p>\n<p>Satamassa hiilidioksidi nesteytet\u00e4\u00e4n ja lastataan kovia paineita ja matalia l\u00e4mp\u00f6tiloja kest\u00e4v\u00e4\u00e4n laivaan.<\/p>\n<p>Hiilidioksidi kuljetetaan esimerkiksi Pohjanmerelle, miss\u00e4 se varastoidaan pysyv\u00e4sti geologisiin muodostelmiin.<\/p>\n<p><strong class=\"diks-storyline__impact\">Tiedotteen <\/strong>mukaan koko prosessi suunnitellaan turvalliseksi tiiviiss\u00e4 yhteisty\u00f6ss\u00e4 useiden eri viranomaisten ja kumppaneiden kanssa.<\/p>\n<p>Hankkeen toteutuminen edellytt\u00e4\u00e4 laajaa tukirahoitusta niin valtion kuin EU:n tasolta.<\/p>\n<p>\u2013\u2009Nesteytyslaitosta kaavaillaan viime vuonna hankkimallemme uudelle logistiikka-alueelle, ja laivauksen hoitaminen vaatii uudistuksia my\u00f6s laiturialueelle, kertoo Helsingin Sataman rahtiliiketoimintajohtaja Vesa Marttinen tiedotteessa.<\/p>\n<p>\u2013\u2009Hiilidioksidin pysyv\u00e4 varastointi on keino v\u00e4hent\u00e4\u00e4 kasvihuonep\u00e4\u00e4st\u00f6j\u00e4, ja olemme innostuneita siit\u00e4, ett\u00e4 Vuosaaren satamalla on potentiaalia muodostua logistiikan solmukohdaksi, Vuosaari Carbon Hubiksi, joka palvelee tulevaisuudessa suomalaisia hiilidioksidin talteenoton toimijoita laajemminkin, Marttinen jatkaa.<\/p>\n<p><strong class=\"diks-storyline__impact\">Hiilidioksidin<\/strong> talteenotto- ja varastointihanke on yksi Vantaan Energian merkitt\u00e4vimmist\u00e4 strategisista investoinneista l\u00e4hivuosina.<\/p>\n<p>Energiayhti\u00f6 luo uudella investoinnillaan myyt\u00e4v\u00e4ksi hiilenpoistoyksik\u00f6it\u00e4, joilla yritykset, organisaatiot ja kaupungit voivat kompensoida toimintansa hiilidioksidip\u00e4\u00e4st\u00f6j\u00e4, joita ei ole mahdollista v\u00e4ltt\u00e4\u00e4 omilla p\u00e4\u00e4st\u00f6v\u00e4hennystoimilla.<\/p>\n<p>\u2013\u2009Vantaan Energialle hanke mahdollistaa fossiilisten p\u00e4\u00e4st\u00f6leikkausten lis\u00e4ksi bioper\u00e4isen hiilidioksidin varastoinnin my\u00f6t\u00e4 syntyv\u00e4t p\u00e4\u00e4st\u00f6v\u00e4hennysyksik\u00f6t, jotka tuovat uudenlaista liiketoimintaa, kertoo tiedotteessa liiketoimintajohtaja <strong>Kalle Patomeri <\/strong>Vantaan Energia Oy:st\u00e4.<\/p>\n<p><strong class=\"diks-storyline__impact\">Hankkeen<\/strong> esisuunnittelu on tarkoitus saada valmiiksi vuoden 2026 alussa.<\/p>\n<p>Sen j\u00e4lkeen siirryt\u00e4\u00e4n perussuunnitteluun, jonka pohjalta tehd\u00e4\u00e4n investointip\u00e4\u00e4t\u00f6s.<\/p>\n<p>T\u00e4m\u00e4nhetkisen aikataulusuunnitelman mukaan k\u00e4ytt\u00f6\u00f6notto voisi toteutua aikaisintaan vuonna 2030.<\/p>\n","protected":false},"excerpt":{"rendered":"Vuosaaren satamaan suunnitellaan rakennettavaksi teollisen mittakaavan hiilidioksiditerminaali. Terminaali ja siihen liittyv\u00e4 nesteytyslaitoksen rakentaminen on osa Vantaan Energian mittavaa&hellip;\n","protected":false},"author":2,"featured_media":103745,"comment_status":"","ping_status":"","sticky":false,"template":"","format":"standard","meta":{"footnotes":""},"categories":[12],"tags":[22,23,26,27,33,31,30,17,405,104,3880,24,25,961,28,29,15,18,21,402,32,19,20,16,3609,709],"class_list":{"0":"post-103744","1":"post","2":"type-post","3":"status-publish","4":"format-standard","5":"has-post-thumbnail","7":"category-suomi","8":"tag-breaking-news","9":"tag-breakingnews","10":"tag-featured-news","11":"tag-featurednews","12":"tag-fi","13":"tag-finland","14":"tag-finnish","15":"tag-headlines","16":"tag-helsingin-seutukunta","17":"tag-helsinki","18":"tag-julkinen-infrastruktuuri","19":"tag-latest-news","20":"tag-latestnews","21":"tag-luonnonsuojelu","22":"tag-main-news","23":"tag-mainnews","24":"tag-news","25":"tag-otsikot","26":"tag-paauutiset","27":"tag-rakentaminen-kiinteistot","28":"tag-suomi","29":"tag-top-stories","30":"tag-topstories","31":"tag-uutiset","32":"tag-vuosaari","33":"tag-ymparistoasiat"},"share_on_mastodon":{"url":"https:\/\/pubeurope.com\/@fi\/115637338977182404","error":""},"_links":{"self":[{"href":"https:\/\/www.europesays.com\/fi\/wp-json\/wp\/v2\/posts\/103744","targetHints":{"allow":["GET"]}}],"collection":[{"href":"https:\/\/www.europesays.com\/fi\/wp-json\/wp\/v2\/posts"}],"about":[{"href":"https:\/\/www.europesays.com\/fi\/wp-json\/wp\/v2\/types\/post"}],"author":[{"embeddable":true,"href":"https:\/\/www.europesays.com\/fi\/wp-json\/wp\/v2\/users\/2"}],"replies":[{"embeddable":true,"href":"https:\/\/www.europesays.com\/fi\/wp-json\/wp\/v2\/comments?post=103744"}],"version-history":[{"count":0,"href":"https:\/\/www.europesays.com\/fi\/wp-json\/wp\/v2\/posts\/103744\/revisions"}],"wp:featuredmedia":[{"embeddable":true,"href":"https:\/\/www.europesays.com\/fi\/wp-json\/wp\/v2\/media\/103745"}],"wp:attachment":[{"href":"https:\/\/www.europesays.com\/fi\/wp-json\/wp\/v2\/media?parent=103744"}],"wp:term":[{"taxonomy":"category","embeddable":true,"href":"https:\/\/www.europesays.com\/fi\/wp-json\/wp\/v2\/categories?post=103744"},{"taxonomy":"post_tag","embeddable":true,"href":"https:\/\/www.europesays.com\/fi\/wp-json\/wp\/v2\/tags?post=103744"}],"curies":[{"name":"wp","href":"https:\/\/api.w.org\/{rel}","templated":true}]}}