{"id":103760,"date":"2025-11-30T07:20:07","date_gmt":"2025-11-30T07:20:07","guid":{"rendered":"https:\/\/www.europesays.com\/fi\/103760\/"},"modified":"2025-11-30T07:20:07","modified_gmt":"2025-11-30T07:20:07","slug":"kaliforniassa-ampuminen-perhejuhlassa-4-kuollut-uhrien-joukossa-lapsia-uutisia-lyhyesti","status":"publish","type":"post","link":"https:\/\/www.europesays.com\/fi\/103760\/","title":{"rendered":"Kaliforniassa ampuminen perhejuhlassa \u2013 4 kuollut, uhrien joukossa lapsia | Uutisia lyhyesti"},"content":{"rendered":"<p class=\"aw-1gybjub aw-1p7kakr kEtdKx cEmitX yle__article__paragraph\">Yhdysvalloissa Kaliforniassa nelj\u00e4 ihmist\u00e4 on kuollut ja kymmenen haavoittui ampumisessa perhejuhlassa. Viranomaisten mukaan uhrien joukossa on my\u00f6s lapsia.<\/p>\n<p class=\"aw-1gybjub aw-1p7kakr kEtdKx cEmitX yle__article__paragraph\">Ampuminen tapahtui Stocktonin kaupungissa lauantai-iltana paikallista aikaa.<\/p>\n<p class=\"aw-1gybjub aw-1p7kakr kEtdKx cEmitX yle__article__paragraph\">Stocktonin kaupungin varapormestari <strong class=\"aw-ak79eh KyCXm yle__article__strong\">Jason Lee<\/strong> sanoo <a class=\"aw-iao6s4 iHOxEa yle__article__link\" href=\"https:\/\/www.facebook.com\/iamjasonlee\/posts\/pfbid02vA24y7J6venC1Yr2PMBuBMjLrNSj1AgDRC5bwGZo57vQZX3TNTt8gwrTumcwweqsl\" role=\"link\" rel=\"nofollow noopener\" target=\"_blank\">Facebook-p\u00e4ivityksess\u00e4<\/a>, ett\u00e4 ampuminen tapahtui lapsen syntym\u00e4p\u00e4iv\u00e4juhlissa juhlasalissa.<\/p>\n<p class=\"aw-1gybjub aw-1p7kakr kEtdKx cEmitX yle__article__paragraph\">Haavoittuneet ovat sairaalahoidossa.<\/p>\n<p class=\"aw-1gybjub aw-1p7kakr kEtdKx cEmitX yle__article__paragraph\">Poliisi ei toistaiseksi tied\u00e4 ampujan henkil\u00f6llisyytt\u00e4 eik\u00e4 motiivia. San Joaquinin piirikunnan sheriffintoimiston tiedottaja sanoo, ett\u00e4 alustavien tietojen perusteella ampuminen vaikuttaa suunnitellulta.<\/p>\n<p class=\"aw-1gybjub aw-1p7kakr kEtdKx cEmitX yle__article__paragraph\">Uutinen p\u00e4ivittyy.<\/p>\n","protected":false},"excerpt":{"rendered":"Yhdysvalloissa Kaliforniassa nelj\u00e4 ihmist\u00e4 on kuollut ja kymmenen haavoittui ampumisessa perhejuhlassa. Viranomaisten mukaan uhrien joukossa on my\u00f6s lapsia.&hellip;\n","protected":false},"author":2,"featured_media":74,"comment_status":"","ping_status":"","sticky":false,"template":"","format":"standard","meta":{"footnotes":""},"categories":[12],"tags":[22,23,26,27,33,31,30,17,24,25,28,29,15,18,21,32,19,20,56,16,619],"class_list":{"0":"post-103760","1":"post","2":"type-post","3":"status-publish","4":"format-standard","5":"has-post-thumbnail","7":"category-suomi","8":"tag-breaking-news","9":"tag-breakingnews","10":"tag-featured-news","11":"tag-featurednews","12":"tag-fi","13":"tag-finland","14":"tag-finnish","15":"tag-headlines","16":"tag-latest-news","17":"tag-latestnews","18":"tag-main-news","19":"tag-mainnews","20":"tag-news","21":"tag-otsikot","22":"tag-paauutiset","23":"tag-suomi","24":"tag-top-stories","25":"tag-topstories","26":"tag-ulkomaat","27":"tag-uutiset","28":"tag-yhdysvallat"},"share_on_mastodon":{"url":"https:\/\/pubeurope.com\/@fi\/115637441289426159","error":""},"_links":{"self":[{"href":"https:\/\/www.europesays.com\/fi\/wp-json\/wp\/v2\/posts\/103760","targetHints":{"allow":["GET"]}}],"collection":[{"href":"https:\/\/www.europesays.com\/fi\/wp-json\/wp\/v2\/posts"}],"about":[{"href":"https:\/\/www.europesays.com\/fi\/wp-json\/wp\/v2\/types\/post"}],"author":[{"embeddable":true,"href":"https:\/\/www.europesays.com\/fi\/wp-json\/wp\/v2\/users\/2"}],"replies":[{"embeddable":true,"href":"https:\/\/www.europesays.com\/fi\/wp-json\/wp\/v2\/comments?post=103760"}],"version-history":[{"count":0,"href":"https:\/\/www.europesays.com\/fi\/wp-json\/wp\/v2\/posts\/103760\/revisions"}],"wp:featuredmedia":[{"embeddable":true,"href":"https:\/\/www.europesays.com\/fi\/wp-json\/wp\/v2\/media\/74"}],"wp:attachment":[{"href":"https:\/\/www.europesays.com\/fi\/wp-json\/wp\/v2\/media?parent=103760"}],"wp:term":[{"taxonomy":"category","embeddable":true,"href":"https:\/\/www.europesays.com\/fi\/wp-json\/wp\/v2\/categories?post=103760"},{"taxonomy":"post_tag","embeddable":true,"href":"https:\/\/www.europesays.com\/fi\/wp-json\/wp\/v2\/tags?post=103760"}],"curies":[{"name":"wp","href":"https:\/\/api.w.org\/{rel}","templated":true}]}}