{"id":103761,"date":"2025-11-30T07:21:07","date_gmt":"2025-11-30T07:21:07","guid":{"rendered":"https:\/\/www.europesays.com\/fi\/103761\/"},"modified":"2025-11-30T07:21:07","modified_gmt":"2025-11-30T07:21:07","slug":"kylmaava-ennuste-rukan-loppuhuipennukseen-krista-parmakoski-kypara-paahan-mtvuutiset-fi","status":"publish","type":"post","link":"https:\/\/www.europesays.com\/fi\/103761\/","title":{"rendered":"Kylm\u00e4\u00e4v\u00e4 ennuste Rukan loppuhuipennukseen \u2013 Krista P\u00e4rm\u00e4koski: &quot;Kyp\u00e4r\u00e4 p\u00e4\u00e4h\u00e4n&quot; &#8211; mtvuutiset.fi"},"content":{"rendered":"<ol>\n<li><a href=\"https:\/\/news.google.com\/rss\/articles\/CBMiuAFBVV95cUxOTEgtQU1pclJaMUhpdWpMWEhabl9WcXJSRkVPQ3l5dGlnaWRVYlh4bE1SSkR5M25jLWRHOE5nb0NJeE9FcURRNVRUSTJxOE1jb0lvU0ZNQU13T2lucUN0MjBPSTRRYTdWOXAzdndrQ3RGcF9IVUU1UHdPcF9BRF9pS1pCWW5TU1NDWU85RzNGbEI5T0ZraUJFdFU0LXkxM2JDdWYya0dLcmFiMWJQaEZVbWxvc1IwRERj?oc=5\" target=\"_blank\" rel=\"nofollow noopener\">Kylm\u00e4\u00e4v\u00e4 ennuste Rukan loppuhuipennukseen \u2013 Krista P\u00e4rm\u00e4koski: &#8221;Kyp\u00e4r\u00e4 p\u00e4\u00e4h\u00e4n&#8221;<\/a>&nbsp;&nbsp;mtvuutiset.fi<\/li>\n<li><a href=\"https:\/\/news.google.com\/rss\/articles\/CBMiQkFVX3lxTE8zVzBCM1Z0WXFxLU1TdHpacmxZWVZZbVZsN2NuNEFUMURfS0FVNURSQnlVX2E2UkJ0YlRoVlMxekFrdw?oc=5\" target=\"_blank\" rel=\"nofollow noopener\">Hiihdon maailmancup k\u00e4ynnistyi \u2013 Rukalla enn\u00e4tysm\u00e4\u00e4r\u00e4 joukkueita<\/a>&nbsp;&nbsp;Yle<\/li>\n<li><a href=\"https:\/\/news.google.com\/rss\/articles\/CBMiSkFVX3lxTE1ieDFPQUpUN2VHSEZ1Q2NnVDNKZFJ6QmtMZ0xORUJ3Z3JhcDBkMjBab0ViZ1k5YTZidXgxcTA0R0FrazdqQi1CRXJn?oc=5\" target=\"_blank\" rel=\"nofollow noopener\">Rukan hiihdot p\u00e4\u00e4ttyv\u00e4t vapaan hiihtotavan yhteisl\u00e4ht\u00f6ihin \u2013 &#8221;Kyp\u00e4r\u00e4 p\u00e4\u00e4h\u00e4n&#8221;, Krista P\u00e4rm\u00e4koski naureskeli j\u00e4isen hiihtouran vauhdeille<\/a>&nbsp;&nbsp;Etel\u00e4-Suomen Sanomat<\/li>\n<li><a href=\"https:\/\/news.google.com\/rss\/articles\/CBMihAFBVV95cUxOTTd1RTBsWGpxZHhLMEhxaDhLLXhXTGRmX1hJazlZcW9LM1RyTWdNX0pmMV85SkVXZ0FmSHVtcnUzc1lCSDhXVGZUMEtiMHgzS0cyaGROTUV3MGFZM011b1BQME9oVXZlemJGejFBWmNmcGJEcjRtaUlxc1FnVGw0eTFjc20?oc=5\" target=\"_blank\" rel=\"nofollow noopener\">Diggins vai Sundling? Naisten kahdenkympin massal\u00e4hd\u00f6st\u00e4 Rukalla odotetaan kirinaisten taistoa<\/a>&nbsp;&nbsp;Etusuora.com<\/li>\n<li><a href=\"https:\/\/news.google.com\/rss\/articles\/CBMiZkFVX3lxTE0za2plX0VpOGhwNXBlN0N3NkliWVRRTzRKbnRrZU1IcTlDbjRyNG16eUxFZUtrQmFRb3hzcVRoWkJ4WmdZc25IYzVRckNNQS16clk0Wk05MjFKb3FibTI5d0hoTXg0Zw?oc=5\" target=\"_blank\" rel=\"nofollow noopener\">T\u00e4ss\u00e4 on Rukan maailmancupin ohjelma<\/a>&nbsp;&nbsp;Aamulehti<\/li>\n<\/ol>\n","protected":false},"excerpt":{"rendered":"Kylm\u00e4\u00e4v\u00e4 ennuste Rukan loppuhuipennukseen \u2013 Krista P\u00e4rm\u00e4koski: &#8221;Kyp\u00e4r\u00e4 p\u00e4\u00e4h\u00e4n&#8221;&nbsp;&nbsp;mtvuutiset.fi Hiihdon maailmancup k\u00e4ynnistyi \u2013 Rukalla enn\u00e4tysm\u00e4\u00e4r\u00e4 joukkueita&nbsp;&nbsp;Yle Rukan hiihdot&hellip;\n","protected":false},"author":2,"featured_media":103762,"comment_status":"","ping_status":"","sticky":false,"template":"","format":"standard","meta":{"footnotes":""},"categories":[5],"tags":[22,23,26,27,33,31,30,17,24,25,28,29,15,18,21,32,19,20,16],"class_list":{"0":"post-103761","1":"post","2":"type-post","3":"status-publish","4":"format-standard","5":"has-post-thumbnail","7":"category-otsikot","8":"tag-breaking-news","9":"tag-breakingnews","10":"tag-featured-news","11":"tag-featurednews","12":"tag-fi","13":"tag-finland","14":"tag-finnish","15":"tag-headlines","16":"tag-latest-news","17":"tag-latestnews","18":"tag-main-news","19":"tag-mainnews","20":"tag-news","21":"tag-otsikot","22":"tag-paauutiset","23":"tag-suomi","24":"tag-top-stories","25":"tag-topstories","26":"tag-uutiset"},"share_on_mastodon":{"url":"https:\/\/pubeurope.com\/@fi\/115637445145210642","error":""},"_links":{"self":[{"href":"https:\/\/www.europesays.com\/fi\/wp-json\/wp\/v2\/posts\/103761","targetHints":{"allow":["GET"]}}],"collection":[{"href":"https:\/\/www.europesays.com\/fi\/wp-json\/wp\/v2\/posts"}],"about":[{"href":"https:\/\/www.europesays.com\/fi\/wp-json\/wp\/v2\/types\/post"}],"author":[{"embeddable":true,"href":"https:\/\/www.europesays.com\/fi\/wp-json\/wp\/v2\/users\/2"}],"replies":[{"embeddable":true,"href":"https:\/\/www.europesays.com\/fi\/wp-json\/wp\/v2\/comments?post=103761"}],"version-history":[{"count":0,"href":"https:\/\/www.europesays.com\/fi\/wp-json\/wp\/v2\/posts\/103761\/revisions"}],"wp:featuredmedia":[{"embeddable":true,"href":"https:\/\/www.europesays.com\/fi\/wp-json\/wp\/v2\/media\/103762"}],"wp:attachment":[{"href":"https:\/\/www.europesays.com\/fi\/wp-json\/wp\/v2\/media?parent=103761"}],"wp:term":[{"taxonomy":"category","embeddable":true,"href":"https:\/\/www.europesays.com\/fi\/wp-json\/wp\/v2\/categories?post=103761"},{"taxonomy":"post_tag","embeddable":true,"href":"https:\/\/www.europesays.com\/fi\/wp-json\/wp\/v2\/tags?post=103761"}],"curies":[{"name":"wp","href":"https:\/\/api.w.org\/{rel}","templated":true}]}}