{"id":103765,"date":"2025-11-30T07:40:09","date_gmt":"2025-11-30T07:40:09","guid":{"rendered":"https:\/\/www.europesays.com\/fi\/103765\/"},"modified":"2025-11-30T07:40:09","modified_gmt":"2025-11-30T07:40:09","slug":"ott-tanakilta-tunteikas-puheenvuoro-rallit-fi","status":"publish","type":"post","link":"https:\/\/www.europesays.com\/fi\/103765\/","title":{"rendered":"Ott T\u00e4nakilta tunteikas puheenvuoro &#8211; Rallit.fi"},"content":{"rendered":"<ol>\n<li><a href=\"https:\/\/news.google.com\/rss\/articles\/CBMiakFVX3lxTE1DZzVXeVRqY2xIT2dLbEpST1BvSDlnVkNqRjZTYVJWZzhfY1EtTkJXMW5HVmx4TGRnTGd5Q0JLYWFFaTlyRU1kRGJ5azZmVlc2Tko2cXk3ZkZpYWZVeVhUVjJBRklGamNSalE?oc=5\" target=\"_blank\" rel=\"nofollow noopener\">Ott T\u00e4nakilta tunteikas puheenvuoro<\/a>&nbsp;&nbsp;Rallit.fi<\/li>\n<li><a href=\"https:\/\/news.google.com\/rss\/articles\/CBMiQkFVX3lxTE5xUTFKWngtWG9RM0c4c3JybWxTTjdGVW5iS0E5amRCcFdPTUNXQXc1VG9xdmV5Vm84VGpRZkdvdGQ2Zw?oc=5\" target=\"_blank\" rel=\"nofollow noopener\">Esapekka Lappi palaamassa MM-ralleihin, vaimokin heltyi: \u201dLienenk\u00f6 ollut liikaa kotona\u201d<\/a>&nbsp;&nbsp;Yle<\/li>\n<li><a href=\"https:\/\/news.google.com\/rss\/articles\/CBMiXEFVX3lxTE1sRFNLNnR6Z1BRMXFjMWo4TzA0b2pHMU9kZFFFTTNjY0QwOVNwTEl4V2RWbm5DQWxua1RENWtxUk5JU0oxNEZzM01IX2Jab2JnWk9LWVhOb3dpM2o3?oc=5\" target=\"_blank\" rel=\"nofollow noopener\">Esapekka Lappi: uusi tieto<\/a>&nbsp;&nbsp;Ilta-Sanomat<\/li>\n<li><a href=\"https:\/\/news.google.com\/rss\/articles\/CBMirAFBVV95cUxQTWgxMTV1cnhoNFRnb0czVGwtNzFSSmIxcDlYMUREdjZNa3ZIZjdKbEpqT2pSdHVYbzZsSkQ2T0FLcndrLXVza3ZPZFZGcmFmRkxBaUdkd0s3SHZlSVZqbzNOUTdmbVItQkM0MnVnSmM0ZWk5OHd3VWlqOGtGSERReUFtb2hkaG9fYUxMSTEySHQ0TlVfUHdOeXNCakkzSTFEZnczQ2hwRnlrTEFq?oc=5\" target=\"_blank\" rel=\"nofollow noopener\">T\u00e4m\u00e4 peli ei vetele \u2013 Yle: Esapekka Lappi teki yhden asian selv\u00e4ksi Hyundaille<\/a>&nbsp;&nbsp;SporttiUutiset.fi<\/li>\n<li><a href=\"https:\/\/news.google.com\/rss\/articles\/CBMiwAFBVV95cUxNY0hNWlAxQVRTd3JQdnFDcnBFYU1qa0lBaVc0LVBubG1CV1R0WTRSODBwZkU0eDEzMnJyaFVueGZydlZMbzBCZi16eTN6ZFU4VWtZcjZReEpJUnl0NlU1SjBpVDhDVzcwcElfSllUdW9YV2ZqR3ZCTS0yaGlWVGM5VmVVQTZFTHJib2l5amZSaUtiVjN6b2NISnhYM2FkNVViZTZyNU43R01KeWh3SzBJdTZZNjZDVjFsdHBHMDFpSFQ?oc=5\" target=\"_blank\" rel=\"nofollow noopener\">WRC &#8211; Ott T\u00e4nak p\u00e4\u00e4tti jo kes\u00e4ll\u00e4 j\u00e4tt\u00e4yty\u00e4 rallista: \u201dNyt ei ole mink\u00e4\u00e4nlaista suunnitelmaa ajamisen suhteen\u201d<\/a>&nbsp;&nbsp;Vauhdin Maailma<\/li>\n<\/ol>\n","protected":false},"excerpt":{"rendered":"Ott T\u00e4nakilta tunteikas puheenvuoro&nbsp;&nbsp;Rallit.fi Esapekka Lappi palaamassa MM-ralleihin, vaimokin heltyi: \u201dLienenk\u00f6 ollut liikaa kotona\u201d&nbsp;&nbsp;Yle Esapekka Lappi: uusi tieto&nbsp;&nbsp;Ilta-Sanomat&hellip;\n","protected":false},"author":2,"featured_media":32299,"comment_status":"","ping_status":"","sticky":false,"template":"","format":"standard","meta":{"footnotes":""},"categories":[158],"tags":[33,31,30,3539,6119,3540,10346,159,32,160],"class_list":{"0":"post-103765","1":"post","2":"type-post","3":"status-publish","4":"format-standard","5":"has-post-thumbnail","7":"category-urheilu","8":"tag-fi","9":"tag-finland","10":"tag-finnish","11":"tag-hyundai-motorsport","12":"tag-ott-tanak","13":"tag-rallin-mm-sarja","14":"tag-saudi-arabian-mm-ralli","15":"tag-sports","16":"tag-suomi","17":"tag-urheilu"},"share_on_mastodon":{"url":"https:\/\/pubeurope.com\/@fi\/115637519845936544","error":""},"_links":{"self":[{"href":"https:\/\/www.europesays.com\/fi\/wp-json\/wp\/v2\/posts\/103765","targetHints":{"allow":["GET"]}}],"collection":[{"href":"https:\/\/www.europesays.com\/fi\/wp-json\/wp\/v2\/posts"}],"about":[{"href":"https:\/\/www.europesays.com\/fi\/wp-json\/wp\/v2\/types\/post"}],"author":[{"embeddable":true,"href":"https:\/\/www.europesays.com\/fi\/wp-json\/wp\/v2\/users\/2"}],"replies":[{"embeddable":true,"href":"https:\/\/www.europesays.com\/fi\/wp-json\/wp\/v2\/comments?post=103765"}],"version-history":[{"count":0,"href":"https:\/\/www.europesays.com\/fi\/wp-json\/wp\/v2\/posts\/103765\/revisions"}],"wp:featuredmedia":[{"embeddable":true,"href":"https:\/\/www.europesays.com\/fi\/wp-json\/wp\/v2\/media\/32299"}],"wp:attachment":[{"href":"https:\/\/www.europesays.com\/fi\/wp-json\/wp\/v2\/media?parent=103765"}],"wp:term":[{"taxonomy":"category","embeddable":true,"href":"https:\/\/www.europesays.com\/fi\/wp-json\/wp\/v2\/categories?post=103765"},{"taxonomy":"post_tag","embeddable":true,"href":"https:\/\/www.europesays.com\/fi\/wp-json\/wp\/v2\/tags?post=103765"}],"curies":[{"name":"wp","href":"https:\/\/api.w.org\/{rel}","templated":true}]}}