{"id":103772,"date":"2025-11-30T07:45:08","date_gmt":"2025-11-30T07:45:08","guid":{"rendered":"https:\/\/www.europesays.com\/fi\/103772\/"},"modified":"2025-11-30T07:45:08","modified_gmt":"2025-11-30T07:45:08","slug":"yhdysvaltain-kongressi-selvittaa-iskua-huumeveneeseen-uutisia-lyhyesti","status":"publish","type":"post","link":"https:\/\/www.europesays.com\/fi\/103772\/","title":{"rendered":"Yhdysvaltain kongressi selvitt\u00e4\u00e4 iskua huumeveneeseen | Uutisia lyhyesti"},"content":{"rendered":"<p class=\"aw-1gybjub aw-5vja16 kEtdKx kmuxyA yle__article__paragraph\">Selvitysten taustalla ovat uutiset, joissa puolustusministeri Pete Hegsethin kerrotaan m\u00e4\u00e4r\u00e4nneen huumekuljetuksesta ep\u00e4illyn veneen matkustajien tappamisen.<\/p>\n<p class=\"aw-1gybjub aw-1p7kakr kEtdKx cEmitX yle__article__paragraph\">Yhdysvaltain kongressissa sek\u00e4 edustajainhuone ett\u00e4 senaatti tekev\u00e4t selvityksen Yhdysvaltain syyskuisesta huumeveneiskusta.<\/p>\n<p class=\"aw-1gybjub aw-1p7kakr kEtdKx cEmitX yle__article__paragraph\">Selvitykset liittyv\u00e4t <a class=\"aw-iao6s4 iHOxEa yle__article__link\" href=\"https:\/\/www.washingtonpost.com\/national-security\/2025\/11\/28\/hegseth-kill-them-all-survivors-boat-strike\/\" role=\"link\" rel=\"nofollow noopener\" target=\"_blank\">Washington Postin<\/a> ja <a class=\"aw-iao6s4 iHOxEa yle__article__link\" href=\"https:\/\/edition.cnn.com\/2025\/11\/28\/politics\/us-military-second-strike-caribbean\" role=\"link\" rel=\"nofollow noopener\" target=\"_blank\">CNN:n<\/a> uutisiin, joiden mukaan puolustusministeri <strong class=\"aw-ak79eh KyCXm yle__article__strong\">Pete Hegseth<\/strong> oli antanut m\u00e4\u00e4r\u00e4yksen tappaa veneen matkustajat.<\/p>\n<p class=\"aw-1gybjub aw-1p7kakr kEtdKx cEmitX yle__article__paragraph\">Yhdysvallat teki Karibialla iskun veneeseen, jonka hallinto v\u00e4itt\u00e4\u00e4 kuljettaneen huumeita. Washington Postin mukaan veneeseen tehtiin ohjusisku, jonka j\u00e4ljilt\u00e4 veneest\u00e4 paljastui kaksi eloonj\u00e4\u00e4nytt\u00e4. Sitten veneeseen tehtiin toinen isku, jossa eloonj\u00e4\u00e4neet kuolivat.<\/p>\n<p class=\"aw-1gybjub aw-1p7kakr kEtdKx cEmitX yle__article__paragraph\">Washington Postin ja CNN:n uutiset perustuvat useisiin nimett\u00f6miin l\u00e4hteisiin.<\/p>\n<p class=\"aw-1gybjub aw-1p7kakr kEtdKx cEmitX yle__article__paragraph\">Hegseth moittii <a class=\"aw-iao6s4 iHOxEa yle__article__link\" href=\"https:\/\/x.com\/SecWar\/status\/1994552598142038358?s=20\" role=\"link\" rel=\"nofollow\">viestipalvelu X:ss\u00e4<\/a> uutisia valheellisiksi ja halventaviksi ja sanoi, ett\u00e4 huumeveneisiin tehdyt iskut ovat lainmukaisia.<\/p>\n<p class=\"aw-1gybjub aw-1p7kakr kEtdKx cEmitX yle__article__paragraph\"><a class=\"aw-iao6s4 iHOxEa yle__article__link\" href=\"https:\/\/www.washingtonpost.com\/national-security\/2025\/11\/29\/hegseth-caribbean-strikes-kill-order-reaction\/\" role=\"link\" rel=\"nofollow noopener\" target=\"_blank\">Washington Postin mukaan<\/a> senaatin ja edustajainhuoneen puolustusvaliokunnat ilmoittivat haluavansa hallinnolta t\u00e4ydellisen selvityksen iskusta. Molempia valiokuntia johtaa republikaaniedustaja.<\/p>\n<p class=\"aw-1gybjub aw-1p7kakr kEtdKx cEmitX yle__article__paragraph\">Yhdysvallat on syksyn mittaan tehnyt lukuisia samanlaisia iskuja veneisiin Karibialla ja Tyynell\u00e4merell\u00e4.<\/p>\n","protected":false},"excerpt":{"rendered":"Selvitysten taustalla ovat uutiset, joissa puolustusministeri Pete Hegsethin kerrotaan m\u00e4\u00e4r\u00e4nneen huumekuljetuksesta ep\u00e4illyn veneen matkustajien tappamisen. Yhdysvaltain kongressissa sek\u00e4&hellip;\n","protected":false},"author":2,"featured_media":74,"comment_status":"","ping_status":"","sticky":false,"template":"","format":"standard","meta":{"footnotes":""},"categories":[14],"tags":[22,23,26,27,33,31,30,17,24,25,28,29,15,18,21,32,19,20,56,16,59,60,61,619],"class_list":{"0":"post-103772","1":"post","2":"type-post","3":"status-publish","4":"format-standard","5":"has-post-thumbnail","7":"category-ulkomaat","8":"tag-breaking-news","9":"tag-breakingnews","10":"tag-featured-news","11":"tag-featurednews","12":"tag-fi","13":"tag-finland","14":"tag-finnish","15":"tag-headlines","16":"tag-latest-news","17":"tag-latestnews","18":"tag-main-news","19":"tag-mainnews","20":"tag-news","21":"tag-otsikot","22":"tag-paauutiset","23":"tag-suomi","24":"tag-top-stories","25":"tag-topstories","26":"tag-ulkomaat","27":"tag-uutiset","28":"tag-world","29":"tag-world-news","30":"tag-worldnews","31":"tag-yhdysvallat"},"share_on_mastodon":{"url":"https:\/\/pubeurope.com\/@fi\/115637539482891891","error":""},"_links":{"self":[{"href":"https:\/\/www.europesays.com\/fi\/wp-json\/wp\/v2\/posts\/103772","targetHints":{"allow":["GET"]}}],"collection":[{"href":"https:\/\/www.europesays.com\/fi\/wp-json\/wp\/v2\/posts"}],"about":[{"href":"https:\/\/www.europesays.com\/fi\/wp-json\/wp\/v2\/types\/post"}],"author":[{"embeddable":true,"href":"https:\/\/www.europesays.com\/fi\/wp-json\/wp\/v2\/users\/2"}],"replies":[{"embeddable":true,"href":"https:\/\/www.europesays.com\/fi\/wp-json\/wp\/v2\/comments?post=103772"}],"version-history":[{"count":0,"href":"https:\/\/www.europesays.com\/fi\/wp-json\/wp\/v2\/posts\/103772\/revisions"}],"wp:featuredmedia":[{"embeddable":true,"href":"https:\/\/www.europesays.com\/fi\/wp-json\/wp\/v2\/media\/74"}],"wp:attachment":[{"href":"https:\/\/www.europesays.com\/fi\/wp-json\/wp\/v2\/media?parent=103772"}],"wp:term":[{"taxonomy":"category","embeddable":true,"href":"https:\/\/www.europesays.com\/fi\/wp-json\/wp\/v2\/categories?post=103772"},{"taxonomy":"post_tag","embeddable":true,"href":"https:\/\/www.europesays.com\/fi\/wp-json\/wp\/v2\/tags?post=103772"}],"curies":[{"name":"wp","href":"https:\/\/api.w.org\/{rel}","templated":true}]}}