{"id":103782,"date":"2025-11-30T08:07:08","date_gmt":"2025-11-30T08:07:08","guid":{"rendered":"https:\/\/www.europesays.com\/fi\/103782\/"},"modified":"2025-11-30T08:07:08","modified_gmt":"2025-11-30T08:07:08","slug":"paivan-tv-vinkit-riku-janoaa-kostoa-ja-rakkautta-uutissuomalainen","status":"publish","type":"post","link":"https:\/\/www.europesays.com\/fi\/103782\/","title":{"rendered":"P\u00e4iv\u00e4n tv-vinkit | Riku janoaa kostoa ja rakkautta | Uutissuomalainen"},"content":{"rendered":"<p>\t\t\t\tPetos<\/p>\n<p class=\"diks-storyline__lead-paragraph\">MTV3 klo 21.00<\/p>\n<p>8-osaisen kotimaisen rikosdraamasarjan Petos p\u00e4\u00e4henkil\u00f6 on l\u00e4hi\u00f6ss\u00e4 kasvanut Riku (<strong>Daniel Virtanen<\/strong>). Mies soluttautuu varakkaan eliitin porukoihin, vaan ei rikastuakseen tai saadakseen uusia yst\u00e4vi\u00e4. Rikua motivoi kosto.<\/p>\n<p>Riku huomaa viihtyv\u00e4ns\u00e4 rikkaiden seurassa. Mukava el\u00e4m\u00e4 viettelee vaatimattomiin oloihin tottuneen miehen. Sitten kuvioita sekoittaa viel\u00e4 rakastuminen varattuun Lindaan (<strong>Marketta Tikkanen<\/strong>). Sarja on jo myyty Britanniaan ja Australiaan.<\/p>\n","protected":false},"excerpt":{"rendered":"Petos MTV3 klo 21.00 8-osaisen kotimaisen rikosdraamasarjan Petos p\u00e4\u00e4henkil\u00f6 on l\u00e4hi\u00f6ss\u00e4 kasvanut Riku (Daniel Virtanen). Mies soluttautuu varakkaan&hellip;\n","protected":false},"author":2,"featured_media":103783,"comment_status":"","ping_status":"","sticky":false,"template":"","format":"standard","meta":{"footnotes":""},"categories":[130],"tags":[153,137,33,31,30,6297,979,32,140,139,14413,2581,109],"class_list":{"0":"post-103782","1":"post","2":"type-post","3":"status-publish","4":"format-standard","5":"has-post-thumbnail","7":"category-viihde","8":"tag-audiovisuaalinen-media","9":"tag-entertainment","10":"tag-fi","11":"tag-finland","12":"tag-finnish","13":"tag-paivan-tv-vinkit","14":"tag-sahkoinen-media","15":"tag-suomi","16":"tag-tv-ja-elokuvat","17":"tag-tv-ohjelmat","18":"tag-tv-2000-luku","19":"tag-tv-2010-luku","20":"tag-viihde"},"share_on_mastodon":{"url":"https:\/\/pubeurope.com\/@fi\/115637625979957042","error":""},"_links":{"self":[{"href":"https:\/\/www.europesays.com\/fi\/wp-json\/wp\/v2\/posts\/103782","targetHints":{"allow":["GET"]}}],"collection":[{"href":"https:\/\/www.europesays.com\/fi\/wp-json\/wp\/v2\/posts"}],"about":[{"href":"https:\/\/www.europesays.com\/fi\/wp-json\/wp\/v2\/types\/post"}],"author":[{"embeddable":true,"href":"https:\/\/www.europesays.com\/fi\/wp-json\/wp\/v2\/users\/2"}],"replies":[{"embeddable":true,"href":"https:\/\/www.europesays.com\/fi\/wp-json\/wp\/v2\/comments?post=103782"}],"version-history":[{"count":0,"href":"https:\/\/www.europesays.com\/fi\/wp-json\/wp\/v2\/posts\/103782\/revisions"}],"wp:featuredmedia":[{"embeddable":true,"href":"https:\/\/www.europesays.com\/fi\/wp-json\/wp\/v2\/media\/103783"}],"wp:attachment":[{"href":"https:\/\/www.europesays.com\/fi\/wp-json\/wp\/v2\/media?parent=103782"}],"wp:term":[{"taxonomy":"category","embeddable":true,"href":"https:\/\/www.europesays.com\/fi\/wp-json\/wp\/v2\/categories?post=103782"},{"taxonomy":"post_tag","embeddable":true,"href":"https:\/\/www.europesays.com\/fi\/wp-json\/wp\/v2\/tags?post=103782"}],"curies":[{"name":"wp","href":"https:\/\/api.w.org\/{rel}","templated":true}]}}