{"id":103788,"date":"2025-11-30T08:12:11","date_gmt":"2025-11-30T08:12:11","guid":{"rendered":"https:\/\/www.europesays.com\/fi\/103788\/"},"modified":"2025-11-30T08:12:11","modified_gmt":"2025-11-30T08:12:11","slug":"hyyn-bisneksista-paattaneet-opiskelijat-hankkeet-vaikuttivat-jarkevilta-vaikka-300-miljoonan-kiinteistot-menetettiin-kotimaa","status":"publish","type":"post","link":"https:\/\/www.europesays.com\/fi\/103788\/","title":{"rendered":"HYY:n bisneksist\u00e4 p\u00e4\u00e4tt\u00e4neet opiskelijat: Hankkeet vaikuttivat j\u00e4rkevilt\u00e4, vaikka 300 miljoonan kiinteist\u00f6t menetettiin | Kotimaa"},"content":{"rendered":"<p>Juttu tiivistettyn\u00e4<\/p>\n<ul class=\"aw-1jjocuh iJTSwP yle__article__list yle__article__list--ul\">\n<li class=\"aw-1j7gwms gNYKfi\">Helsingin yliopiston ylioppilaskunta (HYY) menett\u00e4\u00e4 l\u00e4hes 300 miljoonan euron arvoisina pidetyt kiinteist\u00f6t ep\u00e4onnistuneiden liiketoimien vuoksi.<\/li>\n<li class=\"aw-1j7gwms gNYKfi\">Syyn\u00e4 ovat kaksi suurta rakennushanketta, joiden tuotoilla oli tarkoitus poistaa opiskelijoiden j\u00e4senmaksu.<\/li>\n<li class=\"aw-1j7gwms gNYKfi\">Kustannusten ja korkojen nousu aiheutti HYY:n liiketoiminnalle ongelmia.<\/li>\n<li class=\"aw-1j7gwms gNYKfi\">Ylen tavoittamat opiskelijap\u00e4\u00e4tt\u00e4j\u00e4t pit\u00e4v\u00e4t alkuper\u00e4isi\u00e4 suunnitelmia perusteltuina.<\/li>\n<\/ul>\n<p class=\"aw-1gybjub aw-1p7kakr kEtdKx cEmitX yle__article__paragraph\">T\u00e4m\u00e4 on teko\u00e4lyn avulla tuotettu, toimittajan tarkistama tiivistelm\u00e4.<\/p>\n<p class=\"aw-1gybjub aw-1p7kakr kEtdKx cEmitX yle__article__paragraph\">P\u00e4\u00e4t\u00f6kset olivat oikeita, hankkeet vaikuttivat j\u00e4rkevilt\u00e4 ja k\u00e4yt\u00f6ss\u00e4 oli riskinhallinta.<\/p>\n<p class=\"aw-1gybjub aw-1p7kakr kEtdKx cEmitX yle__article__paragraph\">N\u00e4in sanovat entiset opiskelijat, jotka olivat aikoinaan mukana tekem\u00e4ss\u00e4 Helsingin yliopiston ylioppilaskunnan (HYY) kiinteist\u00f6bisnesp\u00e4\u00e4t\u00f6ksi\u00e4. Huonon lopputuloksen takia HYY <a class=\"aw-iao6s4 iHOxEa yle__article__link\" href=\"https:\/\/yle.fi\/a\/74-20193752\" role=\"link\" rel=\"nofollow noopener\" target=\"_blank\">menett\u00e4\u00e4<\/a> Helsingin keskustasta l\u00e4hes 300 miljoonan arvoisina pidetyt kiinteist\u00f6t.<\/p>\n<p class=\"aw-1gybjub aw-1p7kakr kEtdKx cEmitX yle__article__paragraph\">Yle selvitti, kuinka p\u00e4\u00e4t\u00f6kset syntyiv\u00e4t HYY:n toimielimiss\u00e4.<\/p>\n<p class=\"aw-1gybjub aw-1p7kakr kEtdKx cEmitX yle__article__paragraph\">Moni p\u00e4\u00e4t\u00f6ksiin osallistunut vaikenee. Tavoitimme muutamia entisi\u00e4 opiskelijap\u00e4\u00e4tt\u00e4ji\u00e4 vastaamaan, mit\u00e4 vajaat kymmenen vuotta sitten tapahtui ja mit\u00e4 he ajattelevat tapahtumista nyt.<\/p>\n<p>Vuosimaksuvapautus olisi vaatinut miljoonan<\/p>\n<p class=\"aw-1gybjub aw-1p7kakr kEtdKx cEmitX yle__article__paragraph\"><strong class=\"aw-ak79eh KyCXm yle__article__strong\">Tarik Ahsanullah<\/strong> oli pohjustamassa opiskelijoiden kohtalokkaita kiinteist\u00f6hankkeita vajaat kymmenen vuotta sitten. Liiketoimien taustalla oli h\u00e4nen <a class=\"aw-iao6s4 iHOxEa yle__article__link\" href=\"https:\/\/ylioppilaslehti.fi\/2025\/03\/yl-megaselvitys-nain-hyy-tarvasi-taloutensa\/\" role=\"link\" rel=\"nofollow noopener\" target=\"_blank\">ideansa<\/a> siit\u00e4, ett\u00e4 opiskelijat vapautettaisiin ylioppilaskunnan j\u00e4senmaksusta.<\/p>\n<p class=\"aw-1gybjub aw-1p7kakr kEtdKx cEmitX yle__article__paragraph\">Nyky\u00e4\u00e4n h\u00e4n on Helsingin kaupunginvaltuuston varaj\u00e4sen (kok.) ja virkavapaalla Suomen Vuokranantajien lakiasiainjohtajan teht\u00e4v\u00e4st\u00e4.<\/p>\n<p class=\"aw-1gybjub aw-1p7kakr kEtdKx cEmitX yle__article__paragraph\">Oikeustiedett\u00e4 opiskellut Ahsanullah oli vuonna 2016 ylioppilaskunnan hallituksen j\u00e4sen ja edustajiston <a class=\"aw-iao6s4 iHOxEa yle__article__link\" href=\"https:\/\/ylioppilaslehti.fi\/2025\/03\/yl-megaselvitys-nain-hyy-tarvasi-taloutensa\/\" role=\"link\" rel=\"nofollow noopener\" target=\"_blank\">\u00e4\u00e4niharava<\/a>.<\/p>\n<p class=\"aw-1gybjub aw-1p7kakr kEtdKx cEmitX yle__article__paragraph\">Perusopiskelijan vuosimaksu oli tuolloin 49 euroa, ja siit\u00e4 Ahsanullah halusi kokonaan eroon.<\/p>\n<p class=\"aw-1gybjub aw-1p7kakr kEtdKx cEmitX yle__article__paragraph\">Vapautus olisi vaatinut silloin reilun miljoonan euron tulonlis\u00e4yst\u00e4. Ylioppilaiden yli 200 miljoonan kiinteist\u00f6omaisuuteen nojautuen sen ei pit\u00e4nyt olla erityisen vaikeaa.<\/p>\n<p><img decoding=\"async\" alt=\"Tarik Ahsanullah.\" src=\"https:\/\/www.europesays.com\/fi\/wp-content\/uploads\/2025\/11\/39-11890806532518cc240b.jpeg\" loading=\"lazy\" class=\"aw-1l9m598 hKVVvP\"\/><\/p>\n<p>Avaa kuvien katselu<\/p>\n<p>Tarik Ahsanullah kysyy, miksi ylioppilaskunta ei luopunut uusista hankkeista keskener\u00e4isin\u00e4 menetyksien rajoittamiseksi. Kuva: Tiina Jutila \/ Yle<\/p>\n<p class=\"aw-1gybjub aw-1p7kakr kEtdKx cEmitX yle__article__paragraph\">\u2013 Katsottiin, ett\u00e4 sellainen lis\u00e4tulo voidaan hankkia ilman isoja riskej\u00e4, sanoo Ahsanullah.<\/p>\n<p class=\"aw-1gybjub aw-1p7kakr kEtdKx cEmitX yle__article__paragraph\">Ahsanullah ideoi maksuvapautta, mutta yksin h\u00e4n ei ole p\u00e4\u00e4t\u00f6ksist\u00e4 vastuussa. Liiketoimet tarvitsivat riitt\u00e4v\u00e4n kannatuksen menn\u00e4kseen l\u00e4pi ylioppilaskunnan toimielimiss\u00e4.<\/p>\n<p>Kaksi isoa hanketta kerralla<\/p>\n<p class=\"aw-1gybjub aw-1p7kakr kEtdKx cEmitX yle__article__paragraph\">Ylioppilaskunta p\u00e4\u00e4tti hankkia lis\u00e4tuloja kahdella uudella kokonaisuudella: saneeraushanke <a class=\"aw-iao6s4 iHOxEa yle__article__link\" href=\"https:\/\/ylva.fi\/blog\/2024\/05\/16\/grand-hansa-hanke-on-valmistunut-nh-collection-helsinki-grand-hansa-heratti-historiallisen-hotellikorttelin-eloon\/\" role=\"link\" rel=\"nofollow noopener\" target=\"_blank\">Hansalla<\/a> ja uudiskohde <a class=\"aw-iao6s4 iHOxEa yle__article__link\" href=\"https:\/\/ylva.fi\/blog\/2023\/02\/16\/hakaniemeen-valmistuvan-lyyra-korttelin-ensimmainen-osa-on-otettu-kayttoon\/\" role=\"link\" rel=\"nofollow noopener\" target=\"_blank\">Lyyralla<\/a>.<\/p>\n<p class=\"aw-1gybjub aw-1p7kakr kEtdKx cEmitX yle__article__paragraph\">Grand Hansa -hotelli valmistui Helsingin p\u00e4\u00e4rautatieseman viereen. Hotellia varten ylioppilaskunta osti Seurahuoneena tunnetun talon. Toimistoja, asuntoja, hotellin ja liiketiloja sis\u00e4lt\u00e4v\u00e4 Lyyra-kortteli puolestaan nousi Kallioon.<\/p>\n<p class=\"aw-1gybjub aw-1p7kakr kEtdKx cEmitX yle__article__paragraph\">Miksi kaksi isoa projektia kerralla, kun jo yhdess\u00e4kin on riskej\u00e4?<\/p>\n<p class=\"aw-1gybjub aw-1p7kakr kEtdKx cEmitX yle__article__paragraph\">Moni p\u00e4\u00e4t\u00f6ksiin osallistunut vaikenee.<\/p>\n<p class=\"aw-1gybjub aw-1p7kakr kEtdKx cEmitX yle__article__paragraph\">Ylioppilaiden liiketoimia py\u00f6ritti HYY Yhtym\u00e4. Sit\u00e4 johti vuosina 2015\u201320 <strong class=\"aw-ak79eh KyCXm yle__article__strong\">Antti Kerppola<\/strong>.<\/p>\n<p class=\"aw-1gybjub aw-1p7kakr kEtdKx cEmitX yle__article__paragraph\">Kerppola toteaa, ett\u00e4 aluksi Hansaa valmisteltiin vaihtoehdoksi Lyyralle silt\u00e4 varalta, ett\u00e4 Lyyralle ei saada tonttia.<\/p>\n<p><img decoding=\"async\" alt=\"toimitusjohtaja Antti Kerppola, Ylva Palvelut Oy\" src=\"https:\/\/www.europesays.com\/fi\/wp-content\/uploads\/2025\/11\/39-6236635df8ced38879a.jpeg\" loading=\"lazy\" class=\"aw-1l9m598 hKVVvP\"\/><\/p>\n<p>Avaa kuvien katselu<\/p>\n<p>Antti Kerppola oli HYY Yhtym\u00e4n toimitusjohtaja, kun isoja kiinteist\u00f6hankkeita laitettiin liikkeelle. Kuva vuodelta 2019. Kuva: Kristiina Lehto \/ Yle<\/p>\n<p class=\"aw-1gybjub aw-1p7kakr kEtdKx cEmitX yle__article__paragraph\">Kerppolan mukaan HYY Yhtym\u00e4n hallitus kuitenkin katsoi kes\u00e4ll\u00e4 2018 ilman sora\u00e4\u00e4ni\u00e4, ett\u00e4 se haluaa sek\u00e4 Hansan ett\u00e4 Lyyran.<\/p>\n<p class=\"aw-1gybjub aw-1p7kakr kEtdKx cEmitX yle__article__paragraph\">Ilmassa oli innostusta tilaisuudesta ostaa Seurahuone, joka tuli myyt\u00e4v\u00e4ksi ylioppilaiden jo ennest\u00e4\u00e4n omistamien talojen viereen.<\/p>\n<p class=\"aw-1gybjub aw-1p7kakr kEtdKx cEmitX yle__article__paragraph\">Kerppolan mielest\u00e4 p\u00e4\u00e4t\u00f6kset investoinneista olivat ajan oloon perusteltuja. Oli nollakorot, veroetuja, kukoistavaa matkailua ja <a class=\"aw-iao6s4 iHOxEa yle__article__link\" href=\"https:\/\/yle.fi\/a\/3-10224339\" role=\"link\" rel=\"nofollow noopener\" target=\"_blank\">hotellipulaa<\/a>.<\/p>\n<p class=\"aw-1gybjub aw-1p7kakr kEtdKx cEmitX yle__article__paragraph\">\u2013 Hotellin my\u00f6t\u00e4 odotettiin tasaista uutta tulovirtaa vuokrista, sanoo Kerppola.<\/p>\n<p class=\"aw-1gybjub aw-1p7kakr kEtdKx cEmitX yle__article__paragraph\">Ongelmat kaatuivat p\u00e4\u00e4lle vasta h\u00e4nen kautensa j\u00e4lkeen. Kerppola ei mielell\u00e4\u00e4n kommentoi p\u00e4\u00e4t\u00f6ksi\u00e4, jotka on tehty sen j\u00e4lkeen, kun h\u00e4n j\u00e4tti toimitusjohtajan pestin.<\/p>\n<p class=\"aw-1gybjub aw-1p7kakr kEtdKx cEmitX yle__article__paragraph\">\u2013 Julkisuudessa olleiden tietojen perusteella voin sanoa, ett\u00e4 hankkeiden toteutuksessa, rahoitussuhteiden hoitamisessa tai viestinn\u00e4ss\u00e4 ei ole onnistuttu.<\/p>\n<p>Opiskelijat luottivat asiantuntijoihin<\/p>\n<p class=\"aw-1gybjub aw-1p7kakr kEtdKx cEmitX yle__article__paragraph\">Vuonna 2018 Tarik Ahsanullahista tuli HYY Yhtym\u00e4n hallituksen j\u00e4sen. Silloiset p\u00e4\u00e4t\u00f6kset Hansasta ja Lyyrasta ovat h\u00e4nen mielest\u00e4\u00e4n edelleen oikeita, kun otetaan huomioon tuolloin k\u00e4yt\u00f6ss\u00e4 ollut tieto.<\/p>\n<p class=\"aw-1gybjub aw-1p7kakr kEtdKx cEmitX yle__article__paragraph\">Hankkeita varten tilattiin konsulttiselvityksi\u00e4.<\/p>\n<p class=\"aw-1gybjub aw-1p7kakr kEtdKx cEmitX yle__article__paragraph\">\u2013 En pysty mitenk\u00e4\u00e4n pit\u00e4m\u00e4\u00e4n vuosien 2016\u20132018 p\u00e4\u00e4t\u00f6ksi\u00e4 v\u00e4\u00e4rin\u00e4, sanoo Ahsanullah.<\/p>\n<p><img decoding=\"async\" alt=\"Valkoinen pieni sis\u00e4suihkul\u00e4hde.\" src=\"https:\/\/www.europesays.com\/fi\/wp-content\/uploads\/2025\/11\/39-125483465ea95cc7be0f.jpeg\" loading=\"lazy\" class=\"aw-1l9m598 hKVVvP\"\/><\/p>\n<p>Avaa kuvien katselu<\/p>\n<p>Toinen ylioppilaskunnan suurhanke on Hansa. Uusi hotelli sijoittui kolmen talon tiloihin Helsingin p\u00e4\u00e4rautatieaseman vieress\u00e4. Kuva: NH Collection Helsinki Grand Hansa<\/p>\n<p class=\"aw-1gybjub aw-1p7kakr kEtdKx cEmitX yle__article__paragraph\">Vuonna 2018 <strong class=\"aw-ak79eh KyCXm yle__article__strong\">Lauri Linna<\/strong> (Sitoutumaton vasemmisto) vaikutti hankkeisiin ylioppilaskunnan hallituksen puheenjohtajana.<\/p>\n<p class=\"aw-1gybjub aw-1p7kakr kEtdKx cEmitX yle__article__paragraph\">HYY Yhtym\u00e4n hallituksessa oli tuolloin ja on edelleen talousel\u00e4m\u00e4\u00e4 tuntevia asiantuntijaj\u00e4seni\u00e4.<\/p>\n<p class=\"aw-1gybjub aw-1p7kakr kEtdKx cEmitX yle__article__paragraph\">Linna ja Ahsanullah sanovat luottaneensa siihen, ett\u00e4 nimenomaan asiantuntijoiden avulla nuoret opiskelijat voivat v\u00e4ist\u00e4\u00e4 liiketoimien karikoita.<\/p>\n<p class=\"aw-1gybjub aw-1p7kakr kEtdKx cEmitX yle__article__paragraph\">\u2013 Uskon, ett\u00e4 heilt\u00e4 saa parhaan analyysin, miksi hankkeita otettiin kaksi, sanoo Linna.<\/p>\n<p class=\"aw-1gybjub aw-1p7kakr kEtdKx cEmitX yle__article__paragraph\">Vuonna 2018 hallituksessa toimivat muun muassa el\u00e4keyhti\u00f6 Varman silloinen varatoimitusjohtaja <strong class=\"aw-ak79eh KyCXm yle__article__strong\">Reima Ryts\u00f6l\u00e4<\/strong>, asianajotoimisto Bird &amp; Birdin kiinteist\u00f6hankkeisiin erikoistunut osakas <strong class=\"aw-ak79eh KyCXm yle__article__strong\">Jaakko Hietala<\/strong>, hallitusammattilainen <strong class=\"aw-ak79eh KyCXm yle__article__strong\">Tarja P\u00e4\u00e4kk\u00f6nen<\/strong> ja asuntosijoitusyhti\u00f6 Saton entinen toimitusjohtaja <strong class=\"aw-ak79eh KyCXm yle__article__strong\">Erkka Valkila<\/strong>.<\/p>\n<p class=\"aw-1gybjub aw-1p7kakr kEtdKx cEmitX yle__article__paragraph\">Jokainen heist\u00e4 kielt\u00e4ytyi haastattelusta.<\/p>\n<p class=\"aw-1gybjub aw-1p7kakr kEtdKx cEmitX yle__article__paragraph\">P\u00e4\u00e4kk\u00f6nen, Hietala ja Ryts\u00f6l\u00e4 vetosivat asioiden luottamuksellisuuteen. Valkila sanoi puhelimessa olevansa hankalassa paikassa ja kehotti k\u00e4\u00e4ntym\u00e4\u00e4n ylioppilaskunnan puoleen.<\/p>\n<p><img decoding=\"async\" alt=\"N\u00e4kym\u00e4 terassille korkeassa rakennuksessa. \" src=\"https:\/\/www.europesays.com\/fi\/wp-content\/uploads\/2025\/11\/39-15596406926cc9b35574.jpeg\" loading=\"lazy\" class=\"aw-1l9m598 hKVVvP\"\/><\/p>\n<p>Avaa kuvien katselu<\/p>\n<p>Lyyra-kortteliin kuuluu terassi, josta avautuu hieno n\u00e4k\u00f6ala. Kuva: Matti Myller \/ Yle<\/p>\n<p class=\"aw-1gybjub aw-1p7kakr kEtdKx cEmitX yle__article__paragraph\">Ylelle kerrotaan, ett\u00e4 HYY Yhtym\u00e4n hallituksessa syntyi joka tapauksessa yksimielisyys hankkeista.<\/p>\n<p class=\"aw-1gybjub aw-1p7kakr kEtdKx cEmitX yle__article__paragraph\">Silloinen kasvatustieteen opiskelija <strong class=\"aw-ak79eh KyCXm yle__article__strong\">Anna-Maija Riekkinen<\/strong> (Sitoutumaton vasemmisto) oli hallituksen j\u00e4sen vuonna 2018. H\u00e4nen mukaansa hankkeet vaikuttivat lukujen valossa j\u00e4rkevilt\u00e4 eik\u00e4 kukaan ajanut niit\u00e4 kuin \u201dk\u00e4\u00e4rmett\u00e4 pyssyyn\u201d.<\/p>\n<p class=\"aw-1gybjub aw-1p7kakr kEtdKx cEmitX yle__article__paragraph\">Riekkinen muistelee, ett\u00e4 Lyyra ja Hansa eiv\u00e4t olleet vaihtoehtoja p\u00e4\u00e4t\u00f6st\u00e4 teht\u00e4ess\u00e4.<\/p>\n<p class=\"aw-1gybjub aw-1p7kakr kEtdKx cEmitX yle__article__paragraph\">\u2013 Lopputulos surettaa, ja haluan kantaa vastuuni yhten\u00e4 p\u00e4\u00e4t\u00f6ksentekij\u00e4n\u00e4.<\/p>\n<p>Riskiraja meni rikki<\/p>\n<p class=\"aw-1gybjub aw-1p7kakr kEtdKx cEmitX yle__article__paragraph\">Ylioppilaskunta halusi hallita riskej\u00e4, kun Hansaa ja Lyyraa toteutettiin.<\/p>\n<p class=\"aw-1gybjub aw-1p7kakr kEtdKx cEmitX yle__article__paragraph\">Taikasana on omavaraisuusaste. Se on tunnusluku, joka kuvaa yrityksen vakavaraisuutta ja kyky\u00e4 siet\u00e4\u00e4 talousongelmia. Mit\u00e4 isompi numero, sit\u00e4 turvallisempi tilanne.<\/p>\n<p>Yle haastatteli opiskelijoita 13. marraskuuta siit\u00e4, mit\u00e4 he ajattelevat kiinteist\u00f6jen myynnist\u00e4. <\/p>\n<p class=\"aw-1gybjub aw-1p7kakr kEtdKx cEmitX yle__article__paragraph\">Ylioppilaiden strategian mukaan omavaraisuuasteen piti pysy\u00e4 50 prosentin yl\u00e4puolella.<\/p>\n<p class=\"aw-1gybjub aw-1p7kakr kEtdKx cEmitX yle__article__paragraph\">Tarik Ahsanullah ja Lauri Linna sanovat, ett\u00e4 riskirajan noudattaminen oli l\u00e4ht\u00f6kohta kaikissa ratkaisuissa ja keskusteluissa, joissa he olivat mukana.<\/p>\n<p class=\"aw-1gybjub aw-1p7kakr kEtdKx cEmitX yle__article__paragraph\">Riskiraja paukahti kuitenkin rikki my\u00f6hemmin, kun he eiv\u00e4t en\u00e4\u00e4 olleet mukana p\u00e4\u00e4t\u00f6ksenteossa.<\/p>\n<p class=\"aw-1gybjub aw-1p7kakr kEtdKx cEmitX yle__article__paragraph\">Vuosikymmenen alussa koronapandemia ja Ukrainan sota sotkivat maailmantalouden ja my\u00f6s ylioppilaiden bisnekset. Korot nousivat ja inflaatio laukkasi. Hansa-hotellin avaaminen viiv\u00e4styi.<\/p>\n<p class=\"aw-1gybjub aw-1p7kakr kEtdKx cEmitX yle__article__paragraph\">Ylvaksi nimens\u00e4 vaihtaneen HYY Yhtym\u00e4n omavaraisuusaste oli markkina-arvoin 48,8 prosenttia vuonna 2023 ja 28,1 prosenttia vuonna 2024.<\/p>\n<p>Miksi hankkeita ei myyty aiemmin?<\/p>\n<p class=\"aw-1gybjub aw-1p7kakr kEtdKx cEmitX yle__article__paragraph\">Ahdinkoon liittyy huonoa tuuria maailmantilanteen takia. Ahsanullah kuitenkin ihmettelee, miksi liiketoiminta ei reagoinut heikentyneeseen markkinaan riitt\u00e4v\u00e4sti.<\/p>\n<p class=\"aw-1gybjub aw-1p7kakr kEtdKx cEmitX yle__article__paragraph\">H\u00e4n kysyy, miksi Lyyraa ja Hansaa ei myyty keskener\u00e4isin\u00e4 tai tehty parempia rahoitusj\u00e4rjestelyj\u00e4 vahinkojen minimoimiseksi heti, kun talous uhkasi sakata.<\/p>\n<p class=\"aw-1gybjub aw-1p7kakr kEtdKx cEmitX yle__article__paragraph\">\u2013 En ikin\u00e4 olisi kuitannut sellaista paperia, miss\u00e4 velka nousee liian korkeaksi, sanoo Ahsanullah.<\/p>\n<p class=\"aw-1gybjub aw-1p7kakr kEtdKx cEmitX yle__article__paragraph\">Ylioppilaiden omaisuuden vartijat kuitenkin painoivat kaasua.<\/p>\n<p class=\"aw-1gybjub aw-1p7kakr kEtdKx cEmitX yle__article__paragraph\">Nimens\u00e4 Ylvaksi vaihtanut HYY Yhtym\u00e4 teki Lyyraan ja Hansaan 210 miljoonan euron investoinnit vuosina 2022\u201324.<\/p>\n<p class=\"aw-1gybjub aw-1p7kakr kEtdKx cEmitX yle__article__paragraph\">Lopulta velkapommi r\u00e4j\u00e4hti k\u00e4siin.<\/p>\n<p><img decoding=\"async\" alt=\"Vanha ylioppilastalo ulkoa. \" src=\"https:\/\/www.europesays.com\/fi\/wp-content\/uploads\/2025\/11\/39-15597846926e63937054.jpeg\" loading=\"lazy\" class=\"aw-1l9m598 hKVVvP\"\/><\/p>\n<p>Avaa kuvien katselu<\/p>\n<p>Ylioppilaskunnan isoon kiinteist\u00f6kauppaan kuuluu muun muassa Vanha ylioppilastalo. Kuva: Matti Myller \/ Yle<\/p>\n<p class=\"aw-1gybjub aw-1p7kakr kEtdKx cEmitX yle__article__paragraph\">T\u00e4n\u00e4 vuonna ylioppilaskunta p\u00e4\u00e4tti pakkoraossa myyd\u00e4 kaikki keskustakiinteist\u00f6ns\u00e4. Kaupassa menee Grand Hansa -hotellin tilojen mukana my\u00f6s muun muassa legendaarinen Vanha ylioppilastalo.<\/p>\n<p class=\"aw-1gybjub aw-1p7kakr kEtdKx cEmitX yle__article__paragraph\">Tilinp\u00e4\u00e4t\u00f6ksess\u00e4 288 miljoonan arvoiseksi arvioitu omaisuus on nyt vaihtamassa omistajaa <a class=\"aw-iao6s4 iHOxEa yle__article__link\" href=\"https:\/\/www.hs.fi\/visio\/art-2000011624682.html\" role=\"link\" rel=\"nofollow noopener\" target=\"_blank\">188 miljoonalla<\/a>.<\/p>\n<p class=\"aw-1gybjub aw-1p7kakr kEtdKx cEmitX yle__article__paragraph\">Lyyra myytiin kahdessa er\u00e4ss\u00e4 vuosina 2023 ja 2025.<\/p>\n<p class=\"aw-1gybjub aw-1p7kakr kEtdKx cEmitX yle__article__paragraph\">Olisiko vahinkoja voinut minimoida myym\u00e4ll\u00e4 Hansan ja Lyyran aiemmin?<\/p>\n<p class=\"aw-1gybjub aw-1p7kakr kEtdKx cEmitX yle__article__paragraph\">Emme tavoittaneet vuosina 2021\u20132024 Ylvan toimitusjohtajana toiminutta <strong class=\"aw-ak79eh KyCXm yle__article__strong\">Leea Tolvasta<\/strong>. 2020\u20132022 hallituksen puheenjohtajana toiminut <strong class=\"aw-ak79eh KyCXm yle__article__strong\">Jenni Hupli<\/strong> toteaa, ett\u00e4 ei kommentoi luottamuksellisia asioita.<\/p>\n<p class=\"aw-1gybjub aw-1p7kakr kEtdKx cEmitX yle__article__paragraph\">Mit\u00e4 sanoo Ylvan nykyjohto?<\/p>\n<p class=\"aw-1gybjub aw-1p7kakr kEtdKx cEmitX yle__article__paragraph\">Vuonna 2024 aloittanut toimitusjohtaja <strong class=\"aw-ak79eh KyCXm yle__article__strong\">Mika Perki\u00f6<\/strong> kommentoi aiempia vaiheita pid\u00e4ttyv\u00e4sti, koska ei tunne kaikkia yksityiskohtia.<\/p>\n<p class=\"aw-1gybjub aw-1p7kakr kEtdKx cEmitX yle__article__paragraph\">H\u00e4nen mukaansa ratkaisuja on pohdittu matkan varrella. Sen seurauksena el\u00e4keyhti\u00f6 Varma otettiin Lyyra-hankkeen riskinjakajaksi 45 prosentin omistuksella vuonna 2021.<\/p>\n","protected":false},"excerpt":{"rendered":"Juttu tiivistettyn\u00e4 Helsingin yliopiston ylioppilaskunta (HYY) menett\u00e4\u00e4 l\u00e4hes 300 miljoonan euron arvoisina pidetyt kiinteist\u00f6t ep\u00e4onnistuneiden liiketoimien vuoksi. Syyn\u00e4&hellip;\n","protected":false},"author":2,"featured_media":103789,"comment_status":"","ping_status":"","sticky":false,"template":"","format":"standard","meta":{"footnotes":""},"categories":[12],"tags":[22,23,26,27,33,31,30,17,17903,104,19659,3081,71,24,25,28,29,15,791,18,21,32,19,20,1168,16,17904,7877],"class_list":{"0":"post-103788","1":"post","2":"type-post","3":"status-publish","4":"format-standard","5":"has-post-thumbnail","7":"category-suomi","8":"tag-breaking-news","9":"tag-breakingnews","10":"tag-featured-news","11":"tag-featurednews","12":"tag-fi","13":"tag-finland","14":"tag-finnish","15":"tag-headlines","16":"tag-helsingin-yliopiston-ylioppilaskunta","17":"tag-helsinki","18":"tag-hyy-kiinteistot","19":"tag-kiinteistot","20":"tag-kotimaa","21":"tag-latest-news","22":"tag-latestnews","23":"tag-main-news","24":"tag-mainnews","25":"tag-news","26":"tag-opiskelu","27":"tag-otsikot","28":"tag-paauutiset","29":"tag-suomi","30":"tag-top-stories","31":"tag-topstories","32":"tag-uusimaa","33":"tag-uutiset","34":"tag-vanha-ylioppilastalo","35":"tag-ylva"},"share_on_mastodon":{"url":"https:\/\/pubeurope.com\/@fi\/115637645952439269","error":""},"_links":{"self":[{"href":"https:\/\/www.europesays.com\/fi\/wp-json\/wp\/v2\/posts\/103788","targetHints":{"allow":["GET"]}}],"collection":[{"href":"https:\/\/www.europesays.com\/fi\/wp-json\/wp\/v2\/posts"}],"about":[{"href":"https:\/\/www.europesays.com\/fi\/wp-json\/wp\/v2\/types\/post"}],"author":[{"embeddable":true,"href":"https:\/\/www.europesays.com\/fi\/wp-json\/wp\/v2\/users\/2"}],"replies":[{"embeddable":true,"href":"https:\/\/www.europesays.com\/fi\/wp-json\/wp\/v2\/comments?post=103788"}],"version-history":[{"count":0,"href":"https:\/\/www.europesays.com\/fi\/wp-json\/wp\/v2\/posts\/103788\/revisions"}],"wp:featuredmedia":[{"embeddable":true,"href":"https:\/\/www.europesays.com\/fi\/wp-json\/wp\/v2\/media\/103789"}],"wp:attachment":[{"href":"https:\/\/www.europesays.com\/fi\/wp-json\/wp\/v2\/media?parent=103788"}],"wp:term":[{"taxonomy":"category","embeddable":true,"href":"https:\/\/www.europesays.com\/fi\/wp-json\/wp\/v2\/categories?post=103788"},{"taxonomy":"post_tag","embeddable":true,"href":"https:\/\/www.europesays.com\/fi\/wp-json\/wp\/v2\/tags?post=103788"}],"curies":[{"name":"wp","href":"https:\/\/api.w.org\/{rel}","templated":true}]}}