{"id":103794,"date":"2025-11-30T08:30:15","date_gmt":"2025-11-30T08:30:15","guid":{"rendered":"https:\/\/www.europesays.com\/fi\/103794\/"},"modified":"2025-11-30T08:30:15","modified_gmt":"2025-11-30T08:30:15","slug":"odotetusta-kaija-koo-elokuvasta-julkaistiin-kunnon-traileri-talta-nayttaa-kaunis-rietas-onnellinen","status":"publish","type":"post","link":"https:\/\/www.europesays.com\/fi\/103794\/","title":{"rendered":"Odotetusta Kaija Koo -elokuvasta julkaistiin kunnon traileri \u2013 t\u00e4lt\u00e4 n\u00e4ytt\u00e4\u00e4 Kaunis rietas onnellinen"},"content":{"rendered":"<p>Kotimaisen musiikkikent\u00e4n supert\u00e4hden Kaija Koon el\u00e4m\u00e4st\u00e4 kertova Kaunis rietas onnellinen -elokuva tulee ensi-iltaan 18. helmikuuta. Nyt elokuvaa esitell\u00e4\u00e4n ensimm\u00e4isen kunnollisen trailerin avustuksella (aiemmin n\u00e4hty vain teaser-p\u00e4tk\u00e4), joten katso alempaa, milt\u00e4 teos vaikuttaa. <\/p>\n<p>Elokuvan p\u00e4\u00e4osassa n\u00e4hd\u00e4\u00e4n <strong>Oona Airola<\/strong>. Kaijan puolisoa <strong>Markku Impi\u00f6t\u00e4<\/strong> esitt\u00e4\u00e4 <strong>Jari Virman<\/strong>, ja muissa rooleissa ovat muun muassa <strong>Maija Paunio, Taneli M\u00e4kel\u00e4, Katariina Havukainen, Anu Sinisalo, Sara Grotenfelt, Daniel Virtanen, Ella Lahdenm\u00e4ki, Saara Kotkaniemi, Aku Sipola<\/strong> ja <strong>Ville Tiihonen<\/strong>. Elokuvan on ohjannut <strong>Selma Vilhunen<\/strong>, k\u00e4sikirjoittanut <strong>Ilona Ahti<\/strong> ja dramaturgina toimii <strong>Paula Vesala<\/strong>.<\/p>\n<p>Kaunis rietas onnellinen kertoo Kaija Koon matkasta koko Suomen tuntemaksi artistiksi. Pianistipuoliso Markku n\u00e4kee laulajan lahjat kirkkaammin kuin muut, mutta menestys ei tule ilman sis\u00e4ist\u00e4 taistelua. Is\u00e4n menetyksen mukanaan tuoma suru pys\u00e4ytt\u00e4\u00e4 Kaijan ja saa h\u00e4net luopumaan hetkellisesti unelmistaan. Kun yll\u00e4tt\u00e4v\u00e4 j\u00e4ttisuosio nostaa Kaijan supert\u00e4hdeksi, h\u00e4nen on kohdattava paitsi menestyksen varjot ja l\u00f6ydett\u00e4v\u00e4 oma \u00e4\u00e4nens\u00e4.<\/p>\n<p>\u201dEnnen kuvauksia puhuimme paljon Oona Airolan ja Jari Virmanin kanssa, mit\u00e4 tarkoittaa n\u00e4ytell\u00e4 tunnettua, olemassa olevaa ihmist\u00e4. Miten kukaan voi n\u00e4ytell\u00e4 Kaija Koota, joka on niin j\u00e4ljittelem\u00e4t\u00f6n? Jo harjoitusten aikana koin kuitenkin vahvasti sen, ett\u00e4 siin\u00e4 on jotain hyvin kaunista, kun ihminen pyrkii ymm\u00e4rt\u00e4m\u00e4\u00e4n toista ihmist\u00e4 niin syv\u00e4llisesti ja tarkasti, ett\u00e4 h\u00e4n esitt\u00e4\u00e4 hetken ajan olevansa tuo toinen\u201d, Selma Vilhunen kertoo tiedotteessa ja jatkaa:<\/p>\n<p>\u201dSivuosan\u00e4yttelij\u00e4 on englanniksi supporting actor eli tukeva n\u00e4yttelij\u00e4 tai tukijan\u00e4yttelij\u00e4. Jari Virman puhui t\u00e4st\u00e4 harjoituksissa, miten kokee teht\u00e4v\u00e4kseen olla Oonan tukena. Kuvauksissa sain todistaa, miten sitoutuneesti h\u00e4n t\u00e4ytti t\u00e4m\u00e4n teht\u00e4v\u00e4ns\u00e4. Tietyll\u00e4 tavalla tukena olemisen ajatus l\u00e4visti koko ty\u00f6ryhm\u00e4n. Jokaisen lavastuksen, pukusuunnittelun, maskeerauksen ja kuvauksen yksityiskohdan oli joku suunnitellut ja toteuttanut, jotta upea tarina Kaija Koosta voisi her\u00e4t\u00e4 eloon, ja jotta se voisi soida niin, ett\u00e4 se tuntuu selk\u00e4ytimess\u00e4 saakka.\u201d<\/p>\n<p><img loading=\"lazy\" decoding=\"async\" alt=\"YouTube video\" width=\"480\" height=\"360\" data-pin-nopin=\"true\" nopin=\"nopin\" class=\"perfmatters-lazy\" src=\"https:\/\/www.europesays.com\/fi\/wp-content\/uploads\/2025\/11\/1764491415_720_hqdefault.jpg\"\/><\/p>\n<p>Lue my\u00f6s: <a href=\"https:\/\/www.episodi.fi\/uutiskirje\/?uutiskirjemainos=tekstilinkkimainos\" title=\"Tilaa Episodin uutiskirje ja voit voittaa leffalippuja! Nappaa tv-vinkit suoraan s\u00e4hk\u00f6postiin t\u00e4st\u00e4.\" class=\"underline-custom !font-montserrat !font-bold !underline-offset-4 !decoration-4 !decoration-episodi-blue !text-md\" rel=\"nofollow noopener\" target=\"_blank\">Tilaa Episodin uutiskirje ja voit voittaa leffalippuja! Nappaa katseluvinkit suoraan s\u00e4hk\u00f6postiin t\u00e4st\u00e4.<\/a><\/p>\n","protected":false},"excerpt":{"rendered":"Kotimaisen musiikkikent\u00e4n supert\u00e4hden Kaija Koon el\u00e4m\u00e4st\u00e4 kertova Kaunis rietas onnellinen -elokuva tulee ensi-iltaan 18. helmikuuta. Nyt elokuvaa esitell\u00e4\u00e4n&hellip;\n","protected":false},"author":2,"featured_media":103795,"comment_status":"","ping_status":"","sticky":false,"template":"","format":"standard","meta":{"footnotes":""},"categories":[131],"tags":[155,137,33,173,31,30,4736,9192,172,32,109],"class_list":{"0":"post-103794","1":"post","2":"type-post","3":"status-publish","4":"format-standard","5":"has-post-thumbnail","7":"category-elokuvat","8":"tag-elokuvat","9":"tag-entertainment","10":"tag-fi","11":"tag-film","12":"tag-finland","13":"tag-finnish","14":"tag-kaija-koo","15":"tag-kaunis-rietas-onnellinen","16":"tag-movies","17":"tag-suomi","18":"tag-viihde"},"share_on_mastodon":{"url":"https:\/\/pubeurope.com\/@fi\/115637716715820591","error":""},"_links":{"self":[{"href":"https:\/\/www.europesays.com\/fi\/wp-json\/wp\/v2\/posts\/103794","targetHints":{"allow":["GET"]}}],"collection":[{"href":"https:\/\/www.europesays.com\/fi\/wp-json\/wp\/v2\/posts"}],"about":[{"href":"https:\/\/www.europesays.com\/fi\/wp-json\/wp\/v2\/types\/post"}],"author":[{"embeddable":true,"href":"https:\/\/www.europesays.com\/fi\/wp-json\/wp\/v2\/users\/2"}],"replies":[{"embeddable":true,"href":"https:\/\/www.europesays.com\/fi\/wp-json\/wp\/v2\/comments?post=103794"}],"version-history":[{"count":0,"href":"https:\/\/www.europesays.com\/fi\/wp-json\/wp\/v2\/posts\/103794\/revisions"}],"wp:featuredmedia":[{"embeddable":true,"href":"https:\/\/www.europesays.com\/fi\/wp-json\/wp\/v2\/media\/103795"}],"wp:attachment":[{"href":"https:\/\/www.europesays.com\/fi\/wp-json\/wp\/v2\/media?parent=103794"}],"wp:term":[{"taxonomy":"category","embeddable":true,"href":"https:\/\/www.europesays.com\/fi\/wp-json\/wp\/v2\/categories?post=103794"},{"taxonomy":"post_tag","embeddable":true,"href":"https:\/\/www.europesays.com\/fi\/wp-json\/wp\/v2\/tags?post=103794"}],"curies":[{"name":"wp","href":"https:\/\/api.w.org\/{rel}","templated":true}]}}