{"id":103806,"date":"2025-11-30T08:39:09","date_gmt":"2025-11-30T08:39:09","guid":{"rendered":"https:\/\/www.europesays.com\/fi\/103806\/"},"modified":"2025-11-30T08:39:09","modified_gmt":"2025-11-30T08:39:09","slug":"toimiiko-active-club-alustana-radikalisoitumiselle-krp-kommentoi","status":"publish","type":"post","link":"https:\/\/www.europesays.com\/fi\/103806\/","title":{"rendered":"Toimiiko Active Club alustana radikalisoitumiselle? KRP kommentoi"},"content":{"rendered":"<p><strong class=\"typography-bold\">Ruotsissa Active Clubilla on yhteyksi\u00e4 muun muassa jalkapallon ultrakannattajiin.<\/strong><\/p>\n<p>Keskusrikospoliisin (KRP) mukaan \u00e4\u00e4rioikeistolaiset kamppailu-urheilukerhot tai j\u00e4rjest\u00e4ytynyt \u00e4\u00e4rioikeisto ryhmin\u00e4 ei aiheuta t\u00e4ll\u00e4 hetkell\u00e4 v\u00e4kivallan uhkaa Suomessa. Toimintaan saattaa kuitenkin liitty\u00e4 yksil\u00f6it\u00e4 tai pienryhmi\u00e4, jotka voivat radikalisoitua ja aiheuttaa v\u00e4kivaltaa ja muita uhkatilanteita.\u00a0<\/p>\n<p>Eri puolille Suomea levinneet nuorten miesten kamppailukerhot Active Clubit voivat KRP:n mukaan toimia alustana radikalisoitumiselle. KRP pyrkii ennalta est\u00e4v\u00e4ss\u00e4 ty\u00f6ss\u00e4 seuraamaan, miten ryhmien toiminta etenee.<\/p>\n<p>STT haastatteli t\u00e4h\u00e4n juttuun rikoskomisario <strong class=\"typography-bold\">Jyri Hiltusta<\/strong>, jonka johtaman toiminnon teht\u00e4v\u00e4nkuvaan kuuluu muun muassa poliisiyksik\u00f6iden ja muiden viranomaisten tukeminen motivoituneen vakavan kohdennetun v\u00e4kivallan paljastamisessa. Lis\u00e4ksi haastattelussa oli muita kyseisen valtakunnallisen riski- ja uhka-arviotoiminnon asiantuntijoita, jotka esiintyv\u00e4t ty\u00f6ns\u00e4 luonteen takia nimett\u00f6min\u00e4.<\/p>\n<p>KRP:n mukaan Active Clubin toimintaa havaittiin Suomessa jo vuonna 2022.<\/p>\n<p>\u2013\u2009Toiminnasta oli viitteit\u00e4, mutta ensimm\u00e4isen klubin osalta ilmoitus ja sosiaalisen median julkaisujen aloittaminen on ollut syksyll\u00e4 2023, mik\u00e4 voidaan n\u00e4hd\u00e4 sellaisena virallisena toiminnan alkamisena, ryhm\u00e4n asiantuntija sanoo.<\/p>\n<p>Syksyn 2023 j\u00e4lkeen paikallisia kerhoja on tullut lis\u00e4\u00e4 ja KRP:n mukaan verkoston toiminta on jatkuvasti lis\u00e4\u00e4ntynyt. Kerhoja on julkisten l\u00e4hteiden perusteella kahdeksan ja j\u00e4seni\u00e4 joitain kymmeni\u00e4.<\/p>\n<p>Ei vakavia rikoksia<\/p>\n<p>Ruotsalaisen \u00e4\u00e4rioikeistoa seuraavan  raportin mukaan l\u00e4hes puolet paikallisen Active Clubin j\u00e4senist\u00e4 on tuomittu rikoksista. Esimerkiksi marraskuussa nelj\u00e4 Aktivklubb Sverigeen liittyv\u00e4\u00e4 nuorta miest\u00e4  rasistisista pahoinpitelyist\u00e4 Tukholmassa.<\/p>\n","protected":false},"excerpt":{"rendered":"Ruotsissa Active Clubilla on yhteyksi\u00e4 muun muassa jalkapallon ultrakannattajiin. Keskusrikospoliisin (KRP) mukaan \u00e4\u00e4rioikeistolaiset kamppailu-urheilukerhot tai j\u00e4rjest\u00e4ytynyt \u00e4\u00e4rioikeisto ryhmin\u00e4&hellip;\n","protected":false},"author":2,"featured_media":103807,"comment_status":"","ping_status":"","sticky":false,"template":"","format":"standard","meta":{"footnotes":""},"categories":[5],"tags":[22,23,26,27,33,31,30,17,24,25,28,29,15,18,21,32,19,20,16],"class_list":{"0":"post-103806","1":"post","2":"type-post","3":"status-publish","4":"format-standard","5":"has-post-thumbnail","7":"category-otsikot","8":"tag-breaking-news","9":"tag-breakingnews","10":"tag-featured-news","11":"tag-featurednews","12":"tag-fi","13":"tag-finland","14":"tag-finnish","15":"tag-headlines","16":"tag-latest-news","17":"tag-latestnews","18":"tag-main-news","19":"tag-mainnews","20":"tag-news","21":"tag-otsikot","22":"tag-paauutiset","23":"tag-suomi","24":"tag-top-stories","25":"tag-topstories","26":"tag-uutiset"},"share_on_mastodon":{"url":"https:\/\/pubeurope.com\/@fi\/115637751831300588","error":""},"_links":{"self":[{"href":"https:\/\/www.europesays.com\/fi\/wp-json\/wp\/v2\/posts\/103806","targetHints":{"allow":["GET"]}}],"collection":[{"href":"https:\/\/www.europesays.com\/fi\/wp-json\/wp\/v2\/posts"}],"about":[{"href":"https:\/\/www.europesays.com\/fi\/wp-json\/wp\/v2\/types\/post"}],"author":[{"embeddable":true,"href":"https:\/\/www.europesays.com\/fi\/wp-json\/wp\/v2\/users\/2"}],"replies":[{"embeddable":true,"href":"https:\/\/www.europesays.com\/fi\/wp-json\/wp\/v2\/comments?post=103806"}],"version-history":[{"count":0,"href":"https:\/\/www.europesays.com\/fi\/wp-json\/wp\/v2\/posts\/103806\/revisions"}],"wp:featuredmedia":[{"embeddable":true,"href":"https:\/\/www.europesays.com\/fi\/wp-json\/wp\/v2\/media\/103807"}],"wp:attachment":[{"href":"https:\/\/www.europesays.com\/fi\/wp-json\/wp\/v2\/media?parent=103806"}],"wp:term":[{"taxonomy":"category","embeddable":true,"href":"https:\/\/www.europesays.com\/fi\/wp-json\/wp\/v2\/categories?post=103806"},{"taxonomy":"post_tag","embeddable":true,"href":"https:\/\/www.europesays.com\/fi\/wp-json\/wp\/v2\/tags?post=103806"}],"curies":[{"name":"wp","href":"https:\/\/api.w.org\/{rel}","templated":true}]}}