{"id":103812,"date":"2025-11-30T08:56:07","date_gmt":"2025-11-30T08:56:07","guid":{"rendered":"https:\/\/www.europesays.com\/fi\/103812\/"},"modified":"2025-11-30T08:56:07","modified_gmt":"2025-11-30T08:56:07","slug":"yolla-tvssa-vin-diesel-taysin-yllattavassa-roolissa-leffa-on-parempi-kuin-ehka-arvaisikaan","status":"publish","type":"post","link":"https:\/\/www.europesays.com\/fi\/103812\/","title":{"rendered":"Y\u00f6ll\u00e4 tv:ss\u00e4: Vin Diesel t\u00e4ysin yll\u00e4tt\u00e4v\u00e4ss\u00e4 roolissa \u2013 leffa on parempi kuin ehk\u00e4 arvaisikaan"},"content":{"rendered":"<p>Y\u00f6n tv-tarjonnassa on elokuva Boiler Room (2000).<\/p>\n<p>Kertomus sukeltaa talousel\u00e4m\u00e4n pimeisiin sy\u00f6vereihin nuoren ja kunnianhimoisen Seth Davisin silmin. H\u00e4n aloittaa uransa osakev\u00e4litystoimistossa, jossa nopea voitto houkuttelee, mutta pian paljastuvat yrityksen kyseenalaiset toimintatavat. Elokuva tutkii ahneutta, moraalisia ristiriitoja ja rahoitusmaailman salattuja puolia.<\/p>\n<p>Elokuvassa n\u00e4yttelee toimintasankarin rooleistaan tunnettu <strong>Vin Diesel<\/strong>. N\u00e4yttelij\u00f6in\u00e4 my\u00f6s <strong>Giovanni Ribisi, <\/strong><strong>Ben Affleck, Nia Long, Nicky Katt, Scott Caan<\/strong> sek\u00e4 <strong>Ron Rifkin<\/strong>. Ohjauksesta vastaa\u00a0<strong>Ben Younger <\/strong>(Bleed for This).<\/p>\n<p>Affleck suositteli <strong>Matt Damonia<\/strong> Seth Davisin (Ribisi) rooliin. Damon kuitenkin vet\u00e4ytyi pestist\u00e4 ja valitsi sen sijaan ensimm\u00e4isen Bourne-elokuvan Medusan verkko.<\/p>\n<p>Boiler Roomin kriitikkomittari Rotten Tomatoesissa on luvussa 66 ja yleis\u00f6mittari luvussa 78. Leffan budjetti oli vain 7 miljoonaa dollaria, ja se tienasi 28 miljoonaa dollaria. Alla traileri.<\/p>\n<p>Tulevat l\u00e4hetykset:<\/p>\n<ul class=\"wp-block-list\">\n<li>Ma 1.12.2025 klo 00.45 \u00b7 TV5<\/li>\n<li>To 4.12.2025 klo 23.40 \u00b7 TV5<\/li>\n<\/ul>\n<p>Lue my\u00f6s: <a href=\"https:\/\/www.episodi.fi\/uutiset\/kromipuskureita-ja-kipinoita-silmille-arvostelussa-fast-furious-9-3d-blu-ray\/\" title=\"Kromipuskureita ja kipin\u00f6it\u00e4 silmille \u2013 arvostelussa Fast &amp; Furious 9 3D Blu-ray\" class=\"underline-custom !font-montserrat !font-bold !underline-offset-4 !decoration-4 !decoration-episodi-blue !text-md\" rel=\"nofollow noopener\" target=\"_blank\">Kromipuskureita ja kipin\u00f6it\u00e4 silmille \u2013 arvostelussa Fast &amp; Furious 9 3D Blu-ray<\/a><\/p>\n<p>Lue my\u00f6s: <a href=\"https:\/\/www.episodi.fi\/uutiset\/vin-diesel-vihjaa-etta-paul-walker-saattaa-palata-viimeisessa-fast-furious-elokuvassa\/\" title=\"Vin Diesel vihjaa, ett\u00e4 Paul Walker saattaa palata viimeisess\u00e4 Fast &amp; Furious -elokuvassa\" class=\"underline-custom !font-montserrat !font-bold !underline-offset-4 !decoration-4 !decoration-episodi-blue !text-md\" rel=\"nofollow noopener\" target=\"_blank\">Vin Diesel vihjaa, ett\u00e4 Paul Walker saattaa palata viimeisess\u00e4 Fast &amp; Furious -elokuvassa<\/a><\/p>\n<p>Lue my\u00f6s: <a href=\"https:\/\/www.episodi.fi\/uutiset\/steven-spielbergin-ufo-leffasta-naytettiin-materiaalia-mystisessa-katseluhuoneessa-taman-harvat-ja-valitut-nakivat\/\" title=\"Steven Spielbergin UFO-leffasta n\u00e4ytettiin materiaalia mystisess\u00e4 katseluhuoneessa \u2013 T\u00e4m\u00e4n harvat ja valitut n\u00e4kiv\u00e4t\" class=\"underline-custom !font-montserrat !font-bold !underline-offset-4 !decoration-4 !decoration-episodi-blue !text-md\" rel=\"nofollow noopener\" target=\"_blank\">Steven Spielbergin UFO-leffasta n\u00e4ytettiin materiaalia mystisess\u00e4 katseluhuoneessa \u2013 T\u00e4m\u00e4n harvat ja valitut n\u00e4kiv\u00e4t<\/a><\/p>\n<p>Lue my\u00f6s: <a href=\"https:\/\/www.episodi.fi\/uutiset\/nyt-netflixissa-mahtipontinen-toimintaleffa-kerasi-12-miljardin-tulot\/\" title=\"Nyt Netflixiss\u00e4: Mahtipontinen toimintaleffa \u2013 ker\u00e4si 1,2 miljardin tulot!\" class=\"underline-custom !font-montserrat !font-bold !underline-offset-4 !decoration-4 !decoration-episodi-blue !text-md\" rel=\"nofollow noopener\" target=\"_blank\">Nyt Netflixiss\u00e4: Mahtipontinen toimintaleffa \u2013 ker\u00e4si 1,2 miljardin tulot!<\/a><\/p>\n<p><img loading=\"lazy\" decoding=\"async\" alt=\"YouTube video\" width=\"480\" height=\"360\" data-pin-nopin=\"true\" nopin=\"nopin\" class=\"perfmatters-lazy\" src=\"https:\/\/www.europesays.com\/fi\/wp-content\/uploads\/2025\/11\/1764492967_613_hqdefault.jpg\"\/> L\u00e4hde: L\u00e4hde: <a href=\"https:\/\/www.imdb.com\/title\/tt0181984\/trivia\/?ref_=tt_trv_trv\" target=\"_blank\" rel=\"noopener nofollow\">IMDb<\/a><\/p>\n<p>Lue my\u00f6s: <a href=\"https:\/\/www.episodi.fi\/uutiskirje\/?uutiskirjemainos=tekstilinkkimainos\" title=\"Tilaa Episodin uutiskirje ja voit voittaa leffalippuja! Nappaa tv-vinkit suoraan s\u00e4hk\u00f6postiin t\u00e4st\u00e4.\" class=\"underline-custom !font-montserrat !font-bold !underline-offset-4 !decoration-4 !decoration-episodi-blue !text-md\" rel=\"nofollow noopener\" target=\"_blank\">Tilaa Episodin uutiskirje ja voit voittaa leffalippuja! Nappaa katseluvinkit suoraan s\u00e4hk\u00f6postiin t\u00e4st\u00e4.<\/a><\/p>\n","protected":false},"excerpt":{"rendered":"Y\u00f6n tv-tarjonnassa on elokuva Boiler Room (2000). Kertomus sukeltaa talousel\u00e4m\u00e4n pimeisiin sy\u00f6vereihin nuoren ja kunnianhimoisen Seth Davisin silmin.&hellip;\n","protected":false},"author":2,"featured_media":103813,"comment_status":"","ping_status":"","sticky":false,"template":"","format":"standard","meta":{"footnotes":""},"categories":[131],"tags":[155,137,33,173,31,30,172,32,139,109],"class_list":{"0":"post-103812","1":"post","2":"type-post","3":"status-publish","4":"format-standard","5":"has-post-thumbnail","7":"category-elokuvat","8":"tag-elokuvat","9":"tag-entertainment","10":"tag-fi","11":"tag-film","12":"tag-finland","13":"tag-finnish","14":"tag-movies","15":"tag-suomi","16":"tag-tv-ohjelmat","17":"tag-viihde"},"share_on_mastodon":{"url":"https:\/\/pubeurope.com\/@fi\/115637818924367659","error":""},"_links":{"self":[{"href":"https:\/\/www.europesays.com\/fi\/wp-json\/wp\/v2\/posts\/103812","targetHints":{"allow":["GET"]}}],"collection":[{"href":"https:\/\/www.europesays.com\/fi\/wp-json\/wp\/v2\/posts"}],"about":[{"href":"https:\/\/www.europesays.com\/fi\/wp-json\/wp\/v2\/types\/post"}],"author":[{"embeddable":true,"href":"https:\/\/www.europesays.com\/fi\/wp-json\/wp\/v2\/users\/2"}],"replies":[{"embeddable":true,"href":"https:\/\/www.europesays.com\/fi\/wp-json\/wp\/v2\/comments?post=103812"}],"version-history":[{"count":0,"href":"https:\/\/www.europesays.com\/fi\/wp-json\/wp\/v2\/posts\/103812\/revisions"}],"wp:featuredmedia":[{"embeddable":true,"href":"https:\/\/www.europesays.com\/fi\/wp-json\/wp\/v2\/media\/103813"}],"wp:attachment":[{"href":"https:\/\/www.europesays.com\/fi\/wp-json\/wp\/v2\/media?parent=103812"}],"wp:term":[{"taxonomy":"category","embeddable":true,"href":"https:\/\/www.europesays.com\/fi\/wp-json\/wp\/v2\/categories?post=103812"},{"taxonomy":"post_tag","embeddable":true,"href":"https:\/\/www.europesays.com\/fi\/wp-json\/wp\/v2\/tags?post=103812"}],"curies":[{"name":"wp","href":"https:\/\/api.w.org\/{rel}","templated":true}]}}