{"id":103816,"date":"2025-11-30T08:59:12","date_gmt":"2025-11-30T08:59:12","guid":{"rendered":"https:\/\/www.europesays.com\/fi\/103816\/"},"modified":"2025-11-30T08:59:12","modified_gmt":"2025-11-30T08:59:12","slug":"marion-rung-teki-paljastuksen-uskonnollisuudestaan","status":"publish","type":"post","link":"https:\/\/www.europesays.com\/fi\/103816\/","title":{"rendered":"Marion Rung teki paljastuksen uskonnollisuudestaan"},"content":{"rendered":"<p>            Seiskan arkisto\n        <\/p>\n<p class=\"subtitle \">Vuoden 1995 lopussa Marion Rung t\u00e4ytti py\u00f6re\u00e4t 50 vuotta.<\/p>\n<p class=\"article-content article-content-width !bg-background\">Laulaja  oli 30 vuotta sitten jututettavana hyv\u00e4st\u00e4 syyst\u00e4, sill\u00e4 kotimaan kestot\u00e4hti oli juuri t\u00e4ytt\u00e4m\u00e4ss\u00e4 juhlavat 50 vuotta. Marionia kuvailtiin Seiskan artikkelissa viimeaikoina hoikistuneeksi ja sievistyneeksi.<\/p>\n<p class=\"font-weight-bold m-font-weight-bold article-content article-content-width !bg-background\">Arkistovideolla Marion puhuu sinkkuudestaan<\/p>\n<p class=\"article-content article-content-width !bg-background\">\u2013 Min\u00e4h\u00e4n voin paremmin kuin koskaan, Marion huudahti loppuvuodesta 1995.<\/p>\n<p class=\"article-content article-content-width !bg-background\">Marionin menestyst\u00e4 muisteltiin juhlan kunniaksi: laulajatar oli ollut 70-luvulla kova nimi my\u00f6s Saksassa ja kaiken kaikkiaan 1960- ja 70-luvut olivat olleet yht\u00e4 hullunmylly\u00e4. Tipitii-hitti teki Marionista t\u00e4hden vain 16-vuotiaana.<\/p>\n<p>        <a itemprop=\"url\" href=\"https:\/\/www.seiska.fi\/kotimaa\/oho-mita-tapahtui-marion-rungin-huulille\/1947828\" rel=\"nofollow noopener\" target=\"_blank\"><\/p>\n<p>\nOho!\n<\/p>\n<p class=\"section-date\">\n        <strong class=\"article-section\" data-section=\"kotimaa\"><br \/>\n            kotimaa<br \/>\n        <\/strong><br \/>\n        1.10. 14:59\n    <\/p>\n<p>Oho! Mit\u00e4 tapahtui Marion Rungin huulille?\n    <\/p>\n<p itemprop=\"description\" class=\"subtitle \">\n    My\u00f6s Eino &#8221;Eikka&#8221; Gr\u00f6n p\u00e4\u00e4si palkintosijoille.\n<\/p>\n<p>        <\/a><\/p>\n<p>                <img decoding=\"async\" src=\"https:\/\/www.europesays.com\/fi\/wp-content\/uploads\/2025\/11\/1991544.webp\" width=\"576\" height=\"322\" alt=\"Marion nautti 1995 yksinhuoltajan arjestaan.\" loading=\"lazy\" \/>            <\/p>\n<p>\n            Marion nautti 1995 yksinhuoltajan arjestaan.<br \/>\n            Seiskan arkisto\n        <\/p>\n<p>Erot surettivat<\/p>\n<p class=\"article-content article-content-width !bg-background\">Vuonna 1995 Marionilla oli takanaan kaksi p\u00e4\u00e4ttynytt\u00e4 avioliittoa. Tuolloin laulaja asui yhdess\u00e4 13-vuotiaan tytt\u00e4rens\u00e4 kanssa.<\/p>\n<p class=\"article-content article-content-width !bg-background\">\u2013 Ep\u00e4onnistumiseni ihmissuhteissa ovat varmaankin olleet el\u00e4m\u00e4ni suurin koetinkivi, Marion mietti syntt\u00e4rihaastattelussaan.<\/p>\n<p class=\"article-content article-content-width !bg-background\">Laulaja my\u00f6nsi, ett\u00e4 nuorena h\u00e4nell\u00e4 oli haaveissa ne klassiset punaiset tuvat ja perunamaat sek\u00e4 parvellinen lapsia.<\/p>\n<p>                <img decoding=\"async\" src=\"https:\/\/www.europesays.com\/fi\/wp-content\/uploads\/2025\/11\/1991538.webp\" width=\"576\" height=\"720\" alt=\"Marion on tuttu vieras Linnan juhlissa. Kutsu tuli muun muassa 1995 ja kuvan vuonna 2001.\" loading=\"lazy\" \/>            <\/p>\n<p>\n            Marion on tuttu vieras Linnan juhlissa. Kutsu tuli muun muassa 1995 ja kuvan vuonna 2001.<br \/>\n            Seiskan arkisto\n        <\/p>\n<p class=\"article-content article-content-width !bg-background\">\u2013 Mutta eih\u00e4n el\u00e4m\u00e4ss\u00e4 voi kaikkea saada! Erot ovat olleet kovia, mutta kasvattavia kokemuksia. Minun on t\u00e4ytynyt kasata itseni ja yritt\u00e4\u00e4 uudelleen eteenp\u00e4in, Marion kuvaili tuntojaan.<\/p>\n<p>                <img loading=\"lazy\" decoding=\"async\" src=\"https:\/\/www.europesays.com\/fi\/wp-content\/uploads\/2025\/11\/1991548.webp\" width=\"576\" height=\"322\" alt=\"Vuoden 2000 Leidit lavalla -menestys merkitsi my\u00f6s Marionille uutta piristysruisketta uralle.\" \/>            <\/p>\n<p>\n            Vuoden 2000 Leidit lavalla -menestys merkitsi my\u00f6s Marionille uutta piristysruisketta uralle.<br \/>\n            Seiskan arkisto\n        <\/p>\n<p>        <a itemprop=\"url\" href=\"https:\/\/www.seiska.fi\/kotimaa\/marion-rungin-tytar-tayttaa-vuosia-talta-han-nayttaa\/1895667\" rel=\"nofollow noopener\" target=\"_blank\"><\/p>\n<p>\nTyt\u00e4r t\u00e4ytt\u00e4\u00e4 vuosia\n<\/p>\n<p class=\"section-date\">\n        <strong class=\"article-section\" data-section=\"kotimaa\"><br \/>\n            kotimaa<br \/>\n        <\/strong><br \/>\n        11.8. 12:05\n    <\/p>\n<p>Marion Rungin tyt\u00e4r t\u00e4ytt\u00e4\u00e4 vuosia \u2013 t\u00e4lt\u00e4 h\u00e4n n\u00e4ytt\u00e4\u00e4!\n    <\/p>\n<p itemprop=\"description\" class=\"subtitle \">\n    Marion julkaisi onnittelukuvan Instagramissaan\n<\/p>\n<p>        <\/a><\/p>\n<p>Viel\u00e4 kolmas liitto<\/p>\n<p class=\"article-content article-content-width !bg-background\">Tuolloin Marionilta kysyttiin my\u00f6s kolmannen avioliiton mahdollisuudesta.<\/p>\n<p class=\"article-content article-content-width !bg-background\">\u2013 Se tulee, mik\u00e4 on tullakseen, Marion arvioi tuolloin.<\/p>\n<p>                <img decoding=\"async\" src=\"https:\/\/www.europesays.com\/fi\/wp-content\/uploads\/2025\/11\/1991546.webp\" width=\"576\" height=\"312\" alt=\"2002 Leikin varjolla -ohjelmassa seurana olivat muun muassa Jorma Uotinen ja Aira Samulin.\" loading=\"lazy\" \/>            <\/p>\n<p>\n            2002 Leikin varjolla -ohjelmassa seurana olivat muun muassa Jorma Uotinen ja Aira Samulin.<br \/>\n            Harri Hinkka\n        <\/p>\n<p class=\"article-content article-content-width !bg-background\">Valitettavasti my\u00f6s kolmas, vuonna 2011 solmittu avioliitto  kanssa p\u00e4\u00e4ttyi 2022. Tuolloin Munck julkisti pian suhteensa Miss Iso\u00e4idin kanssa. Munck avioitui seuraavana vuonna ja erosi 2024.<\/p>\n<p>                <img decoding=\"async\" src=\"https:\/\/www.europesays.com\/fi\/wp-content\/uploads\/2025\/11\/1991550.webp\" width=\"576\" height=\"322\" alt=\"2014 Marionin ja Kallen suhde oli viel\u00e4 voimissaan.\" loading=\"lazy\" \/>            <\/p>\n<p>\n            2014 Marionin ja Kallen suhde oli viel\u00e4 voimissaan.<br \/>\n            Seiskan arkisto\n        <\/p>\n<p>Leikkaus s\u00e4ik\u00e4ytti<\/p>\n<p class=\"article-content article-content-width !bg-background\">Marion valitteli haastattelussa olevansa melko huono yll\u00e4pit\u00e4m\u00e4\u00e4n juutalaisia perinteit\u00e4, toisin kun \u00e4itins\u00e4.\u00a0<\/p>\n<p class=\"article-content article-content-width !bg-background\">\u2013 Minulla on oma pieni yhteyteni yl\u00e4kertaan, Marion kuvaili.\u00a0<\/p>\n<p class=\"article-content article-content-width !bg-background\">Samalla k\u00e4vi my\u00f6s ilmi, ett\u00e4 artisti uskoi uudelleensyntymiseen.<\/p>\n<p class=\"article-content article-content-width !bg-background\">\u2013 Mist\u00e4 sen tiet\u00e4\u00e4, vaikka syntyisin koiraksi, Marion lausui.<\/p>\n<p>                <img decoding=\"async\" src=\"https:\/\/www.europesays.com\/fi\/wp-content\/uploads\/2025\/11\/1991552.webp\" width=\"576\" height=\"322\" alt=\"2010 Marion viihdytti Seiskan bileristeilyll\u00e4.\" loading=\"lazy\" \/>            <\/p>\n<p>\n            2010 Marion viihdytti Seiskan bileristeilyll\u00e4.<br \/>\n            Seiskan arkisto\n        <\/p>\n<p class=\"article-content article-content-width !bg-background\">Parhaillaan 80-vuotis juhlavuoden merkeiss\u00e4 on j\u00e4lleen juhlan aika ja Marion kutsuttiin muun muassa Vain el\u00e4m\u00e4\u00e4 -sarjan kunniavieraaksi. El\u00e4m\u00e4 on j\u00e4lleen mallillaan, vaikka kev\u00e4\u00e4n sairaalareissu s\u00e4ik\u00e4ytti fanit.<\/p>\n<p>        <a itemprop=\"url\" href=\"https:\/\/www.seiska.fi\/kotimaa\/nyt-on-kova-marion-rung-juhli-yllattavassa-seurassa\/1861352\" rel=\"nofollow noopener\" target=\"_blank\"><\/p>\n<p>\nNyt on kova!\n<\/p>\n<p class=\"section-date\">\n        <strong class=\"article-section\" data-section=\"kotimaa\"><br \/>\n            kotimaa<br \/>\n        <\/strong><br \/>\n        13.7. 19:00\n    <\/p>\n<p>Nyt on kova! Marion Rung juhli yll\u00e4tt\u00e4v\u00e4ss\u00e4 seurassa\n    <\/p>\n<p itemprop=\"description\" class=\"subtitle \">\n    Laulaja Marion julkaisi fanikuvan juhlista.\n<\/p>\n<p>        <\/a><\/p>\n<p class=\"article-content article-content-width !bg-background\"> \u2013\u00a0En yleens\u00e4 jaa t\u00e4ll\u00e4isi\u00e4 &#8221;terveysjuttuja&#8221; mutta nyt haluan, Marion viestitti seuraajilleen Instagramissa sairaalareissultaan. Operaation laatu ei k\u00e4ynyt selv\u00e4ksi, mutta mik\u00e4 tarkeint\u00e4, kaikki meni hyvin.<\/p>\n","protected":false},"excerpt":{"rendered":"Seiskan arkisto Vuoden 1995 lopussa Marion Rung t\u00e4ytti py\u00f6re\u00e4t 50 vuotta. Laulaja oli 30 vuotta sitten jututettavana hyv\u00e4st\u00e4&hellip;\n","protected":false},"author":2,"featured_media":103817,"comment_status":"","ping_status":"","sticky":false,"template":"","format":"standard","meta":{"footnotes":""},"categories":[130],"tags":[137,33,31,30,1034,8703,32,109],"class_list":{"0":"post-103816","1":"post","2":"type-post","3":"status-publish","4":"format-standard","5":"has-post-thumbnail","7":"category-viihde","8":"tag-entertainment","9":"tag-fi","10":"tag-finland","11":"tag-finnish","12":"tag-marion-rung","13":"tag-seiska-30-vuotta-sitten","14":"tag-suomi","15":"tag-viihde"},"share_on_mastodon":{"url":"https:\/\/pubeurope.com\/@fi\/115637831031424757","error":""},"_links":{"self":[{"href":"https:\/\/www.europesays.com\/fi\/wp-json\/wp\/v2\/posts\/103816","targetHints":{"allow":["GET"]}}],"collection":[{"href":"https:\/\/www.europesays.com\/fi\/wp-json\/wp\/v2\/posts"}],"about":[{"href":"https:\/\/www.europesays.com\/fi\/wp-json\/wp\/v2\/types\/post"}],"author":[{"embeddable":true,"href":"https:\/\/www.europesays.com\/fi\/wp-json\/wp\/v2\/users\/2"}],"replies":[{"embeddable":true,"href":"https:\/\/www.europesays.com\/fi\/wp-json\/wp\/v2\/comments?post=103816"}],"version-history":[{"count":0,"href":"https:\/\/www.europesays.com\/fi\/wp-json\/wp\/v2\/posts\/103816\/revisions"}],"wp:featuredmedia":[{"embeddable":true,"href":"https:\/\/www.europesays.com\/fi\/wp-json\/wp\/v2\/media\/103817"}],"wp:attachment":[{"href":"https:\/\/www.europesays.com\/fi\/wp-json\/wp\/v2\/media?parent=103816"}],"wp:term":[{"taxonomy":"category","embeddable":true,"href":"https:\/\/www.europesays.com\/fi\/wp-json\/wp\/v2\/categories?post=103816"},{"taxonomy":"post_tag","embeddable":true,"href":"https:\/\/www.europesays.com\/fi\/wp-json\/wp\/v2\/tags?post=103816"}],"curies":[{"name":"wp","href":"https:\/\/api.w.org\/{rel}","templated":true}]}}